{"id":8488,"date":"2025-04-08T09:49:12","date_gmt":"2025-04-08T09:49:12","guid":{"rendered":"https:\/\/www.liceulprometeuprotalent.md\/?p=8488"},"modified":"2025-04-08T09:49:12","modified_gmt":"2025-04-08T09:49:12","slug":"omuletii-au-suplinit-bucuria-sfintelor-sarbatori-pascale","status":"publish","type":"post","link":"https:\/\/www.liceulprometeuprotalent.md\/?p=8488","title":{"rendered":"\u201eOmule\u021bii\u201d au suplinit bucuria Sfintelor S\u0103rb\u0103tori Pascale"},"content":{"rendered":"<p>Elevii Liceului de Creativitate \u0219i Inventic\u0103 \u201ePrometeu-Protalent\u201d, care frecventeaz\u0103 cursurile de matematic\u0103 ale Asocia\u021biei ICAR, au ob\u021binut rezultate frumoase la edi\u021bia a XXXI-a a concursului \u201eTurnamentele de Pa\u0219ti\u201d. Competi\u021bia, la care particip\u0103 iubitorii de matematic\u0103 de la institu\u021biile de \u00eenv\u0103\u021b\u0103m\u00e2nt din Chi\u0219in\u0103u \u0219i din suburbiile lui, a avut loc pe data de 5 aprilie 2025.<\/p>\n<p>\u201eOmule\u021bii\u201d, precum sunt numi\u021bi elevii care frecventeaz\u0103 aceste cursuri de c\u0103tre profesorii care le predau, au suplinit, prin intermediul rezultatelor lor, bucuria pe care o tr\u0103im \u00een preajma \u0219i \u00een timpul Sfintelor S\u0103rb\u0103tori Pascale.<\/p>\n<p>Felicit\u0103ri, dragi \u201eomule\u021bi\u201d!<\/p>\n<p>Felicit\u0103ri, stima\u021bi profesori!<\/p>\n<p>Felicit\u0103ri, dragi p\u0103rin\u021bi!<\/p>\n<p>\u00cempreun\u0103 \u2013 elevi\/profesori\/p\u0103rin\u021bi &#8211; putem izb\u00e2ndi \u0219i crea bucurii ce ne \u00eemplinesc.<\/p>\n<p>Iat\u0103 rezultatele \u201eomule\u021bilor\u201d no\u0219tri:<\/p>\n<p><strong>Clasa I<\/strong><\/p>\n<p><strong>Locul II<\/strong><\/p>\n<p>Sofia Molev, LCI \u201ePrometeu-Protalent\u201d.<\/p>\n<p><strong>Locul III<\/strong><\/p>\n<p>Darius Darii, LCI \u201ePrometeu-Protalent\u201d.<\/p>\n<p><strong>\u00a0<\/strong><\/p>\n<p><strong>Clasa a II-a<\/strong><\/p>\n<p><strong>Locul II<\/strong><\/p>\n<p>Magdalena Untila, LCI ,,Prometeu-Protalent\u201d,<\/p>\n<p>Ilinca Donciu, LCI ,,Prometeu-Protalent\u201d,<\/p>\n<p>Vlad Filip, LCI ,,Prometeu-Protalent\u201d,<\/p>\n<p>Aaron Ochinc\u0103, LCI ,,Prometeu-Protalent\u201d,<\/p>\n<p>Ilinca Manea, LCI ,,Prometeu-Protalent\u201d.<\/p>\n<p><strong>Locul III<\/strong><\/p>\n<p>Bianca Antoneanu, LCI ,,Prometeu-Protalent\u201d.<\/p>\n<p><strong>Men\u021biune<\/strong><\/p>\n<p>Sebastian Trifan, LCI ,,Prometeu-Protalent\u201d,<\/p>\n<p>Victor Prodan, LCI ,,Prometeu-Protalent\u201d,<\/p>\n<p>Alexandru Stratan, LCI ,,Prometeu-Protalent\u201d,<\/p>\n<p>Maxim Pastuh, LCI ,,Prometeu-Protalent\u201d,<\/p>\n<p>Melissa Cazacu, LCI ,,Prometeu-Protalent\u201d.<\/p>\n<p>&nbsp;<\/p>\n<p><strong>Clasa a III-a<\/strong><\/p>\n<p><strong>Locul I<\/strong><\/p>\n<p>R\u0103zvan Suhan, LCI \u201ePrometeu-Protalent\u201d,<\/p>\n<p>Mihai R\u0103u, LCI \u201ePrometeu-Protalent\u201d,<\/p>\n<p>Eva Movila, LCI \u201ePrometeu-Protalent\u201d,<\/p>\n<p>David Guri\u021banu, LCI \u201ePrometeu-Protalent\u201d,<\/p>\n<p>Matei Spian, LCI \u201ePrometeu-Protalent\u201d,<\/p>\n<p>Cristian Negura, LCI \u201ePrometeu-Protalent\u201d.<\/p>\n<p><strong>Locul II<\/strong><\/p>\n<p>Leonardo Ababii, \u00a0LCI \u201ePrometeu-Protalent\u201d,<\/p>\n<p>Maria-Elena Rusu, LCI \u201ePrometeu-Protalent\u201d,<\/p>\n<p>Mark Stratan, LCI \u201ePrometeu-Protalent\u201d,<\/p>\n<p>Matei Chiosa, LCI \u201ePrometeu-Protalent\u201d.<\/p>\n<p><strong>Locul III<\/strong><\/p>\n<p>Mia Lapteacru, LCI \u201ePrometeu-Protalent\u201d,<\/p>\n<p>Ornella Stratulat, LCI \u201ePrometeu-Protalent\u201d,<\/p>\n<p>Mateea Cojocari, LCI \u201ePrometeu-Protalent\u201d,<\/p>\n<p>Sofia Grib, LCI \u201ePrometeu-Protalent\u201d,<\/p>\n<p>David Stoian, LCI \u201ePrometeu-Protalent\u201d.<\/p>\n<p><strong>Men\u021biune<\/strong><\/p>\n<p>Arina Medvi\u021bchi, LCI \u201ePrometeu-Protalent\u201d.<\/p>\n<p>&nbsp;<\/p>\n<p><strong>Clasa a IV-a<\/strong><\/p>\n<p><strong>Locul I<\/strong><\/p>\n<p>Matei Bostan, LCI ,,Prometeu-Protalent\u201d,<\/p>\n<p>Dorin Munteanu, LCI ,,Prometeu-Protalent\u201d,<\/p>\n<p>R\u0103zvan Munteanu, LCI ,,Prometeu-Protalent\u201d,<\/p>\n<p>Margarita Nichiforova, LCI ,,Prometeu-Protalent\u201d.<\/p>\n<p><strong>Locul II<\/strong><\/p>\n<p>Sebastian Cernea, LCI ,,Prometeu-Protalent\u201d,<\/p>\n<p>Daniel Anton, LCI ,,Prometeu-Protalent\u201d.<\/p>\n<p><strong>Locul III<\/strong><\/p>\n<p>Ilinca \u021aurcanu, LCI ,,Prometeu-Protalent\u201d.<\/p>\n<p><strong>Men\u021biune<\/strong><\/p>\n<p>Vlad Tanasiev, LCI ,,Prometeu-Protalent\u201d,<\/p>\n<p>Gabriel Ciobanu, LCI ,,Prometeu-Protalent\u201d,<\/p>\n<p>Ion Pavliuc, LCI ,,Prometeu-Protalent\u201d,<\/p>\n<p>Cr\u0103i\u021ba Munteanu, LCI ,,Prometeu-Protalent\u201d,<\/p>\n<p>Adam Sannouffi, LCI ,,Prometeu-Protalent\u201d.<\/p>\n<p><strong>\u00a0<\/strong><\/p>\n<p><strong>Clasa a V-a<\/strong><\/p>\n<p><strong>Men\u021biune <\/strong><\/p>\n<p>Amanda \u0218i\u0219anu, LCI ,,Prometeu-Protalent\u201d.<\/p>\n<p><strong>\u00a0<\/strong><\/p>\n<p><strong>Clasa a VI-a<\/strong><\/p>\n<p><strong>Locul I <\/strong><\/p>\n<p>\u0218tefan Vizir, LCI ,,Prometeu-Protalent\u201d.<\/p>\n<p><strong>Locul III<\/strong><\/p>\n<p>Anda \u021a\u00eecu, LCI ,,Prometeu-Protalent\u201d,<\/p>\n<p>Bianca Medvi\u021bchi, LCI ,,Prometeu-Protalent\u201d,<\/p>\n<p>Lauren\u021biu Bujor, LCI ,,Prometeu-Protalent\u201d,<\/p>\n<p>Marius G\u0103in\u0103, LCI ,,Prometeu-Protalent\u201d.<\/p>\n<p><strong>Men\u021biune <\/strong><\/p>\n<p>Daria Glava\u021bchi, LCI ,,Prometeu-Protalent\u201d.<\/p>\n<p><strong>\u00a0<\/strong><\/p>\n<p><strong>Clasa a VII-a<\/strong><\/p>\n<p><strong>Locul II<\/strong><\/p>\n<p>Flavius Axenti, LCI ,,Prometeu-Protalent\u201d.<\/p>\n<p><strong>Men\u021biune<\/strong><\/p>\n<p>Drago\u0219 Pribega, LCI ,,Prometeu-Protalent\u201d.<\/p>\n<p>&nbsp;<\/p>\n","protected":false},"excerpt":{"rendered":"<p>Elevii Liceului de Creativitate \u0219i Inventic\u0103 \u201ePrometeu-Protalent\u201d, care frecventeaz\u0103 cursurile de matematic\u0103 ale Asocia\u021biei ICAR, au ob\u021binut rezultate frumoase la edi\u021bia a XXXI-a a concursului \u201eTurnamentele de Pa\u0219ti\u201d. Competi\u021bia, la care particip\u0103 iubitorii de matematic\u0103 de la institu\u021biile de \u00eenv\u0103\u021b\u0103m\u00e2nt din Chi\u0219in\u0103u \u0219i din suburbiile lui, a avut loc pe data de 5 aprilie 2025. [&hellip;]<\/p>\n","protected":false},"author":1,"featured_media":0,"comment_status":"open","ping_status":"open","sticky":false,"template":"","format":"standard","meta":{"_price":"","_stock":"","_tribe_ticket_header":"","_tribe_default_ticket_provider":"","_tribe_ticket_capacity":"0","_ticket_start_date":"","_ticket_end_date":"","_tribe_ticket_show_description":"","_tribe_ticket_show_not_going":false,"_tribe_ticket_use_global_stock":"","_tribe_ticket_global_stock_level":"","_global_stock_mode":"","_global_stock_cap":"","_tribe_rsvp_for_event":"","_tribe_ticket_going_count":"","_tribe_ticket_not_going_count":"","_tribe_tickets_list":"[]","_tribe_ticket_has_attendee_info_fields":false,"footnotes":""},"categories":[89,80,1],"tags":[],"class_list":["post-8488","post","type-post","status-publish","format-standard","hentry","category-blog","category-toate-categoriile","category-uncategorized"],"_links":{"self":[{"href":"https:\/\/www.liceulprometeuprotalent.md\/index.php?rest_route=\/wp\/v2\/posts\/8488","targetHints":{"allow":["GET"]}}],"collection":[{"href":"https:\/\/www.liceulprometeuprotalent.md\/index.php?rest_route=\/wp\/v2\/posts"}],"about":[{"href":"https:\/\/www.liceulprometeuprotalent.md\/index.php?rest_route=\/wp\/v2\/types\/post"}],"author":[{"embeddable":true,"href":"https:\/\/www.liceulprometeuprotalent.md\/index.php?rest_route=\/wp\/v2\/users\/1"}],"replies":[{"embeddable":true,"href":"https:\/\/www.liceulprometeuprotalent.md\/index.php?rest_route=%2Fwp%2Fv2%2Fcomments&post=8488"}],"version-history":[{"count":1,"href":"https:\/\/www.liceulprometeuprotalent.md\/index.php?rest_route=\/wp\/v2\/posts\/8488\/revisions"}],"predecessor-version":[{"id":8489,"href":"https:\/\/www.liceulprometeuprotalent.md\/index.php?rest_route=\/wp\/v2\/posts\/8488\/revisions\/8489"}],"wp:attachment":[{"href":"https:\/\/www.liceulprometeuprotalent.md\/index.php?rest_route=%2Fwp%2Fv2%2Fmedia&parent=8488"}],"wp:term":[{"taxonomy":"category","embeddable":true,"href":"https:\/\/www.liceulprometeuprotalent.md\/index.php?rest_route=%2Fwp%2Fv2%2Fcategories&post=8488"},{"taxonomy":"post_tag","embeddable":true,"href":"https:\/\/www.liceulprometeuprotalent.md\/index.php?rest_route=%2Fwp%2Fv2%2Ftags&post=8488"}],"curies":[{"name":"wp","href":"https:\/\/api.w.org\/{rel}","templated":true}]}}