{"id":8490,"date":"2025-04-08T09:51:45","date_gmt":"2025-04-08T09:51:45","guid":{"rendered":"https:\/\/www.liceulprometeuprotalent.md\/?p=8490"},"modified":"2025-04-08T09:51:45","modified_gmt":"2025-04-08T09:51:45","slug":"ambasadoare-ale-culturii-si-limbii-franceze","status":"publish","type":"post","link":"https:\/\/www.liceulprometeuprotalent.md\/?p=8490","title":{"rendered":"Ambasadoare ale culturii \u0219i limbii franceze"},"content":{"rendered":"<p>La Olimpiada Republican\u0103 la Limbi Str\u0103ine\/Limba Francez\u0103, edi\u021bia 2025, elevele Liceului de Creativitate \u0219i Inventic\u0103 \u201ePrometeu-Protalent\u201d &#8211; <strong>Raluca Cristiana Cazacu <\/strong>\u0219i<strong> Alexandra Barb\u0103scump\u0103 din clasa a IX-a <\/strong>\u2013 au fost apreciate cu <strong>Diplom\u0103 de gradul II<\/strong> \u0219i, respectiv, <strong>Diplom\u0103 de Men\u021biune<\/strong>, fiind numite de organizatori ambasadoare ale culturii \u0219i limbii franceze. Proba scris\u0103 \u00een cadrul Olimpiadei a avut loc la 5 aprilie, iar festivitatea de premiere &#8211;\u00a0 duminic\u0103, 6 aprilie 2025.<\/p>\n<p>Fetele au concurat cu 175 de elevi din republic\u0103, care, parcurg\u00e2nd toate etapele, au ajuns la etapa republican\u0103 a concursului. Elevelor noastre le-a fost mereu al\u0103turi \u2013 cu sfatul, cu sus\u021binerea, cu \u00eencurajarea \u2013 <strong>doamna Zinaida V\u00eerlan, profesoar\u0103 de limba francez\u0103, grad didactic superior, director adjunct pentru instruire,<\/strong> discipolii c\u0103reia ne bucur\u0103 an de an cu premii prestigioase la astfel de competi\u021bii.<\/p>\n<p>Felicit\u0103ri, drag\u0103 Raluca Cristiana \u0219i drag\u0103 Alexandra! Sunte\u021bi minunate! V\u0103 dorim succese \u00een continuare!<\/p>\n<p>Felicit\u0103ri, distins\u0103 doamn\u0103 Zinaida V\u00eerlan! V\u0103 mul\u021bumim c\u0103 \u00eempreun\u0103 cu discipolii Dvs. ad\u0103uga\u021bi prestigiului \u0219i bunului nume al Liceului nostru!<\/p>\n<p>Men\u021bion\u0103m c\u0103 Olimpiada Republican\u0103 la limba francez\u0103 este organizat\u0103 anual de Agen\u021bia Na\u021bional\u0103 pentru Curriculum \u0219i Evaluare din cadrul Ministerului Educa\u021biei \u0219i Cercet\u0103rii al Republicii Moldova.<\/p>\n<p><img decoding=\"async\" class=\"alignnone size-full wp-image-8491\" src=\"https:\/\/www.liceulprometeuprotalent.md\/wp-content\/uploads\/2025\/04\/viber_image_2025-04-06_19-44-33-311.jpg\" alt=\"\" width=\"1200\" height=\"800\" srcset=\"https:\/\/www.liceulprometeuprotalent.md\/wp-content\/uploads\/2025\/04\/viber_image_2025-04-06_19-44-33-311-200x133.jpg 200w, https:\/\/www.liceulprometeuprotalent.md\/wp-content\/uploads\/2025\/04\/viber_image_2025-04-06_19-44-33-311-300x200.jpg 300w, https:\/\/www.liceulprometeuprotalent.md\/wp-content\/uploads\/2025\/04\/viber_image_2025-04-06_19-44-33-311-400x267.jpg 400w, https:\/\/www.liceulprometeuprotalent.md\/wp-content\/uploads\/2025\/04\/viber_image_2025-04-06_19-44-33-311-600x400.jpg 600w, https:\/\/www.liceulprometeuprotalent.md\/wp-content\/uploads\/2025\/04\/viber_image_2025-04-06_19-44-33-311-768x512.jpg 768w, https:\/\/www.liceulprometeuprotalent.md\/wp-content\/uploads\/2025\/04\/viber_image_2025-04-06_19-44-33-311-800x533.jpg 800w, https:\/\/www.liceulprometeuprotalent.md\/wp-content\/uploads\/2025\/04\/viber_image_2025-04-06_19-44-33-311-1024x683.jpg 1024w, https:\/\/www.liceulprometeuprotalent.md\/wp-content\/uploads\/2025\/04\/viber_image_2025-04-06_19-44-33-311.jpg 1200w\" sizes=\"(max-width: 1200px) 100vw, 1200px\" \/> <img decoding=\"async\" class=\"alignnone size-full wp-image-8492\" src=\"https:\/\/www.liceulprometeuprotalent.md\/wp-content\/uploads\/2025\/04\/viber_image_2025-04-06_19-44-07-637.jpg\" alt=\"\" width=\"1200\" height=\"1600\" srcset=\"https:\/\/www.liceulprometeuprotalent.md\/wp-content\/uploads\/2025\/04\/viber_image_2025-04-06_19-44-07-637-200x267.jpg 200w, https:\/\/www.liceulprometeuprotalent.md\/wp-content\/uploads\/2025\/04\/viber_image_2025-04-06_19-44-07-637-225x300.jpg 225w, https:\/\/www.liceulprometeuprotalent.md\/wp-content\/uploads\/2025\/04\/viber_image_2025-04-06_19-44-07-637-400x533.jpg 400w, https:\/\/www.liceulprometeuprotalent.md\/wp-content\/uploads\/2025\/04\/viber_image_2025-04-06_19-44-07-637-600x800.jpg 600w, https:\/\/www.liceulprometeuprotalent.md\/wp-content\/uploads\/2025\/04\/viber_image_2025-04-06_19-44-07-637-768x1024.jpg 768w, https:\/\/www.liceulprometeuprotalent.md\/wp-content\/uploads\/2025\/04\/viber_image_2025-04-06_19-44-07-637-800x1067.jpg 800w, https:\/\/www.liceulprometeuprotalent.md\/wp-content\/uploads\/2025\/04\/viber_image_2025-04-06_19-44-07-637-1152x1536.jpg 1152w, https:\/\/www.liceulprometeuprotalent.md\/wp-content\/uploads\/2025\/04\/viber_image_2025-04-06_19-44-07-637.jpg 1200w\" sizes=\"(max-width: 1200px) 100vw, 1200px\" \/> <img decoding=\"async\" class=\"alignnone size-full wp-image-8493\" src=\"https:\/\/www.liceulprometeuprotalent.md\/wp-content\/uploads\/2025\/04\/viber_image_2025-04-06_19-42-59-776.jpg\" alt=\"\" width=\"1600\" height=\"1200\" srcset=\"https:\/\/www.liceulprometeuprotalent.md\/wp-content\/uploads\/2025\/04\/viber_image_2025-04-06_19-42-59-776-200x150.jpg 200w, https:\/\/www.liceulprometeuprotalent.md\/wp-content\/uploads\/2025\/04\/viber_image_2025-04-06_19-42-59-776-300x225.jpg 300w, https:\/\/www.liceulprometeuprotalent.md\/wp-content\/uploads\/2025\/04\/viber_image_2025-04-06_19-42-59-776-400x300.jpg 400w, https:\/\/www.liceulprometeuprotalent.md\/wp-content\/uploads\/2025\/04\/viber_image_2025-04-06_19-42-59-776-600x450.jpg 600w, https:\/\/www.liceulprometeuprotalent.md\/wp-content\/uploads\/2025\/04\/viber_image_2025-04-06_19-42-59-776-768x576.jpg 768w, https:\/\/www.liceulprometeuprotalent.md\/wp-content\/uploads\/2025\/04\/viber_image_2025-04-06_19-42-59-776-800x600.jpg 800w, https:\/\/www.liceulprometeuprotalent.md\/wp-content\/uploads\/2025\/04\/viber_image_2025-04-06_19-42-59-776-1024x768.jpg 1024w, https:\/\/www.liceulprometeuprotalent.md\/wp-content\/uploads\/2025\/04\/viber_image_2025-04-06_19-42-59-776-1200x900.jpg 1200w, https:\/\/www.liceulprometeuprotalent.md\/wp-content\/uploads\/2025\/04\/viber_image_2025-04-06_19-42-59-776-1536x1152.jpg 1536w, https:\/\/www.liceulprometeuprotalent.md\/wp-content\/uploads\/2025\/04\/viber_image_2025-04-06_19-42-59-776.jpg 1600w\" sizes=\"(max-width: 1600px) 100vw, 1600px\" \/> <img decoding=\"async\" class=\"alignnone size-full wp-image-8494\" src=\"https:\/\/www.liceulprometeuprotalent.md\/wp-content\/uploads\/2025\/04\/viber_image_2025-04-06_12-24-28-482.jpg\" alt=\"\" width=\"1200\" height=\"1600\" srcset=\"https:\/\/www.liceulprometeuprotalent.md\/wp-content\/uploads\/2025\/04\/viber_image_2025-04-06_12-24-28-482-200x267.jpg 200w, https:\/\/www.liceulprometeuprotalent.md\/wp-content\/uploads\/2025\/04\/viber_image_2025-04-06_12-24-28-482-225x300.jpg 225w, https:\/\/www.liceulprometeuprotalent.md\/wp-content\/uploads\/2025\/04\/viber_image_2025-04-06_12-24-28-482-400x533.jpg 400w, https:\/\/www.liceulprometeuprotalent.md\/wp-content\/uploads\/2025\/04\/viber_image_2025-04-06_12-24-28-482-600x800.jpg 600w, https:\/\/www.liceulprometeuprotalent.md\/wp-content\/uploads\/2025\/04\/viber_image_2025-04-06_12-24-28-482-768x1024.jpg 768w, https:\/\/www.liceulprometeuprotalent.md\/wp-content\/uploads\/2025\/04\/viber_image_2025-04-06_12-24-28-482-800x1067.jpg 800w, https:\/\/www.liceulprometeuprotalent.md\/wp-content\/uploads\/2025\/04\/viber_image_2025-04-06_12-24-28-482-1152x1536.jpg 1152w, https:\/\/www.liceulprometeuprotalent.md\/wp-content\/uploads\/2025\/04\/viber_image_2025-04-06_12-24-28-482.jpg 1200w\" sizes=\"(max-width: 1200px) 100vw, 1200px\" \/> <img decoding=\"async\" class=\"alignnone size-full wp-image-8495\" src=\"https:\/\/www.liceulprometeuprotalent.md\/wp-content\/uploads\/2025\/04\/viber_image_2025-04-06_12-24-04-602.jpg\" alt=\"\" width=\"1200\" height=\"1600\" srcset=\"https:\/\/www.liceulprometeuprotalent.md\/wp-content\/uploads\/2025\/04\/viber_image_2025-04-06_12-24-04-602-200x267.jpg 200w, https:\/\/www.liceulprometeuprotalent.md\/wp-content\/uploads\/2025\/04\/viber_image_2025-04-06_12-24-04-602-225x300.jpg 225w, https:\/\/www.liceulprometeuprotalent.md\/wp-content\/uploads\/2025\/04\/viber_image_2025-04-06_12-24-04-602-400x533.jpg 400w, https:\/\/www.liceulprometeuprotalent.md\/wp-content\/uploads\/2025\/04\/viber_image_2025-04-06_12-24-04-602-600x800.jpg 600w, https:\/\/www.liceulprometeuprotalent.md\/wp-content\/uploads\/2025\/04\/viber_image_2025-04-06_12-24-04-602-768x1024.jpg 768w, https:\/\/www.liceulprometeuprotalent.md\/wp-content\/uploads\/2025\/04\/viber_image_2025-04-06_12-24-04-602-800x1067.jpg 800w, https:\/\/www.liceulprometeuprotalent.md\/wp-content\/uploads\/2025\/04\/viber_image_2025-04-06_12-24-04-602-1152x1536.jpg 1152w, https:\/\/www.liceulprometeuprotalent.md\/wp-content\/uploads\/2025\/04\/viber_image_2025-04-06_12-24-04-602.jpg 1200w\" sizes=\"(max-width: 1200px) 100vw, 1200px\" \/> <img decoding=\"async\" class=\"alignnone size-full wp-image-8496\" src=\"https:\/\/www.liceulprometeuprotalent.md\/wp-content\/uploads\/2025\/04\/viber_image_2025-04-05_23-45-33-270.jpg\" alt=\"\" width=\"1280\" height=\"960\" srcset=\"https:\/\/www.liceulprometeuprotalent.md\/wp-content\/uploads\/2025\/04\/viber_image_2025-04-05_23-45-33-270-200x150.jpg 200w, https:\/\/www.liceulprometeuprotalent.md\/wp-content\/uploads\/2025\/04\/viber_image_2025-04-05_23-45-33-270-300x225.jpg 300w, https:\/\/www.liceulprometeuprotalent.md\/wp-content\/uploads\/2025\/04\/viber_image_2025-04-05_23-45-33-270-400x300.jpg 400w, https:\/\/www.liceulprometeuprotalent.md\/wp-content\/uploads\/2025\/04\/viber_image_2025-04-05_23-45-33-270-600x450.jpg 600w, https:\/\/www.liceulprometeuprotalent.md\/wp-content\/uploads\/2025\/04\/viber_image_2025-04-05_23-45-33-270-768x576.jpg 768w, https:\/\/www.liceulprometeuprotalent.md\/wp-content\/uploads\/2025\/04\/viber_image_2025-04-05_23-45-33-270-800x600.jpg 800w, https:\/\/www.liceulprometeuprotalent.md\/wp-content\/uploads\/2025\/04\/viber_image_2025-04-05_23-45-33-270-1024x768.jpg 1024w, https:\/\/www.liceulprometeuprotalent.md\/wp-content\/uploads\/2025\/04\/viber_image_2025-04-05_23-45-33-270-1200x900.jpg 1200w, https:\/\/www.liceulprometeuprotalent.md\/wp-content\/uploads\/2025\/04\/viber_image_2025-04-05_23-45-33-270.jpg 1280w\" sizes=\"(max-width: 1280px) 100vw, 1280px\" \/><\/p>\n","protected":false},"excerpt":{"rendered":"<p>La Olimpiada Republican\u0103 la Limbi Str\u0103ine\/Limba Francez\u0103, edi\u021bia 2025, elevele Liceului de Creativitate \u0219i Inventic\u0103 \u201ePrometeu-Protalent\u201d &#8211; Raluca Cristiana Cazacu \u0219i Alexandra Barb\u0103scump\u0103 din clasa a IX-a \u2013 au fost apreciate cu Diplom\u0103 de gradul II \u0219i, respectiv, Diplom\u0103 de Men\u021biune, fiind numite de organizatori ambasadoare ale culturii \u0219i limbii franceze. Proba scris\u0103 \u00een cadrul [&hellip;]<\/p>\n","protected":false},"author":1,"featured_media":0,"comment_status":"open","ping_status":"open","sticky":false,"template":"","format":"standard","meta":{"_price":"","_stock":"","_tribe_ticket_header":"","_tribe_default_ticket_provider":"","_tribe_ticket_capacity":"0","_ticket_start_date":"","_ticket_end_date":"","_tribe_ticket_show_description":"","_tribe_ticket_show_not_going":false,"_tribe_ticket_use_global_stock":"","_tribe_ticket_global_stock_level":"","_global_stock_mode":"","_global_stock_cap":"","_tribe_rsvp_for_event":"","_tribe_ticket_going_count":"","_tribe_ticket_not_going_count":"","_tribe_tickets_list":"[]","_tribe_ticket_has_attendee_info_fields":false,"footnotes":""},"categories":[89,80,1],"tags":[],"class_list":["post-8490","post","type-post","status-publish","format-standard","hentry","category-blog","category-toate-categoriile","category-uncategorized"],"_links":{"self":[{"href":"https:\/\/www.liceulprometeuprotalent.md\/index.php?rest_route=\/wp\/v2\/posts\/8490","targetHints":{"allow":["GET"]}}],"collection":[{"href":"https:\/\/www.liceulprometeuprotalent.md\/index.php?rest_route=\/wp\/v2\/posts"}],"about":[{"href":"https:\/\/www.liceulprometeuprotalent.md\/index.php?rest_route=\/wp\/v2\/types\/post"}],"author":[{"embeddable":true,"href":"https:\/\/www.liceulprometeuprotalent.md\/index.php?rest_route=\/wp\/v2\/users\/1"}],"replies":[{"embeddable":true,"href":"https:\/\/www.liceulprometeuprotalent.md\/index.php?rest_route=%2Fwp%2Fv2%2Fcomments&post=8490"}],"version-history":[{"count":1,"href":"https:\/\/www.liceulprometeuprotalent.md\/index.php?rest_route=\/wp\/v2\/posts\/8490\/revisions"}],"predecessor-version":[{"id":8497,"href":"https:\/\/www.liceulprometeuprotalent.md\/index.php?rest_route=\/wp\/v2\/posts\/8490\/revisions\/8497"}],"wp:attachment":[{"href":"https:\/\/www.liceulprometeuprotalent.md\/index.php?rest_route=%2Fwp%2Fv2%2Fmedia&parent=8490"}],"wp:term":[{"taxonomy":"category","embeddable":true,"href":"https:\/\/www.liceulprometeuprotalent.md\/index.php?rest_route=%2Fwp%2Fv2%2Fcategories&post=8490"},{"taxonomy":"post_tag","embeddable":true,"href":"https:\/\/www.liceulprometeuprotalent.md\/index.php?rest_route=%2Fwp%2Fv2%2Ftags&post=8490"}],"curies":[{"name":"wp","href":"https:\/\/api.w.org\/{rel}","templated":true}]}}