{"id":8589,"date":"2025-04-11T09:26:55","date_gmt":"2025-04-11T09:26:55","guid":{"rendered":"https:\/\/www.liceulprometeuprotalent.md\/?p=8589"},"modified":"2025-04-14T06:31:00","modified_gmt":"2025-04-14T06:31:00","slug":"juniorii-nostri-invingatori-la-olimpiada-de-stiinte","status":"publish","type":"post","link":"https:\/\/www.liceulprometeuprotalent.md\/?p=8589","title":{"rendered":"Juniorii no\u0219tri \u2013 \u00eenving\u0103tori la Olimpiada de \u0218tiin\u021be"},"content":{"rendered":"<p class=\"s3\"><span class=\"s5\"><span class=\"bumpedFont15\">Trei elevi din clasa a VIII-a a Liceului de Creativitate \u0219i Inventic\u0103 \u201ePrometeu-<\/span><\/span><span class=\"s5\"><span class=\"bumpedFont15\">Protalent<\/span><\/span><span class=\"s5\"><span class=\"bumpedFont15\">\u201d au devenit \u00eenving\u0103tori la Olimpiada Municipal\u0103 de \u0218tiin\u021be pentru Juniori, etapa municipal\u0103, care a avut loc pe dat<\/span><\/span><span class=\"s5\"><span class=\"bumpedFont15\">a de 6 aprilie 20<\/span><\/span><span class=\"s5\"><span class=\"bumpedFont15\">25. <\/span><\/span><span class=\"s5\"><span class=\"bumpedFont15\">Numele <\/span><\/span><span class=\"s5\"><span class=\"bumpedFont15\">\u0219i distinc\u021biile <\/span><\/span><span class=\"s5\"><span class=\"bumpedFont15\">lor sunt:<\/span><\/span><\/p>\n<p><strong>Rare\u0219 Miron \u2013 locul II;<\/strong><\/p>\n<p><strong>Daria Munteanu \u2013 men\u021biune;<\/strong><\/p>\n<p><strong>Amelia Maximov \u2013 men\u021biune;<\/strong><\/p>\n<p><strong>C\u0103lin Cucu \u2013 men\u021biune.<\/strong><\/p>\n<p class=\"s3\"><span class=\"s5\"><span class=\"bumpedFont15\">Elevii <\/span><\/span><span class=\"s5\"><span class=\"bumpedFont15\">au fost sprijini\u021bi<\/span><\/span><span class=\"s5\"><span class=\"bumpedFont15\"> \u0219i \u00eencuraja\u021bi <\/span><\/span><span class=\"s5\"><span class=\"bumpedFont15\">s\u0103 participe la aceast\u0103 <\/span><\/span><span class=\"s5\"><span class=\"bumpedFont15\">prestigioas\u0103 <\/span><\/span><span class=\"s5\"><span class=\"bumpedFont15\">competi\u021bie de domnul Sergiu <\/span><\/span><span class=\"s5\"><span class=\"bumpedFont15\">\u0218argarovschi<\/span><\/span><span class=\"s5\"><span class=\"bumpedFont15\">, profesor de fizic\u0103, grad didactic superior, director adjunct pentru securitate<\/span><\/span><span class=\"s5\"><span class=\"bumpedFont15\">a<\/span><\/span><span class=\"s5\"><span class=\"bumpedFont15\"> vie\u021bii \u0219i a muncii, de doamna Tatiana <\/span><\/span><span class=\"s5\"><span class=\"bumpedFont15\">Statii<\/span><\/span><span class=\"s5\"><span class=\"bumpedFont15\">, profesoar\u0103 de biologie, grad didactic <\/span><\/span><span class=\"s5\"><span class=\"bumpedFont15\">superior <\/span><\/span><span class=\"s5\"><span class=\"bumpedFont15\">\u0219i de doamna Victoria <\/span><\/span><span class=\"s5\"><span class=\"bumpedFont15\">Heghea<\/span><\/span><span class=\"s5\"><span class=\"bumpedFont15\">, profesoar\u0103 de chimie, grad d<\/span><\/span><span class=\"s5\"><span class=\"bumpedFont15\">idactic unu.<\/span><\/span><\/p>\n<p class=\"s3\"><span class=\"s5\"><span class=\"bumpedFont15\">Felicit\u0103ri, dragi elevi! Filosoful german Ernst Cassirer spunea c\u0103 \u201e\u0219tiin\u021ba este ultimul pas \u00een dezvoltarea mental\u0103 a omului \u0219i poate fi considerat\u0103 ca cea mai mare realizare a culturii umane\u201d. V\u0103 dorim s\u0103 explora\u021bi cu interes \u0219i <\/span><\/span><span class=\"s5\"><span class=\"bumpedFont15\">perseveren\u021b\u0103<\/span><\/span> <span class=\"s5\"><span class=\"bumpedFont15\">acest <\/span><\/span><span class=\"s5\"><span class=\"bumpedFont15\">domeniu<\/span><\/span><span class=\"s5\"><span class=\"bumpedFont15\"> de<\/span><\/span><span class=\"s5\"><span class=\"bumpedFont15\"> mare<\/span><\/span><span class=\"s5\"><span class=\"bumpedFont15\"> perspectiv\u0103. <\/span><\/span><\/p>\n<p class=\"s3\"><span class=\"s5\"><span class=\"bumpedFont15\">Mul\u021bumim distin\u0219ilor profesori<\/span><\/span><span class=\"s5\"><span class=\"bumpedFont15\"> pentru efort, dedicare \u0219i iscus<\/span><\/span><span class=\"s5\"><span class=\"bumpedFont15\">in\u021ba de a-\u0219i ghida discipolii spre<\/span><\/span><span class=\"s5\"><span class=\"bumpedFont15\"> succes<\/span><\/span><span class=\"s5\"><span class=\"bumpedFont15\">e<\/span><\/span><a name=\"_GoBack\"><\/a><span class=\"s5\"><span class=\"bumpedFont15\"> \u00een<\/span><\/span><span class=\"s5\"><span class=\"bumpedFont15\"> lumea miraculoas\u0103 a \u0219tiin\u021belor.<\/span><\/span><\/p>\n<p class=\"s4\"><span class=\"s5\"><span class=\"bumpedFont15\">\u00a0<\/span><\/span><\/p>\n<p>&nbsp;<\/p>\n","protected":false},"excerpt":{"rendered":"<p>Trei elevi din clasa a VIII-a a Liceului de Creativitate \u0219i Inventic\u0103 \u201ePrometeu-Protalent\u201d au devenit \u00eenving\u0103tori la Olimpiada Municipal\u0103 de \u0218tiin\u021be pentru Juniori, etapa municipal\u0103, care a avut loc pe data de 6 aprilie 2025. Numele \u0219i distinc\u021biile lor sunt: Rare\u0219 Miron \u2013 locul II; Daria Munteanu \u2013 men\u021biune; Amelia Maximov \u2013 men\u021biune; C\u0103lin Cucu [&hellip;]<\/p>\n","protected":false},"author":1,"featured_media":0,"comment_status":"open","ping_status":"open","sticky":false,"template":"","format":"standard","meta":{"_price":"","_stock":"","_tribe_ticket_header":"","_tribe_default_ticket_provider":"","_tribe_ticket_capacity":"0","_ticket_start_date":"","_ticket_end_date":"","_tribe_ticket_show_description":"","_tribe_ticket_show_not_going":false,"_tribe_ticket_use_global_stock":"","_tribe_ticket_global_stock_level":"","_global_stock_mode":"","_global_stock_cap":"","_tribe_rsvp_for_event":"","_tribe_ticket_going_count":"","_tribe_ticket_not_going_count":"","_tribe_tickets_list":"[]","_tribe_ticket_has_attendee_info_fields":false,"footnotes":""},"categories":[89,80,1],"tags":[],"class_list":["post-8589","post","type-post","status-publish","format-standard","hentry","category-blog","category-toate-categoriile","category-uncategorized"],"_links":{"self":[{"href":"https:\/\/www.liceulprometeuprotalent.md\/index.php?rest_route=\/wp\/v2\/posts\/8589","targetHints":{"allow":["GET"]}}],"collection":[{"href":"https:\/\/www.liceulprometeuprotalent.md\/index.php?rest_route=\/wp\/v2\/posts"}],"about":[{"href":"https:\/\/www.liceulprometeuprotalent.md\/index.php?rest_route=\/wp\/v2\/types\/post"}],"author":[{"embeddable":true,"href":"https:\/\/www.liceulprometeuprotalent.md\/index.php?rest_route=\/wp\/v2\/users\/1"}],"replies":[{"embeddable":true,"href":"https:\/\/www.liceulprometeuprotalent.md\/index.php?rest_route=%2Fwp%2Fv2%2Fcomments&post=8589"}],"version-history":[{"count":2,"href":"https:\/\/www.liceulprometeuprotalent.md\/index.php?rest_route=\/wp\/v2\/posts\/8589\/revisions"}],"predecessor-version":[{"id":8592,"href":"https:\/\/www.liceulprometeuprotalent.md\/index.php?rest_route=\/wp\/v2\/posts\/8589\/revisions\/8592"}],"wp:attachment":[{"href":"https:\/\/www.liceulprometeuprotalent.md\/index.php?rest_route=%2Fwp%2Fv2%2Fmedia&parent=8589"}],"wp:term":[{"taxonomy":"category","embeddable":true,"href":"https:\/\/www.liceulprometeuprotalent.md\/index.php?rest_route=%2Fwp%2Fv2%2Fcategories&post=8589"},{"taxonomy":"post_tag","embeddable":true,"href":"https:\/\/www.liceulprometeuprotalent.md\/index.php?rest_route=%2Fwp%2Fv2%2Ftags&post=8589"}],"curies":[{"name":"wp","href":"https:\/\/api.w.org\/{rel}","templated":true}]}}