{"id":8645,"date":"2025-04-15T08:52:49","date_gmt":"2025-04-15T08:52:49","guid":{"rendered":"https:\/\/www.liceulprometeuprotalent.md\/?p=8645"},"modified":"2025-04-15T08:52:49","modified_gmt":"2025-04-15T08:52:49","slug":"performante-la-concursul-republican-de-fizica-in-memoriam-mihai-marinciuc","status":"publish","type":"post","link":"https:\/\/www.liceulprometeuprotalent.md\/?p=8645","title":{"rendered":"Performan\u021be la Concursul Republican de Fizic\u0103 \u201eIn memoriam Mihai Marinciuc\u201d"},"content":{"rendered":"<p>Elevele clasei a IX-a &#8211; <strong>Cristina Popa \u0219i C\u0103t\u0103lina Rotari<\/strong> &#8211; de la Liceul de Creativitate \u0219i Inventic\u0103 \u201ePrometeu-Protalent\u201d \u0219i-au demonstrat abilit\u0103\u021bile, str\u0103duin\u021ba \u0219i interesul pentru fizic\u0103 la Concursul Republican de Fizic\u0103 \u201e\u00cen memoriam Mihai Marinciuc\u201d, edi\u021bia a XIV-a, care a avut loc la 12-13 aprilie 2025, \u00een campusul studen\u021besc al Universit\u0103\u021bii Tehnice a Moldovei.<\/p>\n<p>Fetele au concurat cu peste 400 de elevi, pasiona\u021bi de fizic\u0103, din \u00eentreaga republic\u0103 \u0219i au c\u00e2\u0219tigat <strong>Locul III<\/strong> \u0219i, respectiv,<strong> Men\u021biune <\/strong>la categoria lor de v\u00e2rst\u0103, bucur\u00e2ndu-se de aprecierea unui juriu obiectiv \u0219i competent.<\/p>\n<p>Felicit\u0103ri, dragi eleve! Prin participarea voastr\u0103 la Concurs, pe l\u00e2ng\u0103 frumoas\u0103 ocazie de a v\u0103 etala tendin\u021bele spre performan\u021be, a\u021bi onorat memoria unui mare savant, reputat profesor de fizic\u0103 \u2013 Mihai Marinciuc.<\/p>\n<p>Felicit\u0103rile noastre se \u00eendreapt\u0103 \u0219i c\u0103tre domnul Sergiu \u0218argarovschi, profesor de fizic\u0103, grad didactic superior, care reu\u0219e\u0219te s\u0103-i identifice, motiveze \u0219i ghideze elevii ap\u021bi de performan\u021be \u00een domeniul \u0219tiin\u021belor reale, succesele c\u0103rora sunt recunoscute de prestigioase medii academice.<\/p>\n<p>Amintim c\u0103 tradi\u021bionala competi\u021bie \u2013 Concursul Republican de Fizic\u0103 \u201eIn memoriam Mihai Marinciuc\u201d \u2013 este organizat\u0103 anual de Asocia\u021bia ICAR, condus\u0103 de doamna Tamara Curtescu-Marinciuc, profesoar\u0103 de matematic\u0103, grad didactic superior, la Liceul de Creativitate \u0219i Inventic\u0103 \u201ePrometeu-Protalent\u201d \u0219i Universitatea Tehnic\u0103 a Moldovei. Competi\u021bia se bucur\u0103 de mare popularitate printre elevi \u0219i profesori \u0219i este o activitate reu\u0219it\u0103 pentru propulsarea talentelor \u00een domeniul fizicii.<\/p>\n","protected":false},"excerpt":{"rendered":"<p>Elevele clasei a IX-a &#8211; Cristina Popa \u0219i C\u0103t\u0103lina Rotari &#8211; de la Liceul de Creativitate \u0219i Inventic\u0103 \u201ePrometeu-Protalent\u201d \u0219i-au demonstrat abilit\u0103\u021bile, str\u0103duin\u021ba \u0219i interesul pentru fizic\u0103 la Concursul Republican de Fizic\u0103 \u201e\u00cen memoriam Mihai Marinciuc\u201d, edi\u021bia a XIV-a, care a avut loc la 12-13 aprilie 2025, \u00een campusul studen\u021besc al Universit\u0103\u021bii Tehnice a Moldovei. [&hellip;]<\/p>\n","protected":false},"author":1,"featured_media":8646,"comment_status":"open","ping_status":"open","sticky":false,"template":"","format":"standard","meta":{"_price":"","_stock":"","_tribe_ticket_header":"","_tribe_default_ticket_provider":"","_tribe_ticket_capacity":"0","_ticket_start_date":"","_ticket_end_date":"","_tribe_ticket_show_description":"","_tribe_ticket_show_not_going":false,"_tribe_ticket_use_global_stock":"","_tribe_ticket_global_stock_level":"","_global_stock_mode":"","_global_stock_cap":"","_tribe_rsvp_for_event":"","_tribe_ticket_going_count":"","_tribe_ticket_not_going_count":"","_tribe_tickets_list":"[]","_tribe_ticket_has_attendee_info_fields":false,"footnotes":""},"categories":[89,80,1],"tags":[],"class_list":["post-8645","post","type-post","status-publish","format-standard","has-post-thumbnail","hentry","category-blog","category-toate-categoriile","category-uncategorized"],"_links":{"self":[{"href":"https:\/\/www.liceulprometeuprotalent.md\/index.php?rest_route=\/wp\/v2\/posts\/8645","targetHints":{"allow":["GET"]}}],"collection":[{"href":"https:\/\/www.liceulprometeuprotalent.md\/index.php?rest_route=\/wp\/v2\/posts"}],"about":[{"href":"https:\/\/www.liceulprometeuprotalent.md\/index.php?rest_route=\/wp\/v2\/types\/post"}],"author":[{"embeddable":true,"href":"https:\/\/www.liceulprometeuprotalent.md\/index.php?rest_route=\/wp\/v2\/users\/1"}],"replies":[{"embeddable":true,"href":"https:\/\/www.liceulprometeuprotalent.md\/index.php?rest_route=%2Fwp%2Fv2%2Fcomments&post=8645"}],"version-history":[{"count":1,"href":"https:\/\/www.liceulprometeuprotalent.md\/index.php?rest_route=\/wp\/v2\/posts\/8645\/revisions"}],"predecessor-version":[{"id":8647,"href":"https:\/\/www.liceulprometeuprotalent.md\/index.php?rest_route=\/wp\/v2\/posts\/8645\/revisions\/8647"}],"wp:featuredmedia":[{"embeddable":true,"href":"https:\/\/www.liceulprometeuprotalent.md\/index.php?rest_route=\/wp\/v2\/media\/8646"}],"wp:attachment":[{"href":"https:\/\/www.liceulprometeuprotalent.md\/index.php?rest_route=%2Fwp%2Fv2%2Fmedia&parent=8645"}],"wp:term":[{"taxonomy":"category","embeddable":true,"href":"https:\/\/www.liceulprometeuprotalent.md\/index.php?rest_route=%2Fwp%2Fv2%2Fcategories&post=8645"},{"taxonomy":"post_tag","embeddable":true,"href":"https:\/\/www.liceulprometeuprotalent.md\/index.php?rest_route=%2Fwp%2Fv2%2Ftags&post=8645"}],"curies":[{"name":"wp","href":"https:\/\/api.w.org\/{rel}","templated":true}]}}