{"id":8648,"date":"2025-04-15T08:55:39","date_gmt":"2025-04-15T08:55:39","guid":{"rendered":"https:\/\/www.liceulprometeuprotalent.md\/?p=8648"},"modified":"2025-04-15T08:55:39","modified_gmt":"2025-04-15T08:55:39","slug":"elevii-nostri-au-contribuit-substantial-la-masa-bucuriei","status":"publish","type":"post","link":"https:\/\/www.liceulprometeuprotalent.md\/?p=8648","title":{"rendered":"Elevii no\u0219tri au contribuit substan\u021bial la \u201eMasa Bucuriei\u201d"},"content":{"rendered":"<p>Mai mul\u021bi ani la r\u00e2nd, elevii Liceului de Creativitate \u0219i Inventic\u0103 \u201ePrometeu-Protalent\u201d fac voluntariat \u00een cadrul Campaniei de Pa\u0219ti \u201eMasa Bucuriei\u201d, ajuns\u0103 la a XVI-a edi\u021bie. Campania este organizat\u0103 de Misiunea Social\u0103 \u201eDiaconia\u201d a Mitropoliei Basarabiei.<\/p>\n<p>De aceast\u0103 dat\u0103, \u00een s\u00e2mb\u0103ta Floriilor, 13 aprilie 2025, \u0219i-au \u00eembr\u0103cat toga de voluntari elevii claselor a XI-a, care au r\u0103spuns \u00eendemnului doamnei Tatiana Melnic, profesoar\u0103 de limba \u0219i literatura rom\u00e2n\u0103, \u0219efa Comisiei metodice \u0218tiin\u021be Socioumanistice de a se implica \u00een Campania de Pa\u0219ti \u201eMasa Bucuriei\u201d.<\/p>\n<p>Voluntarii au avut misiunea s\u0103 informeze oamenii \u0219i s\u0103-i invite s\u0103 doneze alimente neperisabile pentru familiile vulnerabile din Republica Moldova, care beneficiaz\u0103 zilnic de pr\u00e2nzuri calde la Centrele parohiale \u0219i la cele cinci cantine sociale ale Mitropoliei Basarabiei \u0219i ale organiza\u021biilor partenere implicate \u00een Campanie. Doar la magazinul alimentar la care au fost repartiza\u021bi elevii no\u0219tri au fost colectate peste 600 de kilograme de produse.<\/p>\n<p>Ca \u00een ultimii doi ani, liderul voluntarilor a fost Ionu\u021b Cosoi din clasa a XI-a, fiul p\u0103rintelui Ioan Cosoi, parohul Bisericii cu hramul \u201eSf\u00e2nta Treime\u201d a Liceului \u201ePrometeu-Protalent\u201d \u0219i al doamnei preotese Mariana Cosoi. Ionu\u021b a acumulat experien\u021b\u0103 de voluntariat pe parcursul mai multor ani, particip\u00e2nd de mic copil, al\u0103turi de p\u0103rin\u021bii s\u0103i, la acest act caritabil.<\/p>\n<p>Campania de Pa\u0219ti \u201eMasa Bucuriei\u201d este cel mai mare proiect na\u021bional de sprijinire a oamenilor nevoia\u0219i \u0219i are drept scop cultivarea solidarit\u0103\u021bii, milosteniei, iubirii de aproapele &#8211; sentimente pe care voluntarii no\u0219tri le-au tr\u0103it din plin.<\/p>\n<p>Felicit\u0103ri, dragi elevi! Gestul vostru caritabil, ne-a ar\u0103tat c\u00e2t de genero\u0219i pute\u021bi fi \u0219i c\u00e2t de frumoase sunt faptele voastre. V\u0103 mul\u021bumim c\u0103 a\u021bi acceptat s\u0103 fi\u021bi parte la acest act de caritate \u0219i s\u0103 tr\u0103i\u021bi aceast\u0103 experien\u021b\u0103 generatoare de bun\u0103tate \u0219i omenie.<\/p>\n<p>Adres\u0103m mul\u021bumiri sus\u021bin\u0103torilor \u0219i organizatorilor acestei Campanii de mare necesitate, care ne \u00eenva\u021b\u0103 ce este compasiunea, generozitatea, ajutorarea aproapelui aflat \u00een nevoie.<\/p>\n<p>S\u0103rb\u0103tori pascale luminoase tuturor!<\/p>\n<p style=\"text-align: center;\"><img decoding=\"async\" class=\"alignnone wp-image-8650 size-fusion-400\" src=\"https:\/\/www.liceulprometeuprotalent.md\/wp-content\/uploads\/2025\/04\/viber_image_2025-04-13_16-03-27-279-400x300.jpg\" alt=\"\" width=\"400\" height=\"300\" srcset=\"https:\/\/www.liceulprometeuprotalent.md\/wp-content\/uploads\/2025\/04\/viber_image_2025-04-13_16-03-27-279-200x150.jpg 200w, https:\/\/www.liceulprometeuprotalent.md\/wp-content\/uploads\/2025\/04\/viber_image_2025-04-13_16-03-27-279-300x225.jpg 300w, https:\/\/www.liceulprometeuprotalent.md\/wp-content\/uploads\/2025\/04\/viber_image_2025-04-13_16-03-27-279-400x300.jpg 400w, https:\/\/www.liceulprometeuprotalent.md\/wp-content\/uploads\/2025\/04\/viber_image_2025-04-13_16-03-27-279-600x450.jpg 600w, https:\/\/www.liceulprometeuprotalent.md\/wp-content\/uploads\/2025\/04\/viber_image_2025-04-13_16-03-27-279-768x576.jpg 768w, https:\/\/www.liceulprometeuprotalent.md\/wp-content\/uploads\/2025\/04\/viber_image_2025-04-13_16-03-27-279-800x600.jpg 800w, https:\/\/www.liceulprometeuprotalent.md\/wp-content\/uploads\/2025\/04\/viber_image_2025-04-13_16-03-27-279-1024x768.jpg 1024w, https:\/\/www.liceulprometeuprotalent.md\/wp-content\/uploads\/2025\/04\/viber_image_2025-04-13_16-03-27-279-1200x900.jpg 1200w, https:\/\/www.liceulprometeuprotalent.md\/wp-content\/uploads\/2025\/04\/viber_image_2025-04-13_16-03-27-279-1536x1152.jpg 1536w, https:\/\/www.liceulprometeuprotalent.md\/wp-content\/uploads\/2025\/04\/viber_image_2025-04-13_16-03-27-279.jpg 1600w\" sizes=\"(max-width: 400px) 100vw, 400px\" \/> <img decoding=\"async\" class=\"alignnone wp-image-8651 size-fusion-400\" src=\"https:\/\/www.liceulprometeuprotalent.md\/wp-content\/uploads\/2025\/04\/viber_image_2025-04-13_16-03-25-134-400x300.jpg\" alt=\"\" width=\"400\" height=\"300\" srcset=\"https:\/\/www.liceulprometeuprotalent.md\/wp-content\/uploads\/2025\/04\/viber_image_2025-04-13_16-03-25-134-200x150.jpg 200w, https:\/\/www.liceulprometeuprotalent.md\/wp-content\/uploads\/2025\/04\/viber_image_2025-04-13_16-03-25-134-300x225.jpg 300w, https:\/\/www.liceulprometeuprotalent.md\/wp-content\/uploads\/2025\/04\/viber_image_2025-04-13_16-03-25-134-400x300.jpg 400w, https:\/\/www.liceulprometeuprotalent.md\/wp-content\/uploads\/2025\/04\/viber_image_2025-04-13_16-03-25-134-600x450.jpg 600w, https:\/\/www.liceulprometeuprotalent.md\/wp-content\/uploads\/2025\/04\/viber_image_2025-04-13_16-03-25-134-768x576.jpg 768w, https:\/\/www.liceulprometeuprotalent.md\/wp-content\/uploads\/2025\/04\/viber_image_2025-04-13_16-03-25-134-800x600.jpg 800w, https:\/\/www.liceulprometeuprotalent.md\/wp-content\/uploads\/2025\/04\/viber_image_2025-04-13_16-03-25-134-1024x768.jpg 1024w, https:\/\/www.liceulprometeuprotalent.md\/wp-content\/uploads\/2025\/04\/viber_image_2025-04-13_16-03-25-134-1200x900.jpg 1200w, https:\/\/www.liceulprometeuprotalent.md\/wp-content\/uploads\/2025\/04\/viber_image_2025-04-13_16-03-25-134-1536x1152.jpg 1536w, https:\/\/www.liceulprometeuprotalent.md\/wp-content\/uploads\/2025\/04\/viber_image_2025-04-13_16-03-25-134.jpg 1600w\" sizes=\"(max-width: 400px) 100vw, 400px\" \/><\/p>\n","protected":false},"excerpt":{"rendered":"<p>Mai mul\u021bi ani la r\u00e2nd, elevii Liceului de Creativitate \u0219i Inventic\u0103 \u201ePrometeu-Protalent\u201d fac voluntariat \u00een cadrul Campaniei de Pa\u0219ti \u201eMasa Bucuriei\u201d, ajuns\u0103 la a XVI-a edi\u021bie. Campania este organizat\u0103 de Misiunea Social\u0103 \u201eDiaconia\u201d a Mitropoliei Basarabiei. De aceast\u0103 dat\u0103, \u00een s\u00e2mb\u0103ta Floriilor, 13 aprilie 2025, \u0219i-au \u00eembr\u0103cat toga de voluntari elevii claselor a XI-a, care [&hellip;]<\/p>\n","protected":false},"author":1,"featured_media":8649,"comment_status":"open","ping_status":"open","sticky":false,"template":"","format":"standard","meta":{"_price":"","_stock":"","_tribe_ticket_header":"","_tribe_default_ticket_provider":"","_tribe_ticket_capacity":"0","_ticket_start_date":"","_ticket_end_date":"","_tribe_ticket_show_description":"","_tribe_ticket_show_not_going":false,"_tribe_ticket_use_global_stock":"","_tribe_ticket_global_stock_level":"","_global_stock_mode":"","_global_stock_cap":"","_tribe_rsvp_for_event":"","_tribe_ticket_going_count":"","_tribe_ticket_not_going_count":"","_tribe_tickets_list":"[]","_tribe_ticket_has_attendee_info_fields":false,"footnotes":""},"categories":[89,80,1],"tags":[],"class_list":["post-8648","post","type-post","status-publish","format-standard","has-post-thumbnail","hentry","category-blog","category-toate-categoriile","category-uncategorized"],"_links":{"self":[{"href":"https:\/\/www.liceulprometeuprotalent.md\/index.php?rest_route=\/wp\/v2\/posts\/8648","targetHints":{"allow":["GET"]}}],"collection":[{"href":"https:\/\/www.liceulprometeuprotalent.md\/index.php?rest_route=\/wp\/v2\/posts"}],"about":[{"href":"https:\/\/www.liceulprometeuprotalent.md\/index.php?rest_route=\/wp\/v2\/types\/post"}],"author":[{"embeddable":true,"href":"https:\/\/www.liceulprometeuprotalent.md\/index.php?rest_route=\/wp\/v2\/users\/1"}],"replies":[{"embeddable":true,"href":"https:\/\/www.liceulprometeuprotalent.md\/index.php?rest_route=%2Fwp%2Fv2%2Fcomments&post=8648"}],"version-history":[{"count":1,"href":"https:\/\/www.liceulprometeuprotalent.md\/index.php?rest_route=\/wp\/v2\/posts\/8648\/revisions"}],"predecessor-version":[{"id":8652,"href":"https:\/\/www.liceulprometeuprotalent.md\/index.php?rest_route=\/wp\/v2\/posts\/8648\/revisions\/8652"}],"wp:featuredmedia":[{"embeddable":true,"href":"https:\/\/www.liceulprometeuprotalent.md\/index.php?rest_route=\/wp\/v2\/media\/8649"}],"wp:attachment":[{"href":"https:\/\/www.liceulprometeuprotalent.md\/index.php?rest_route=%2Fwp%2Fv2%2Fmedia&parent=8648"}],"wp:term":[{"taxonomy":"category","embeddable":true,"href":"https:\/\/www.liceulprometeuprotalent.md\/index.php?rest_route=%2Fwp%2Fv2%2Fcategories&post=8648"},{"taxonomy":"post_tag","embeddable":true,"href":"https:\/\/www.liceulprometeuprotalent.md\/index.php?rest_route=%2Fwp%2Fv2%2Ftags&post=8648"}],"curies":[{"name":"wp","href":"https:\/\/api.w.org\/{rel}","templated":true}]}}