{"id":8653,"date":"2025-04-17T04:30:22","date_gmt":"2025-04-17T04:30:22","guid":{"rendered":"https:\/\/www.liceulprometeuprotalent.md\/?p=8653"},"modified":"2025-04-18T06:07:39","modified_gmt":"2025-04-18T06:07:39","slug":"excelenta-inlatura-hotarele","status":"publish","type":"post","link":"https:\/\/www.liceulprometeuprotalent.md\/?p=8653","title":{"rendered":"Excelen\u021ba \u00eenl\u0103tur\u0103 hotarele"},"content":{"rendered":"<p class=\"s3\"><span class=\"s2\"><span class=\"bumpedFont15\">Premiile I, II <\/span><\/span><span class=\"s4\"><span class=\"bumpedFont15\">\u0219i<\/span><\/span><span class=\"s2\"><span class=\"bumpedFont15\"> III<\/span><\/span><span class=\"s4\"><span class=\"bumpedFont15\">, inclusiv numeroase <\/span><\/span><span class=\"s2\"><span class=\"bumpedFont15\">Men\u021biuni<\/span><\/span><span class=\"s4\"><span class=\"bumpedFont15\"> au fost ob\u021binute de elevii Liceului de Creativi<\/span><\/span><span class=\"s4\"><span class=\"bumpedFont15\">tate \u0219i Inventic\u0103 \u201e<\/span><\/span><span class=\"s4\"><span class=\"bumpedFont15\">Prometeu-Prot<\/span><\/span><a name=\"_GoBack\"><\/a><span class=\"s4\"><span class=\"bumpedFont15\">alent<\/span><\/span><span class=\"s4\"><span class=\"bumpedFont15\">\u201d, la <\/span><\/span><span class=\"s4\"><span class=\"bumpedFont15\">Concursul de interpretare critic\u0103 ,,Garabet Ibr\u0103ileanu\u201d,<\/span><\/span><span class=\"s4\"><span class=\"bumpedFont15\"> care a avut loc la <\/span><\/span><span class=\"s4\"><span class=\"bumpedFont15\">Ia\u0219i<\/span><\/span><span class=\"s4\"><span class=\"bumpedFont15\"> pe data de 12 aprilie 2025. <\/span><\/span><\/p>\n<p class=\"s3\"><span class=\"s4\"><span class=\"bumpedFont15\">\u00cenving\u0103torii Concursului sunt:<\/span><\/span><\/p>\n<p class=\"s3\"><span class=\"s2\"><span class=\"bumpedFont15\">Premiul I \u2013 Codrina-Evelina Codreanu,<\/span><\/span><span class=\"s4\"><span class=\"bumpedFont15\"> clasa a XI-a \u201eA\u201d<\/span><\/span><span class=\"s4\"><span class=\"bumpedFont15\">, mentor doamna Tatiana Melnic, profesoar\u0103 de limba \u0219i literatura rom\u00e2n\u0103, grad didactic superior;<\/span><\/span><\/p>\n<p class=\"s3\"><span class=\"s2\"><span class=\"bumpedFont15\">Premiul II \u2013 Camelia Munteanu,<\/span><\/span><span class=\"s4\"><span class=\"bumpedFont15\"> clasa a XI-a \u201eA\u201d, mentor doamna Tatiana Melnic, profesoar\u0103 de limba \u0219i literatura rom\u00e2n\u0103, grad didactic superior;<\/span><\/span><\/p>\n<p class=\"s3\"><span class=\"s2\"><span class=\"bumpedFont15\">Premiul III \u2013 Patricia \u021aepordei,<\/span><\/span><span class=\"s4\"><span class=\"bumpedFont15\"> clasa a XI-a \u201eB\u201d, mentor doamna Tatiana Melnic, profesoar\u0103 de limba \u0219i literatura rom\u00e2n\u0103, grad didactic superior;<\/span><\/span><\/p>\n<p class=\"s3\"><span class=\"s2\"><span class=\"bumpedFont15\">Men\u021biune &#8211; Ilinca Munteanu,<\/span><\/span><span class=\"s4\"><span class=\"bumpedFont15\"> clasa a IX- a \u201eC\u201d, mentor <\/span><\/span><span class=\"s4\"><span class=\"bumpedFont15\">doamna <\/span><\/span><span class=\"s4\"><span class=\"bumpedFont15\">Nelea<\/span><\/span><span class=\"s4\"><span class=\"bumpedFont15\"> Croitoru, profesoar\u0103 de limba \u0219i literatura rom\u00e2n\u0103, grad didactic superior;<\/span><\/span><\/p>\n<p class=\"s3\"><span class=\"s2\"><span class=\"bumpedFont15\">Men\u021biune \u2013 Diana <\/span><\/span><span class=\"s2\"><span class=\"bumpedFont15\">\u021a<\/span><\/span><span class=\"s2\"><span class=\"bumpedFont15\">anga<\/span><\/span><span class=\"s2\"><span class=\"bumpedFont15\">,<\/span><\/span><span class=\"s4\"><span class=\"bumpedFont15\"> clasa a IX-a \u201eC\u201d, <\/span><\/span><span class=\"s4\"><span class=\"bumpedFont15\">mentor <\/span><\/span><span class=\"s4\"><span class=\"bumpedFont15\">doamna <\/span><\/span><span class=\"s4\"><span class=\"bumpedFont15\">Nelea<\/span><\/span><span class=\"s4\"><span class=\"bumpedFont15\"> Croitoru, profesoar\u0103 de limba \u0219i literatura rom\u00e2n\u0103, grad didactic superior;<\/span><\/span><\/p>\n<p class=\"s3\"><span class=\"s2\"><span class=\"bumpedFont15\">Men\u021biune \u2013 Raluca-Cristiana Cazacu,<\/span><\/span><span class=\"s4\"><span class=\"bumpedFont15\"> clasa a IX-a \u201eB\u201d, mentor doamna Dina Danilov, profesoar\u0103 de limba \u0219i literatura rom\u00e2n\u0103, grad didactic <\/span><\/span><span class=\"s4\"><span class=\"bumpedFont15\">I;<\/span><\/span><\/p>\n<p class=\"s3\"><span class=\"s2\"><span class=\"bumpedFont15\">Men\u021biune \u2013 Sofia <\/span><\/span><span class=\"s2\"><span class=\"bumpedFont15\">Nagacevschi<\/span><\/span><span class=\"s2\"><span class=\"bumpedFont15\">,<\/span><\/span><span class=\"s4\"><span class=\"bumpedFont15\"> clasa a V-a \u201eD\u201d, mentor doamna Dina Danilov, profesoar\u0103 de limba \u0219i literatura rom\u00e2n\u0103, grad didactic I;<\/span><\/span><\/p>\n<p class=\"s3\"><span class=\"s2\"><span class=\"bumpedFont15\">Men\u021biune \u2013 Ruxanda Palii<\/span><\/span><span class=\"s4\"><span class=\"bumpedFont15\">, clasa a V-a \u201eD\u201d,<\/span><\/span> <span class=\"s4\"><span class=\"bumpedFont15\">mentor doamna Dina Danilov, profesoar\u0103 de limba \u0219i literatura rom\u00e2n\u0103, grad didactic I;<\/span><\/span><\/p>\n<p class=\"s3\"><span class=\"s2\"><span class=\"bumpedFont15\">Men\u021biune \u2013 Cr\u0103i\u021ba Munteanu,<\/span><\/span><span class=\"s4\"><span class=\"bumpedFont15\"> clasa a IV-a \u201eB\u201d, mentor doamna Dorina Andrei, \u00eenv\u0103\u021b\u0103toare, grad didactic superior;<\/span><\/span><\/p>\n<p class=\"s3\"><span class=\"s2\"><span class=\"bumpedFont15\">Men\u021biune \u2013 Loredana Panici,<\/span><\/span><span class=\"s4\"><span class=\"bumpedFont15\"> clasa a IV-a \u201eA\u201d, mentor doamna Svetlana <\/span><\/span><span class=\"s4\"><span class=\"bumpedFont15\">Mihaci<\/span><\/span><span class=\"s4\"><span class=\"bumpedFont15\">, \u00eenv\u0103\u021b\u0103toare, grad didactic II.<\/span><\/span><\/p>\n<p class=\"s3\"><span class=\"s4\"><span class=\"bumpedFont15\">Adres\u0103m felicit\u0103ri cordiale \u0219i sincere mul\u021bumiri at\u00e2t elevilor, c\u00e2t \u0219i distinselor cadre didactice<\/span><\/span><span class=\"s4\"><span class=\"bumpedFont15\"> Tatiana Melnic, <\/span><\/span><span class=\"s4\"><span class=\"bumpedFont15\">Nelea<\/span><\/span><span class=\"s4\"><span class=\"bumpedFont15\">Croitoru, Dina Danilov, Dorina Andrei \u0219i Svetlana <\/span><\/span><span class=\"s4\"><span class=\"bumpedFont15\">Mhaci<\/span><\/span><span class=\"s4\"><span class=\"bumpedFont15\">, care i-au preg\u0103tit <\/span><\/span><span class=\"s4\"><span class=\"bumpedFont15\">cu d\u0103ruire \u0219i entuziasm <\/span><\/span><span class=\"s4\"><span class=\"bumpedFont15\">pentru <\/span><\/span><span class=\"s4\"><span class=\"bumpedFont15\">participare<\/span><\/span><span class=\"s4\"><span class=\"bumpedFont15\">a cu<\/span><\/span><span class=\"s4\"><span class=\"bumpedFont15\"> succes <\/span><\/span><span class=\"s4\"><span class=\"bumpedFont15\">la <\/span><\/span><span class=\"s4\"><span class=\"bumpedFont15\">acest prestigios Concurs.<\/span><\/span><\/p>\n<p class=\"s3\"><span class=\"s4\"><span class=\"bumpedFont15\">Aleas\u0103 pre\u021buire <\/span><\/span><span class=\"s4\"><span class=\"bumpedFont15\">\u0219i recuno\u0219tin\u021b\u0103 adres\u0103m<\/span><\/span><span class=\"s4\"><span class=\"bumpedFont15\"> doamnei Tatiana Melnic, ale c\u0103rei trei eleve, din clasa a XI-a, au ob\u021binut locurile I,II \u0219i <\/span><\/span><span class=\"s4\"><span class=\"bumpedFont15\">III<\/span><\/span><span class=\"s4\"><span class=\"bumpedFont15\">, victorie nemai\u00eent\u00e2lnit\u0103<\/span><\/span><span class=\"s4\"><span class=\"bumpedFont15\"> la un singur concurs, a\u0219teptat\u0103<\/span><\/span><span class=\"s4\"><span class=\"bumpedFont15\"> \u0219i binemeritat\u0103.<\/span><\/span><\/p>\n<p class=\"s3\"><span class=\"s4\"><span class=\"bumpedFont15\">Men\u021bion\u0103m c\u0103 elevii Liceului \u201e<\/span><\/span><span class=\"s4\"><span class=\"bumpedFont15\">Prometeu-P<\/span><\/span><span class=\"s4\"><span class=\"bumpedFont15\">rotalent<\/span><\/span><span class=\"s4\"><span class=\"bumpedFont15\">\u201d particip\u0103 la edi\u021bii<\/span><\/span><span class=\"s4\"><span class=\"bumpedFont15\">le acestui concurs <\/span><\/span><span class=\"s4\"><span class=\"bumpedFont15\">\u00een fiecare an \u0219colar \u0219i de fiecare dat\u0103 sunt aprecia\u021bi cu locuri de frunte. <\/span><\/span><\/p>\n<p class=\"s3\"><span class=\"s5\"><span class=\"bumpedFont15\">Concursul de interpretare critic\u0103 \u201eGarabet Ibr\u0103ileanu\u201d este parte a proiectului multianual<\/span><\/span><\/p>\n<p class=\"s3\"><span class=\"s6\"><span class=\"bumpedFont15\">\u201eSpiritul critic \u00een context actual, european\u201d <\/span><\/span><span class=\"s5\"><span class=\"bumpedFont15\">\u0219i are drept scop<\/span><\/span> <span class=\"s5\"><span class=\"bumpedFont15\">dezvoltarea competen\u0163elor de comunicare, a metal<\/span><\/span><span class=\"s5\"><span class=\"bumpedFont15\">imbajului specific literaturii \u0219<\/span><\/span><span class=\"s5\"><span class=\"bumpedFont15\">i a schimbului de idei.<\/span><\/span><\/p>\n<p class=\"s3\"><span class=\"s5\"><span class=\"bumpedFont15\">Mul\u021bumirile noastre se \u00eendreapt\u0103 c\u0103tre <\/span><\/span><span class=\"s5\"><span class=\"bumpedFont15\">domnul Constantin Chiril\u0103, director al Colegiului Na\u021bional \u201eGarabet Ibr\u0103ileanu\u201d din Ia\u0219i \u0219i c\u0103tre doamna Cristina <\/span><\/span><span class=\"s5\"><span class=\"bumpedFont15\">Chiprian<\/span><\/span><span class=\"s5\"><span class=\"bumpedFont15\">, profesoar\u0103 de limba \u0219i literatura rom\u00e2n\u0103 la acest Colegiu, pentru oportunit\u0103\u021bile oferite copiilor no\u0219tri de a se alinia colegilor din Rom\u00e2nia \u00een aceast\u0103 perpetu\u0103 cunoa\u0219tere a limbii rom\u00e2ne \u0219i a dezvolt\u0103rii spiritului critic.\u00a0 \u00a0<\/span><\/span><\/p>\n<p style=\"text-align: center;\"><img decoding=\"async\" class=\"alignnone wp-image-8659 size-fusion-400\" src=\"https:\/\/www.liceulprometeuprotalent.md\/wp-content\/uploads\/2025\/04\/viber_image_2025-04-17_09-25-03-084-400x300.jpg\" alt=\"\" width=\"400\" height=\"300\" srcset=\"https:\/\/www.liceulprometeuprotalent.md\/wp-content\/uploads\/2025\/04\/viber_image_2025-04-17_09-25-03-084-200x150.jpg 200w, https:\/\/www.liceulprometeuprotalent.md\/wp-content\/uploads\/2025\/04\/viber_image_2025-04-17_09-25-03-084-300x225.jpg 300w, https:\/\/www.liceulprometeuprotalent.md\/wp-content\/uploads\/2025\/04\/viber_image_2025-04-17_09-25-03-084-400x300.jpg 400w, https:\/\/www.liceulprometeuprotalent.md\/wp-content\/uploads\/2025\/04\/viber_image_2025-04-17_09-25-03-084-600x450.jpg 600w, https:\/\/www.liceulprometeuprotalent.md\/wp-content\/uploads\/2025\/04\/viber_image_2025-04-17_09-25-03-084-768x576.jpg 768w, https:\/\/www.liceulprometeuprotalent.md\/wp-content\/uploads\/2025\/04\/viber_image_2025-04-17_09-25-03-084-800x600.jpg 800w, https:\/\/www.liceulprometeuprotalent.md\/wp-content\/uploads\/2025\/04\/viber_image_2025-04-17_09-25-03-084-1024x768.jpg 1024w, https:\/\/www.liceulprometeuprotalent.md\/wp-content\/uploads\/2025\/04\/viber_image_2025-04-17_09-25-03-084-1200x900.jpg 1200w, https:\/\/www.liceulprometeuprotalent.md\/wp-content\/uploads\/2025\/04\/viber_image_2025-04-17_09-25-03-084-1536x1152.jpg 1536w, https:\/\/www.liceulprometeuprotalent.md\/wp-content\/uploads\/2025\/04\/viber_image_2025-04-17_09-25-03-084.jpg 1600w\" sizes=\"(max-width: 400px) 100vw, 400px\" \/> <img decoding=\"async\" class=\"alignnone wp-image-8660 size-fusion-400\" src=\"https:\/\/www.liceulprometeuprotalent.md\/wp-content\/uploads\/2025\/04\/viber_image_2025-04-17_09-25-03-312-400x300.jpg\" alt=\"\" width=\"400\" height=\"300\" srcset=\"https:\/\/www.liceulprometeuprotalent.md\/wp-content\/uploads\/2025\/04\/viber_image_2025-04-17_09-25-03-312-200x150.jpg 200w, https:\/\/www.liceulprometeuprotalent.md\/wp-content\/uploads\/2025\/04\/viber_image_2025-04-17_09-25-03-312-300x225.jpg 300w, https:\/\/www.liceulprometeuprotalent.md\/wp-content\/uploads\/2025\/04\/viber_image_2025-04-17_09-25-03-312-400x300.jpg 400w, https:\/\/www.liceulprometeuprotalent.md\/wp-content\/uploads\/2025\/04\/viber_image_2025-04-17_09-25-03-312-600x450.jpg 600w, https:\/\/www.liceulprometeuprotalent.md\/wp-content\/uploads\/2025\/04\/viber_image_2025-04-17_09-25-03-312-768x576.jpg 768w, https:\/\/www.liceulprometeuprotalent.md\/wp-content\/uploads\/2025\/04\/viber_image_2025-04-17_09-25-03-312-800x600.jpg 800w, https:\/\/www.liceulprometeuprotalent.md\/wp-content\/uploads\/2025\/04\/viber_image_2025-04-17_09-25-03-312-1024x768.jpg 1024w, https:\/\/www.liceulprometeuprotalent.md\/wp-content\/uploads\/2025\/04\/viber_image_2025-04-17_09-25-03-312-1200x900.jpg 1200w, https:\/\/www.liceulprometeuprotalent.md\/wp-content\/uploads\/2025\/04\/viber_image_2025-04-17_09-25-03-312-1536x1152.jpg 1536w, https:\/\/www.liceulprometeuprotalent.md\/wp-content\/uploads\/2025\/04\/viber_image_2025-04-17_09-25-03-312.jpg 1600w\" sizes=\"(max-width: 400px) 100vw, 400px\" \/><\/p>\n<p style=\"text-align: center;\">\u00a0<img decoding=\"async\" class=\"alignnone wp-image-8662 size-fusion-400\" src=\"https:\/\/www.liceulprometeuprotalent.md\/wp-content\/uploads\/2025\/04\/viber_image_2025-04-17_09-25-04-441-400x711.jpg\" alt=\"\" width=\"400\" height=\"711\" srcset=\"https:\/\/www.liceulprometeuprotalent.md\/wp-content\/uploads\/2025\/04\/viber_image_2025-04-17_09-25-04-441-169x300.jpg 169w, https:\/\/www.liceulprometeuprotalent.md\/wp-content\/uploads\/2025\/04\/viber_image_2025-04-17_09-25-04-441-200x356.jpg 200w, https:\/\/www.liceulprometeuprotalent.md\/wp-content\/uploads\/2025\/04\/viber_image_2025-04-17_09-25-04-441-400x711.jpg 400w, https:\/\/www.liceulprometeuprotalent.md\/wp-content\/uploads\/2025\/04\/viber_image_2025-04-17_09-25-04-441-576x1024.jpg 576w, https:\/\/www.liceulprometeuprotalent.md\/wp-content\/uploads\/2025\/04\/viber_image_2025-04-17_09-25-04-441-600x1067.jpg 600w, https:\/\/www.liceulprometeuprotalent.md\/wp-content\/uploads\/2025\/04\/viber_image_2025-04-17_09-25-04-441-768x1365.jpg 768w, https:\/\/www.liceulprometeuprotalent.md\/wp-content\/uploads\/2025\/04\/viber_image_2025-04-17_09-25-04-441-800x1422.jpg 800w, https:\/\/www.liceulprometeuprotalent.md\/wp-content\/uploads\/2025\/04\/viber_image_2025-04-17_09-25-04-441-864x1536.jpg 864w, https:\/\/www.liceulprometeuprotalent.md\/wp-content\/uploads\/2025\/04\/viber_image_2025-04-17_09-25-04-441.jpg 900w\" sizes=\"(max-width: 400px) 100vw, 400px\" \/> \u00a0<img decoding=\"async\" class=\"alignnone wp-image-8663 \" src=\"https:\/\/www.liceulprometeuprotalent.md\/wp-content\/uploads\/2025\/04\/viber_image_2025-04-17_09-42-50-892-400x809.jpg\" alt=\"\" width=\"353\" height=\"714\" srcset=\"https:\/\/www.liceulprometeuprotalent.md\/wp-content\/uploads\/2025\/04\/viber_image_2025-04-17_09-42-50-892-148x300.jpg 148w, https:\/\/www.liceulprometeuprotalent.md\/wp-content\/uploads\/2025\/04\/viber_image_2025-04-17_09-42-50-892-200x405.jpg 200w, https:\/\/www.liceulprometeuprotalent.md\/wp-content\/uploads\/2025\/04\/viber_image_2025-04-17_09-42-50-892-400x809.jpg 400w, https:\/\/www.liceulprometeuprotalent.md\/wp-content\/uploads\/2025\/04\/viber_image_2025-04-17_09-42-50-892-506x1024.jpg 506w, https:\/\/www.liceulprometeuprotalent.md\/wp-content\/uploads\/2025\/04\/viber_image_2025-04-17_09-42-50-892-600x1214.jpg 600w, https:\/\/www.liceulprometeuprotalent.md\/wp-content\/uploads\/2025\/04\/viber_image_2025-04-17_09-42-50-892-759x1536.jpg 759w, https:\/\/www.liceulprometeuprotalent.md\/wp-content\/uploads\/2025\/04\/viber_image_2025-04-17_09-42-50-892-768x1553.jpg 768w, https:\/\/www.liceulprometeuprotalent.md\/wp-content\/uploads\/2025\/04\/viber_image_2025-04-17_09-42-50-892.jpg 791w\" sizes=\"(max-width: 353px) 100vw, 353px\" \/><\/p>\n","protected":false},"excerpt":{"rendered":"<p>Premiile I, II \u0219i III, inclusiv numeroase Men\u021biuni au fost ob\u021binute de elevii Liceului de Creativitate \u0219i Inventic\u0103 \u201ePrometeu-Protalent\u201d, la Concursul de interpretare critic\u0103 ,,Garabet Ibr\u0103ileanu\u201d, care a avut loc la Ia\u0219i pe data de 12 aprilie 2025. \u00cenving\u0103torii Concursului sunt: Premiul I \u2013 Codrina-Evelina Codreanu, clasa a XI-a \u201eA\u201d, mentor doamna Tatiana Melnic, profesoar\u0103 [&hellip;]<\/p>\n","protected":false},"author":1,"featured_media":8660,"comment_status":"open","ping_status":"open","sticky":false,"template":"","format":"standard","meta":{"_price":"","_stock":"","_tribe_ticket_header":"","_tribe_default_ticket_provider":"","_tribe_ticket_capacity":"0","_ticket_start_date":"","_ticket_end_date":"","_tribe_ticket_show_description":"","_tribe_ticket_show_not_going":false,"_tribe_ticket_use_global_stock":"","_tribe_ticket_global_stock_level":"","_global_stock_mode":"","_global_stock_cap":"","_tribe_rsvp_for_event":"","_tribe_ticket_going_count":"","_tribe_ticket_not_going_count":"","_tribe_tickets_list":"[]","_tribe_ticket_has_attendee_info_fields":false,"footnotes":""},"categories":[89,80,1],"tags":[],"class_list":["post-8653","post","type-post","status-publish","format-standard","has-post-thumbnail","hentry","category-blog","category-toate-categoriile","category-uncategorized"],"_links":{"self":[{"href":"https:\/\/www.liceulprometeuprotalent.md\/index.php?rest_route=\/wp\/v2\/posts\/8653","targetHints":{"allow":["GET"]}}],"collection":[{"href":"https:\/\/www.liceulprometeuprotalent.md\/index.php?rest_route=\/wp\/v2\/posts"}],"about":[{"href":"https:\/\/www.liceulprometeuprotalent.md\/index.php?rest_route=\/wp\/v2\/types\/post"}],"author":[{"embeddable":true,"href":"https:\/\/www.liceulprometeuprotalent.md\/index.php?rest_route=\/wp\/v2\/users\/1"}],"replies":[{"embeddable":true,"href":"https:\/\/www.liceulprometeuprotalent.md\/index.php?rest_route=%2Fwp%2Fv2%2Fcomments&post=8653"}],"version-history":[{"count":3,"href":"https:\/\/www.liceulprometeuprotalent.md\/index.php?rest_route=\/wp\/v2\/posts\/8653\/revisions"}],"predecessor-version":[{"id":8665,"href":"https:\/\/www.liceulprometeuprotalent.md\/index.php?rest_route=\/wp\/v2\/posts\/8653\/revisions\/8665"}],"wp:featuredmedia":[{"embeddable":true,"href":"https:\/\/www.liceulprometeuprotalent.md\/index.php?rest_route=\/wp\/v2\/media\/8660"}],"wp:attachment":[{"href":"https:\/\/www.liceulprometeuprotalent.md\/index.php?rest_route=%2Fwp%2Fv2%2Fmedia&parent=8653"}],"wp:term":[{"taxonomy":"category","embeddable":true,"href":"https:\/\/www.liceulprometeuprotalent.md\/index.php?rest_route=%2Fwp%2Fv2%2Fcategories&post=8653"},{"taxonomy":"post_tag","embeddable":true,"href":"https:\/\/www.liceulprometeuprotalent.md\/index.php?rest_route=%2Fwp%2Fv2%2Ftags&post=8653"}],"curies":[{"name":"wp","href":"https:\/\/api.w.org\/{rel}","templated":true}]}}