{"id":8655,"date":"2025-04-17T04:33:28","date_gmt":"2025-04-17T04:33:28","guid":{"rendered":"https:\/\/www.liceulprometeuprotalent.md\/?p=8655"},"modified":"2025-04-17T07:37:53","modified_gmt":"2025-04-17T07:37:53","slug":"succesul-remarcabil-al-lui-andrei-tiltu","status":"publish","type":"post","link":"https:\/\/www.liceulprometeuprotalent.md\/?p=8655","title":{"rendered":"Succesul remarcabil al lui Andrei T\u00eeltu"},"content":{"rendered":"<p class=\"s2\"><span class=\"s3\"><span class=\"bumpedFont15\">Andrei <\/span><\/span><span class=\"s3\"><span class=\"bumpedFont15\">T\u00eeltu<\/span><\/span><span class=\"s3\"><span class=\"bumpedFont15\">,<\/span><\/span><span class=\"s4\"><span class=\"bumpedFont15\"> elevul clasei a VII-a \u201eC\u201d a Liceului de Creativitate \u0219i Inventic\u0103 \u201e<\/span><\/span><span class=\"s4\"><span class=\"bumpedFont15\">Prometeu-Protalent<\/span><\/span><span class=\"s4\"><span class=\"bumpedFont15\">\u201d, este \u00eenving\u0103tor al Concursului <\/span><\/span><span class=\"s4\"><span class=\"bumpedFont15\">Regional Interdisciplinar <\/span><\/span><span class=\"s4\"><span class=\"bumpedFont15\">\u201eGramatica &#8211; \u0219tiin\u021ba vorbirii, matematic\u0103 &#8211; \u0219tiin\u021ba g\u00e2ndirii&#8221;, <\/span><\/span><span class=\"s4\"><span class=\"bumpedFont15\">edi\u021bia a XII-a, <\/span><\/span><span class=\"s4\"><span class=\"bumpedFont15\">care a avut loc pe data de 12 aprilie 2025, la <\/span><\/span><span class=\"s4\"><span class=\"bumpedFont15\">Colegiul Na\u021bional \u201eIon Neculce\u201d din <\/span><\/span><span class=\"s4\"><span class=\"bumpedFont15\">Bucure\u0219ti.<\/span><\/span><\/p>\n<p class=\"s2\"><span class=\"s5\"><span class=\"bumpedFont15\">Andrei <\/span><\/span><span class=\"s6\"><span class=\"bumpedFont15\">a f\u0103cut fa\u021b\u0103 cu succes la dou\u0103 discipline concomitent \u2013 gramatica \u0219i matematica \u0219i a fost distins cu <\/span><\/span><span class=\"s5\"><span class=\"bumpedFont15\">Premiul II <\/span><\/span><span class=\"s6\"><span class=\"bumpedFont15\">\u00eentr-o competi\u021bie<\/span><\/span> <span class=\"s6\"><span class=\"bumpedFont15\">str\u00e2ns\u0103 cu colegi de aceea\u0219i v\u00e2rst\u0103 <\/span><\/span><span class=\"s6\"><span class=\"bumpedFont15\">din institu\u021biile de \u00eenv\u0103\u021b\u0103m\u00e2nt din Rom\u00e2nia.<\/span><\/span><\/p>\n<p class=\"s2\"><span class=\"s6\"><span class=\"bumpedFont15\">Pentru participare la acest <\/span><\/span><span class=\"s6\"><span class=\"bumpedFont15\">important <\/span><\/span><span class=\"s6\"><span class=\"bumpedFont15\">Concurs de competen\u021be, Andrei s-a bucurat de sprijinul doamnei Angela Lungu, profesoar\u0103 de limba \u0219i literatura rom\u00e2n\u0103, grad didactic superior<\/span><\/span><span class=\"s6\"><span class=\"bumpedFont15\">, director adjunct pentru educa\u021bie, treapta gimnazial\u0103 \u0219i liceal\u0103, <\/span><\/span><span class=\"s6\"><span class=\"bumpedFont15\">\u0219i a doamnei Olga Dru\u021b\u0103, profesoar\u0103 de matematic\u0103, grad didactic I, <\/span><\/span><span class=\"s6\"><span class=\"bumpedFont15\">care l-au preg\u0103<\/span><\/span><span class=\"s6\"><span class=\"bumpedFont15\">tit \u0219i ghidat spre acest remarcabil <\/span><\/span><span class=\"s6\"><span class=\"bumpedFont15\">succes.<\/span><\/span><\/p>\n<p class=\"s2\"><span class=\"s6\"><span class=\"bumpedFont15\">Felicit\u0103ri, Andrei! Suntem m\u00e2ndri de tine! \u00centotdeauna munca \u0219i str\u0103duin\u021ba \u00ee\u0219i g\u0103sesc aprecierea pe care o merit\u0103!<\/span><\/span><\/p>\n<p class=\"s2\"><span class=\"s6\"><span class=\"bumpedFont15\">Felicit\u0103ri<\/span><\/span><span class=\"s6\"><span class=\"bumpedFont15\">,<\/span><\/span><span class=\"s6\"><span class=\"bumpedFont15\"> mul\u021bumiri<\/span><\/span><span class=\"s6\"><span class=\"bumpedFont15\"> \u0219i recuno\u0219tin\u021b\u0103<\/span><\/span><span class=\"s6\"><span class=\"bumpedFont15\"> adres\u0103m distinselor profesoare Angela Lungu \u0219i Olga Dru\u021b\u0103! De fiecare dat\u0103 ne convinge\u021bi de profesionalismul \u0219i dedicare<\/span><\/span><span class=\"s6\"><span class=\"bumpedFont15\">a<\/span><\/span><span class=\"s6\"><span class=\"bumpedFont15\"> Dvs. \u00een procesul educa\u021bional, \u00eenmul\u021bind zi de zi <\/span><\/span><span class=\"s6\"><span class=\"bumpedFont15\">victoriile elevilor \u0219i performan\u021bele <\/span><\/span><span class=\"s6\"><span class=\"bumpedFont15\">Liceului nostru. \u00a0<\/span><\/span><\/p>\n<p class=\"s7\">\n","protected":false},"excerpt":{"rendered":"<p>Andrei T\u00eeltu, elevul clasei a VII-a \u201eC\u201d a Liceului de Creativitate \u0219i Inventic\u0103 \u201ePrometeu-Protalent\u201d, este \u00eenving\u0103tor al Concursului Regional Interdisciplinar \u201eGramatica &#8211; \u0219tiin\u021ba vorbirii, matematic\u0103 &#8211; \u0219tiin\u021ba g\u00e2ndirii&#8221;, edi\u021bia a XII-a, care a avut loc pe data de 12 aprilie 2025, la Colegiul Na\u021bional \u201eIon Neculce\u201d din Bucure\u0219ti. Andrei a f\u0103cut fa\u021b\u0103 cu succes la [&hellip;]<\/p>\n","protected":false},"author":1,"featured_media":8657,"comment_status":"open","ping_status":"open","sticky":false,"template":"","format":"standard","meta":{"_price":"","_stock":"","_tribe_ticket_header":"","_tribe_default_ticket_provider":"","_tribe_ticket_capacity":"0","_ticket_start_date":"","_ticket_end_date":"","_tribe_ticket_show_description":"","_tribe_ticket_show_not_going":false,"_tribe_ticket_use_global_stock":"","_tribe_ticket_global_stock_level":"","_global_stock_mode":"","_global_stock_cap":"","_tribe_rsvp_for_event":"","_tribe_ticket_going_count":"","_tribe_ticket_not_going_count":"","_tribe_tickets_list":"[]","_tribe_ticket_has_attendee_info_fields":false,"footnotes":""},"categories":[89,80,1],"tags":[],"class_list":["post-8655","post","type-post","status-publish","format-standard","has-post-thumbnail","hentry","category-blog","category-toate-categoriile","category-uncategorized"],"_links":{"self":[{"href":"https:\/\/www.liceulprometeuprotalent.md\/index.php?rest_route=\/wp\/v2\/posts\/8655","targetHints":{"allow":["GET"]}}],"collection":[{"href":"https:\/\/www.liceulprometeuprotalent.md\/index.php?rest_route=\/wp\/v2\/posts"}],"about":[{"href":"https:\/\/www.liceulprometeuprotalent.md\/index.php?rest_route=\/wp\/v2\/types\/post"}],"author":[{"embeddable":true,"href":"https:\/\/www.liceulprometeuprotalent.md\/index.php?rest_route=\/wp\/v2\/users\/1"}],"replies":[{"embeddable":true,"href":"https:\/\/www.liceulprometeuprotalent.md\/index.php?rest_route=%2Fwp%2Fv2%2Fcomments&post=8655"}],"version-history":[{"count":2,"href":"https:\/\/www.liceulprometeuprotalent.md\/index.php?rest_route=\/wp\/v2\/posts\/8655\/revisions"}],"predecessor-version":[{"id":8658,"href":"https:\/\/www.liceulprometeuprotalent.md\/index.php?rest_route=\/wp\/v2\/posts\/8655\/revisions\/8658"}],"wp:featuredmedia":[{"embeddable":true,"href":"https:\/\/www.liceulprometeuprotalent.md\/index.php?rest_route=\/wp\/v2\/media\/8657"}],"wp:attachment":[{"href":"https:\/\/www.liceulprometeuprotalent.md\/index.php?rest_route=%2Fwp%2Fv2%2Fmedia&parent=8655"}],"wp:term":[{"taxonomy":"category","embeddable":true,"href":"https:\/\/www.liceulprometeuprotalent.md\/index.php?rest_route=%2Fwp%2Fv2%2Fcategories&post=8655"},{"taxonomy":"post_tag","embeddable":true,"href":"https:\/\/www.liceulprometeuprotalent.md\/index.php?rest_route=%2Fwp%2Fv2%2Ftags&post=8655"}],"curies":[{"name":"wp","href":"https:\/\/api.w.org\/{rel}","templated":true}]}}