{"id":8683,"date":"2025-04-18T10:13:55","date_gmt":"2025-04-18T10:13:55","guid":{"rendered":"https:\/\/www.liceulprometeuprotalent.md\/?p=8683"},"modified":"2025-05-13T08:47:28","modified_gmt":"2025-05-13T08:47:28","slug":"eu-sunt-natura","status":"publish","type":"post","link":"https:\/\/www.liceulprometeuprotalent.md\/?p=8683","title":{"rendered":"\u201eEu sunt natura!\u201d"},"content":{"rendered":"<p>\u201eEu sunt natura!\u201d \u2013 aceasta a fost tema zilei transdisciplinare din cadrul modulului de educa\u021bie ecologic\u0103, care s-a desf\u0103\u0219urat \u00een clasele primare ale Liceului de Creativitate \u0219i Inventic\u0103 \u201ePrometeu-Protalent\u201d, pe data de 3 aprilie 2025, iar lucr\u0103rile realizate de c\u0103tre elevi au fost expuse \u00een incinta Liceului pe data de 16 aprilie, c\u00e2nd s-a profitat de ziua cald\u0103 \u0219i \u00eensorit\u0103.<\/p>\n<p>\u00cen cadrul modulului ecologic, elevii au avut sarcina s\u0103 realizeze desene cu con\u021binut ecologic &#8211; despre s\u0103n\u0103tatea planetei P\u0103m\u00e2nt, s\u0103 me\u0219tereasc\u0103 graurni\u021be, cantine pentru hrana p\u0103s\u0103rilor, obiecte din materiale reciclabile etc. Expunerea acestor realiz\u0103ri au \u00eenc\u00e2ntat privirile colegilor \u0219i ale cadrelor didactice.<\/p>\n<p>Activitatea s-a bucurat de mare popularitate printre elevi. Fiecare dintre ei a fost \u00eencurajat s\u0103 me\u0219tereasc\u0103 obiecte pe potriva propriilor puteri \u0219i viziuni, dar s\u0103 fie neap\u0103rat parte la procesul de protejare al planetei noastre.<\/p>\n<p>Activit\u0103\u021bile zilei transdisciplinare nu s-au \u00eencheiat aici. Copii au fost \u00eendemna\u021bi s\u0103 plaseze c\u0103su\u021bele pentru \u201eprietenii lor \u00eenaripa\u021bi\u201d \u00een curtea caselor unde locuiesc, \u00een parcurile din apropriere, s\u0103 fac\u0103 fotografii \u0219i s\u0103 le disemineze c\u00e2t mai multor colegi, pentru a asigura durabilitatea acestei activit\u0103\u021bi deosebit de actuale \u0219i necesare.<\/p>\n<p>Ziua transdisciplinar\u0103 cu tema \u201eEu sunt natura\u201d s-a desf\u0103\u0219urat sub egida doamnei Cristina Brunchi, \u00eenv\u0103\u021b\u0103toare, grad didactic I, director adjunct pentru educa\u021bie, treapta primar\u0103 \u0219i a doamnei Iulia Scripnic, \u00eenv\u0103\u021b\u0103toare, grad didactic superior, director adjunct pentru instruire, treapta primar\u0103, inclusiv a doamnelor diriginte ale claselor primare, implicate \u00een acest modul ecologic.<\/p>\n<p>Ave\u021bi admira\u021bia noastr\u0103, dragi elevi! Ecologia ne afecteaz\u0103 pe to\u021bi, iar participarea la p\u0103strarea s\u0103n\u0103t\u0103\u021bii planetei noastre este o necesitate vital\u0103.<\/p>\n<p>Exprim\u0103m sincere aprecieri cadrelor didactice de la treapta primar\u0103, care prin astfel de activit\u0103\u021bi transform\u0103 n\u0103zuin\u021bele \u00een fapte \u0219i pun bazele culturii ecologice \u00een fiecare copil. Felicit\u0103ri!<\/p>\n<p>&nbsp;<\/p>\n<p style=\"text-align: center;\"><img decoding=\"async\" class=\"alignnone wp-image-8684 size-fusion-400\" src=\"https:\/\/www.liceulprometeuprotalent.md\/wp-content\/uploads\/2025\/04\/viber_image_2025-04-17_09-33-59-253-400x300.jpg\" alt=\"\" width=\"400\" height=\"300\" srcset=\"https:\/\/www.liceulprometeuprotalent.md\/wp-content\/uploads\/2025\/04\/viber_image_2025-04-17_09-33-59-253-200x150.jpg 200w, https:\/\/www.liceulprometeuprotalent.md\/wp-content\/uploads\/2025\/04\/viber_image_2025-04-17_09-33-59-253-300x225.jpg 300w, https:\/\/www.liceulprometeuprotalent.md\/wp-content\/uploads\/2025\/04\/viber_image_2025-04-17_09-33-59-253-400x300.jpg 400w, https:\/\/www.liceulprometeuprotalent.md\/wp-content\/uploads\/2025\/04\/viber_image_2025-04-17_09-33-59-253-600x450.jpg 600w, https:\/\/www.liceulprometeuprotalent.md\/wp-content\/uploads\/2025\/04\/viber_image_2025-04-17_09-33-59-253-768x576.jpg 768w, https:\/\/www.liceulprometeuprotalent.md\/wp-content\/uploads\/2025\/04\/viber_image_2025-04-17_09-33-59-253-800x600.jpg 800w, https:\/\/www.liceulprometeuprotalent.md\/wp-content\/uploads\/2025\/04\/viber_image_2025-04-17_09-33-59-253-1024x768.jpg 1024w, https:\/\/www.liceulprometeuprotalent.md\/wp-content\/uploads\/2025\/04\/viber_image_2025-04-17_09-33-59-253-1200x900.jpg 1200w, https:\/\/www.liceulprometeuprotalent.md\/wp-content\/uploads\/2025\/04\/viber_image_2025-04-17_09-33-59-253-1536x1152.jpg 1536w, https:\/\/www.liceulprometeuprotalent.md\/wp-content\/uploads\/2025\/04\/viber_image_2025-04-17_09-33-59-253.jpg 1600w\" sizes=\"(max-width: 400px) 100vw, 400px\" \/> <img decoding=\"async\" class=\"alignnone wp-image-8685 size-fusion-400\" src=\"https:\/\/www.liceulprometeuprotalent.md\/wp-content\/uploads\/2025\/04\/viber_image_2025-04-17_09-33-59-213-400x300.jpg\" alt=\"\" width=\"400\" height=\"300\" srcset=\"https:\/\/www.liceulprometeuprotalent.md\/wp-content\/uploads\/2025\/04\/viber_image_2025-04-17_09-33-59-213-200x150.jpg 200w, https:\/\/www.liceulprometeuprotalent.md\/wp-content\/uploads\/2025\/04\/viber_image_2025-04-17_09-33-59-213-300x225.jpg 300w, https:\/\/www.liceulprometeuprotalent.md\/wp-content\/uploads\/2025\/04\/viber_image_2025-04-17_09-33-59-213-400x300.jpg 400w, https:\/\/www.liceulprometeuprotalent.md\/wp-content\/uploads\/2025\/04\/viber_image_2025-04-17_09-33-59-213-600x450.jpg 600w, https:\/\/www.liceulprometeuprotalent.md\/wp-content\/uploads\/2025\/04\/viber_image_2025-04-17_09-33-59-213-768x576.jpg 768w, https:\/\/www.liceulprometeuprotalent.md\/wp-content\/uploads\/2025\/04\/viber_image_2025-04-17_09-33-59-213-800x600.jpg 800w, https:\/\/www.liceulprometeuprotalent.md\/wp-content\/uploads\/2025\/04\/viber_image_2025-04-17_09-33-59-213-1024x768.jpg 1024w, https:\/\/www.liceulprometeuprotalent.md\/wp-content\/uploads\/2025\/04\/viber_image_2025-04-17_09-33-59-213-1200x900.jpg 1200w, https:\/\/www.liceulprometeuprotalent.md\/wp-content\/uploads\/2025\/04\/viber_image_2025-04-17_09-33-59-213-1536x1152.jpg 1536w, https:\/\/www.liceulprometeuprotalent.md\/wp-content\/uploads\/2025\/04\/viber_image_2025-04-17_09-33-59-213.jpg 1600w\" sizes=\"(max-width: 400px) 100vw, 400px\" \/> <img decoding=\"async\" class=\"alignnone wp-image-8686 size-fusion-400\" src=\"https:\/\/www.liceulprometeuprotalent.md\/wp-content\/uploads\/2025\/04\/viber_image_2025-04-17_09-26-00-014-400x300.jpg\" alt=\"\" width=\"400\" height=\"300\" srcset=\"https:\/\/www.liceulprometeuprotalent.md\/wp-content\/uploads\/2025\/04\/viber_image_2025-04-17_09-26-00-014-200x150.jpg 200w, https:\/\/www.liceulprometeuprotalent.md\/wp-content\/uploads\/2025\/04\/viber_image_2025-04-17_09-26-00-014-300x225.jpg 300w, https:\/\/www.liceulprometeuprotalent.md\/wp-content\/uploads\/2025\/04\/viber_image_2025-04-17_09-26-00-014-400x300.jpg 400w, https:\/\/www.liceulprometeuprotalent.md\/wp-content\/uploads\/2025\/04\/viber_image_2025-04-17_09-26-00-014-600x450.jpg 600w, https:\/\/www.liceulprometeuprotalent.md\/wp-content\/uploads\/2025\/04\/viber_image_2025-04-17_09-26-00-014-768x576.jpg 768w, https:\/\/www.liceulprometeuprotalent.md\/wp-content\/uploads\/2025\/04\/viber_image_2025-04-17_09-26-00-014-800x600.jpg 800w, https:\/\/www.liceulprometeuprotalent.md\/wp-content\/uploads\/2025\/04\/viber_image_2025-04-17_09-26-00-014-1024x768.jpg 1024w, https:\/\/www.liceulprometeuprotalent.md\/wp-content\/uploads\/2025\/04\/viber_image_2025-04-17_09-26-00-014-1200x900.jpg 1200w, https:\/\/www.liceulprometeuprotalent.md\/wp-content\/uploads\/2025\/04\/viber_image_2025-04-17_09-26-00-014-1536x1152.jpg 1536w, https:\/\/www.liceulprometeuprotalent.md\/wp-content\/uploads\/2025\/04\/viber_image_2025-04-17_09-26-00-014.jpg 1600w\" sizes=\"(max-width: 400px) 100vw, 400px\" \/> <img decoding=\"async\" class=\"alignnone wp-image-8687 size-fusion-400\" src=\"https:\/\/www.liceulprometeuprotalent.md\/wp-content\/uploads\/2025\/04\/20250416_115511-400x180.jpg\" alt=\"\" width=\"400\" height=\"180\" srcset=\"https:\/\/www.liceulprometeuprotalent.md\/wp-content\/uploads\/2025\/04\/20250416_115511-200x90.jpg 200w, https:\/\/www.liceulprometeuprotalent.md\/wp-content\/uploads\/2025\/04\/20250416_115511-300x135.jpg 300w, https:\/\/www.liceulprometeuprotalent.md\/wp-content\/uploads\/2025\/04\/20250416_115511-400x180.jpg 400w, https:\/\/www.liceulprometeuprotalent.md\/wp-content\/uploads\/2025\/04\/20250416_115511-600x270.jpg 600w, https:\/\/www.liceulprometeuprotalent.md\/wp-content\/uploads\/2025\/04\/20250416_115511-768x346.jpg 768w, https:\/\/www.liceulprometeuprotalent.md\/wp-content\/uploads\/2025\/04\/20250416_115511-800x360.jpg 800w, https:\/\/www.liceulprometeuprotalent.md\/wp-content\/uploads\/2025\/04\/20250416_115511-1024x461.jpg 1024w, https:\/\/www.liceulprometeuprotalent.md\/wp-content\/uploads\/2025\/04\/20250416_115511-1200x540.jpg 1200w, https:\/\/www.liceulprometeuprotalent.md\/wp-content\/uploads\/2025\/04\/20250416_115511-1536x691.jpg 1536w\" sizes=\"(max-width: 400px) 100vw, 400px\" \/> <img decoding=\"async\" class=\"alignnone wp-image-8688 size-fusion-400\" src=\"https:\/\/www.liceulprometeuprotalent.md\/wp-content\/uploads\/2025\/04\/20250416_115214-400x180.jpg\" alt=\"\" width=\"400\" height=\"180\" srcset=\"https:\/\/www.liceulprometeuprotalent.md\/wp-content\/uploads\/2025\/04\/20250416_115214-200x90.jpg 200w, https:\/\/www.liceulprometeuprotalent.md\/wp-content\/uploads\/2025\/04\/20250416_115214-300x135.jpg 300w, https:\/\/www.liceulprometeuprotalent.md\/wp-content\/uploads\/2025\/04\/20250416_115214-400x180.jpg 400w, https:\/\/www.liceulprometeuprotalent.md\/wp-content\/uploads\/2025\/04\/20250416_115214-600x270.jpg 600w, https:\/\/www.liceulprometeuprotalent.md\/wp-content\/uploads\/2025\/04\/20250416_115214-768x346.jpg 768w, https:\/\/www.liceulprometeuprotalent.md\/wp-content\/uploads\/2025\/04\/20250416_115214-800x360.jpg 800w, https:\/\/www.liceulprometeuprotalent.md\/wp-content\/uploads\/2025\/04\/20250416_115214-1024x461.jpg 1024w, https:\/\/www.liceulprometeuprotalent.md\/wp-content\/uploads\/2025\/04\/20250416_115214-1200x540.jpg 1200w, https:\/\/www.liceulprometeuprotalent.md\/wp-content\/uploads\/2025\/04\/20250416_115214-1536x691.jpg 1536w\" sizes=\"(max-width: 400px) 100vw, 400px\" \/> <img decoding=\"async\" class=\"alignnone wp-image-8689 size-fusion-400\" src=\"https:\/\/www.liceulprometeuprotalent.md\/wp-content\/uploads\/2025\/04\/20250416_101853-400x180.jpg\" alt=\"\" width=\"400\" height=\"180\" srcset=\"https:\/\/www.liceulprometeuprotalent.md\/wp-content\/uploads\/2025\/04\/20250416_101853-200x90.jpg 200w, https:\/\/www.liceulprometeuprotalent.md\/wp-content\/uploads\/2025\/04\/20250416_101853-300x135.jpg 300w, https:\/\/www.liceulprometeuprotalent.md\/wp-content\/uploads\/2025\/04\/20250416_101853-400x180.jpg 400w, https:\/\/www.liceulprometeuprotalent.md\/wp-content\/uploads\/2025\/04\/20250416_101853-600x270.jpg 600w, https:\/\/www.liceulprometeuprotalent.md\/wp-content\/uploads\/2025\/04\/20250416_101853-768x346.jpg 768w, https:\/\/www.liceulprometeuprotalent.md\/wp-content\/uploads\/2025\/04\/20250416_101853-800x360.jpg 800w, https:\/\/www.liceulprometeuprotalent.md\/wp-content\/uploads\/2025\/04\/20250416_101853-1024x461.jpg 1024w, https:\/\/www.liceulprometeuprotalent.md\/wp-content\/uploads\/2025\/04\/20250416_101853-1200x540.jpg 1200w, https:\/\/www.liceulprometeuprotalent.md\/wp-content\/uploads\/2025\/04\/20250416_101853-1536x691.jpg 1536w\" sizes=\"(max-width: 400px) 100vw, 400px\" \/> <img decoding=\"async\" class=\"alignnone wp-image-8690 size-fusion-400\" src=\"https:\/\/www.liceulprometeuprotalent.md\/wp-content\/uploads\/2025\/04\/20250416_101550-400x180.jpg\" alt=\"\" width=\"400\" height=\"180\" srcset=\"https:\/\/www.liceulprometeuprotalent.md\/wp-content\/uploads\/2025\/04\/20250416_101550-200x90.jpg 200w, https:\/\/www.liceulprometeuprotalent.md\/wp-content\/uploads\/2025\/04\/20250416_101550-300x135.jpg 300w, https:\/\/www.liceulprometeuprotalent.md\/wp-content\/uploads\/2025\/04\/20250416_101550-400x180.jpg 400w, https:\/\/www.liceulprometeuprotalent.md\/wp-content\/uploads\/2025\/04\/20250416_101550-600x270.jpg 600w, https:\/\/www.liceulprometeuprotalent.md\/wp-content\/uploads\/2025\/04\/20250416_101550-768x346.jpg 768w, https:\/\/www.liceulprometeuprotalent.md\/wp-content\/uploads\/2025\/04\/20250416_101550-800x360.jpg 800w, https:\/\/www.liceulprometeuprotalent.md\/wp-content\/uploads\/2025\/04\/20250416_101550-1024x461.jpg 1024w, https:\/\/www.liceulprometeuprotalent.md\/wp-content\/uploads\/2025\/04\/20250416_101550-1200x540.jpg 1200w, https:\/\/www.liceulprometeuprotalent.md\/wp-content\/uploads\/2025\/04\/20250416_101550-1536x691.jpg 1536w\" sizes=\"(max-width: 400px) 100vw, 400px\" \/><\/p>\n","protected":false},"excerpt":{"rendered":"<p>\u201eEu sunt natura!\u201d \u2013 aceasta a fost tema zilei transdisciplinare din cadrul modulului de educa\u021bie ecologic\u0103, care s-a desf\u0103\u0219urat \u00een clasele primare ale Liceului de Creativitate \u0219i Inventic\u0103 \u201ePrometeu-Protalent\u201d, pe data de 3 aprilie 2025, iar lucr\u0103rile realizate de c\u0103tre elevi au fost expuse \u00een incinta Liceului pe data de 16 aprilie, c\u00e2nd s-a profitat [&hellip;]<\/p>\n","protected":false},"author":1,"featured_media":0,"comment_status":"open","ping_status":"open","sticky":false,"template":"","format":"standard","meta":{"_price":"","_stock":"","_tribe_ticket_header":"","_tribe_default_ticket_provider":"","_tribe_ticket_capacity":"0","_ticket_start_date":"","_ticket_end_date":"","_tribe_ticket_show_description":"","_tribe_ticket_show_not_going":false,"_tribe_ticket_use_global_stock":"","_tribe_ticket_global_stock_level":"","_global_stock_mode":"","_global_stock_cap":"","_tribe_rsvp_for_event":"","_tribe_ticket_going_count":"","_tribe_ticket_not_going_count":"","_tribe_tickets_list":"[]","_tribe_ticket_has_attendee_info_fields":false,"footnotes":""},"categories":[89,80,1],"tags":[],"class_list":["post-8683","post","type-post","status-publish","format-standard","hentry","category-blog","category-toate-categoriile","category-uncategorized"],"_links":{"self":[{"href":"https:\/\/www.liceulprometeuprotalent.md\/index.php?rest_route=\/wp\/v2\/posts\/8683","targetHints":{"allow":["GET"]}}],"collection":[{"href":"https:\/\/www.liceulprometeuprotalent.md\/index.php?rest_route=\/wp\/v2\/posts"}],"about":[{"href":"https:\/\/www.liceulprometeuprotalent.md\/index.php?rest_route=\/wp\/v2\/types\/post"}],"author":[{"embeddable":true,"href":"https:\/\/www.liceulprometeuprotalent.md\/index.php?rest_route=\/wp\/v2\/users\/1"}],"replies":[{"embeddable":true,"href":"https:\/\/www.liceulprometeuprotalent.md\/index.php?rest_route=%2Fwp%2Fv2%2Fcomments&post=8683"}],"version-history":[{"count":2,"href":"https:\/\/www.liceulprometeuprotalent.md\/index.php?rest_route=\/wp\/v2\/posts\/8683\/revisions"}],"predecessor-version":[{"id":8719,"href":"https:\/\/www.liceulprometeuprotalent.md\/index.php?rest_route=\/wp\/v2\/posts\/8683\/revisions\/8719"}],"wp:attachment":[{"href":"https:\/\/www.liceulprometeuprotalent.md\/index.php?rest_route=%2Fwp%2Fv2%2Fmedia&parent=8683"}],"wp:term":[{"taxonomy":"category","embeddable":true,"href":"https:\/\/www.liceulprometeuprotalent.md\/index.php?rest_route=%2Fwp%2Fv2%2Fcategories&post=8683"},{"taxonomy":"post_tag","embeddable":true,"href":"https:\/\/www.liceulprometeuprotalent.md\/index.php?rest_route=%2Fwp%2Fv2%2Ftags&post=8683"}],"curies":[{"name":"wp","href":"https:\/\/api.w.org\/{rel}","templated":true}]}}