{"id":8693,"date":"2025-05-05T11:44:03","date_gmt":"2025-05-05T11:44:03","guid":{"rendered":"https:\/\/www.liceulprometeuprotalent.md\/?p=8693"},"modified":"2025-05-05T11:44:03","modified_gmt":"2025-05-05T11:44:03","slug":"excelenta-la-concursul-de-matematica-academicianul-mitrofan-ciobanu-editia-a-xv-a","status":"publish","type":"post","link":"https:\/\/www.liceulprometeuprotalent.md\/?p=8693","title":{"rendered":"Excelen\u021b\u0103 la Concursul de matematic\u0103 \u201eAcademicianul Mitrofan Ciobanu\u201d, edi\u021bia a XV-a"},"content":{"rendered":"<p>Rezultate excelente la Concursul de matematic\u0103 \u201eAcademicianul Mitrofan Ciobanu\u201d, edi\u021bia a XV-a, au ob\u021binut elevii Liceului de Creativitate \u0219i Inventic\u0103 \u201ePrometeu-Protalent\u201d. Ei \u0219i-au etalat inteligen\u021ba \u0219i pasiunea pentru matematic\u0103 \u00een fa\u021ba unui juriu competent \u0219i riguros, cucerind locurile de frunte dup\u0103 cum urmeaz\u0103:<\/p>\n<p><strong>Locul I<\/strong> \u2013 <strong>David Grecescu, \u0218tefan Vizir<\/strong> din clasa a VI-a \u201eB\u201d \u0219i <strong>Teo Ababii<\/strong> din clasa a VIII-a \u201eA\u201d, mentor doamna Maria Iarmenco, profesoar\u0103 de matematic\u0103, grad didactic superior;<\/p>\n<p><strong>Locul I<\/strong> \u2013 <strong>Andrei T\u00eeltu <\/strong>din clasa a VII-a \u201eC\u201d \u0219i <strong>Robert Until\u0103<\/strong> din clasa a VIII-a \u201eB\u201d; <strong>Locul II<\/strong> \u2013 <strong>Alexandru G\u0103l\u0103\u021banu<\/strong> din clasa a VIII-a \u201eC\u201d, <strong>Locul III<\/strong> &#8211; <strong>Chiril Rizov<\/strong> din clasa a VIII &#8211; \u201eC\u201d, mentor doamna Olga Dru\u021b\u0103, profesoar\u0103 de matematic\u0103, grad didactic I.<\/p>\n<p>Concursul, destinat elevilor din clasele a V-a \u2013 a IX-a, s-a desf\u0103\u0219urat pe data de 3 mai 2025, \u00een incinta Liceului Teoretic \u201eOrizont\u201d. La Concurs au participat elevi din \u00eentreaga republic\u0103. Competi\u021bia \u00ee\u0219i propune s\u0103 promoveze interesul elevilor pentru matematic\u0103 \u0219i s\u0103 impulsioneze motiva\u021bia pentru ob\u021binerea performan\u021belor \u00een domeniul \u0219tiin\u021belor reale.<\/p>\n<p>Felicit\u0103ri, dragi elevi! Ne bucur\u0103m mult pentru performan\u021bele voastre. V\u0103 dorim succese \u00een continuare!<\/p>\n<p>Felicit\u0103ri, stimate doamne profesoare Maria Iarmenco \u0219i Olga Dru\u021b\u0103! Succesele discipolilor sunt dovada responsabilit\u0103\u021bii, a efortului \u0219i a implic\u0103rii Dvs. la preg\u0103tirea lor pe calea performan\u021belor. V\u0103 exprim\u0103m calde mul\u021bumiri \u0219i sincere aprecieri.<\/p>\n<p style=\"text-align: center;\"><img decoding=\"async\" class=\"alignnone wp-image-8694 size-fusion-400\" src=\"https:\/\/www.liceulprometeuprotalent.md\/wp-content\/uploads\/2025\/05\/viber_image_2025-05-03_16-21-54-591-400x866.jpg\" alt=\"\" width=\"400\" height=\"866\" srcset=\"https:\/\/www.liceulprometeuprotalent.md\/wp-content\/uploads\/2025\/05\/viber_image_2025-05-03_16-21-54-591-139x300.jpg 139w, https:\/\/www.liceulprometeuprotalent.md\/wp-content\/uploads\/2025\/05\/viber_image_2025-05-03_16-21-54-591-200x433.jpg 200w, https:\/\/www.liceulprometeuprotalent.md\/wp-content\/uploads\/2025\/05\/viber_image_2025-05-03_16-21-54-591-400x866.jpg 400w, https:\/\/www.liceulprometeuprotalent.md\/wp-content\/uploads\/2025\/05\/viber_image_2025-05-03_16-21-54-591-473x1024.jpg 473w, https:\/\/www.liceulprometeuprotalent.md\/wp-content\/uploads\/2025\/05\/viber_image_2025-05-03_16-21-54-591-600x1299.jpg 600w, https:\/\/www.liceulprometeuprotalent.md\/wp-content\/uploads\/2025\/05\/viber_image_2025-05-03_16-21-54-591-709x1536.jpg 709w, https:\/\/www.liceulprometeuprotalent.md\/wp-content\/uploads\/2025\/05\/viber_image_2025-05-03_16-21-54-591.jpg 739w\" sizes=\"(max-width: 400px) 100vw, 400px\" \/> \u00a0<img decoding=\"async\" class=\"alignnone wp-image-8695 size-fusion-400\" src=\"https:\/\/www.liceulprometeuprotalent.md\/wp-content\/uploads\/2025\/05\/viber_image_2025-05-03_16-11-56-826-400x533.jpg\" alt=\"\" width=\"400\" height=\"533\" srcset=\"https:\/\/www.liceulprometeuprotalent.md\/wp-content\/uploads\/2025\/05\/viber_image_2025-05-03_16-11-56-826-200x267.jpg 200w, https:\/\/www.liceulprometeuprotalent.md\/wp-content\/uploads\/2025\/05\/viber_image_2025-05-03_16-11-56-826-225x300.jpg 225w, https:\/\/www.liceulprometeuprotalent.md\/wp-content\/uploads\/2025\/05\/viber_image_2025-05-03_16-11-56-826-400x533.jpg 400w, https:\/\/www.liceulprometeuprotalent.md\/wp-content\/uploads\/2025\/05\/viber_image_2025-05-03_16-11-56-826-600x800.jpg 600w, https:\/\/www.liceulprometeuprotalent.md\/wp-content\/uploads\/2025\/05\/viber_image_2025-05-03_16-11-56-826-768x1024.jpg 768w, https:\/\/www.liceulprometeuprotalent.md\/wp-content\/uploads\/2025\/05\/viber_image_2025-05-03_16-11-56-826-800x1067.jpg 800w, https:\/\/www.liceulprometeuprotalent.md\/wp-content\/uploads\/2025\/05\/viber_image_2025-05-03_16-11-56-826-1152x1536.jpg 1152w, https:\/\/www.liceulprometeuprotalent.md\/wp-content\/uploads\/2025\/05\/viber_image_2025-05-03_16-11-56-826.jpg 1200w\" sizes=\"(max-width: 400px) 100vw, 400px\" \/><\/p>\n<p>&nbsp;<\/p>\n<p>&nbsp;<\/p>\n","protected":false},"excerpt":{"rendered":"<p>Rezultate excelente la Concursul de matematic\u0103 \u201eAcademicianul Mitrofan Ciobanu\u201d, edi\u021bia a XV-a, au ob\u021binut elevii Liceului de Creativitate \u0219i Inventic\u0103 \u201ePrometeu-Protalent\u201d. Ei \u0219i-au etalat inteligen\u021ba \u0219i pasiunea pentru matematic\u0103 \u00een fa\u021ba unui juriu competent \u0219i riguros, cucerind locurile de frunte dup\u0103 cum urmeaz\u0103: Locul I \u2013 David Grecescu, \u0218tefan Vizir din clasa a VI-a \u201eB\u201d [&hellip;]<\/p>\n","protected":false},"author":1,"featured_media":8695,"comment_status":"open","ping_status":"open","sticky":false,"template":"","format":"standard","meta":{"_price":"","_stock":"","_tribe_ticket_header":"","_tribe_default_ticket_provider":"","_tribe_ticket_capacity":"0","_ticket_start_date":"","_ticket_end_date":"","_tribe_ticket_show_description":"","_tribe_ticket_show_not_going":false,"_tribe_ticket_use_global_stock":"","_tribe_ticket_global_stock_level":"","_global_stock_mode":"","_global_stock_cap":"","_tribe_rsvp_for_event":"","_tribe_ticket_going_count":"","_tribe_ticket_not_going_count":"","_tribe_tickets_list":"[]","_tribe_ticket_has_attendee_info_fields":false,"footnotes":""},"categories":[89,80,1],"tags":[],"class_list":["post-8693","post","type-post","status-publish","format-standard","has-post-thumbnail","hentry","category-blog","category-toate-categoriile","category-uncategorized"],"_links":{"self":[{"href":"https:\/\/www.liceulprometeuprotalent.md\/index.php?rest_route=\/wp\/v2\/posts\/8693","targetHints":{"allow":["GET"]}}],"collection":[{"href":"https:\/\/www.liceulprometeuprotalent.md\/index.php?rest_route=\/wp\/v2\/posts"}],"about":[{"href":"https:\/\/www.liceulprometeuprotalent.md\/index.php?rest_route=\/wp\/v2\/types\/post"}],"author":[{"embeddable":true,"href":"https:\/\/www.liceulprometeuprotalent.md\/index.php?rest_route=\/wp\/v2\/users\/1"}],"replies":[{"embeddable":true,"href":"https:\/\/www.liceulprometeuprotalent.md\/index.php?rest_route=%2Fwp%2Fv2%2Fcomments&post=8693"}],"version-history":[{"count":1,"href":"https:\/\/www.liceulprometeuprotalent.md\/index.php?rest_route=\/wp\/v2\/posts\/8693\/revisions"}],"predecessor-version":[{"id":8696,"href":"https:\/\/www.liceulprometeuprotalent.md\/index.php?rest_route=\/wp\/v2\/posts\/8693\/revisions\/8696"}],"wp:featuredmedia":[{"embeddable":true,"href":"https:\/\/www.liceulprometeuprotalent.md\/index.php?rest_route=\/wp\/v2\/media\/8695"}],"wp:attachment":[{"href":"https:\/\/www.liceulprometeuprotalent.md\/index.php?rest_route=%2Fwp%2Fv2%2Fmedia&parent=8693"}],"wp:term":[{"taxonomy":"category","embeddable":true,"href":"https:\/\/www.liceulprometeuprotalent.md\/index.php?rest_route=%2Fwp%2Fv2%2Fcategories&post=8693"},{"taxonomy":"post_tag","embeddable":true,"href":"https:\/\/www.liceulprometeuprotalent.md\/index.php?rest_route=%2Fwp%2Fv2%2Ftags&post=8693"}],"curies":[{"name":"wp","href":"https:\/\/api.w.org\/{rel}","templated":true}]}}