{"id":8697,"date":"2025-05-06T13:43:12","date_gmt":"2025-05-06T13:43:12","guid":{"rendered":"https:\/\/www.liceulprometeuprotalent.md\/?p=8697"},"modified":"2025-05-06T13:43:12","modified_gmt":"2025-05-06T13:43:12","slug":"inca-o-medalie-de-vicecampion-mondial","status":"publish","type":"post","link":"https:\/\/www.liceulprometeuprotalent.md\/?p=8697","title":{"rendered":"\u00cenc\u0103 o medalie de vicecampion mondial"},"content":{"rendered":"<p>Emil Ro\u0219ca din clasa a IX-a \u201eB\u201d a Liceului de Creativitate \u0219i Inventic\u0103 \u201ePrometeu-Protalent\u201d a mai ad\u0103ugat o victorie r\u0103sun\u0103toare \u00een palmaresul s\u0103u impresionant de succese sportive. El a devenit medaliat cu bronz la Campionatul Mondial de Karate Kyokushinkai, edi\u021bia a VII-a, care s-a desf\u0103\u0219urat \u00een perioada 26-27 aprilie 2025, la Tokyo, Japonia. La Campionatul care a \u00eentrunit peste 1500 de participan\u021bi din toat\u0103 lumea, Emil a participat la categoria juniori \u2013 15 ani, demonstr\u00e2nd o preg\u0103tire impecabil\u0103, care i-a asigurat marele succes.<\/p>\n<p>Performan\u021bele extraordinare ale lui Emil se datoreaz\u0103 unei \u00eendelungate activit\u0103\u021bi sportive, care necesit\u0103 disciplin\u0103 strict\u0103 \u0219i efort enorm. Colegul nostru practic\u0103 acest sport de la v\u00e2rsta de 6 ani \u0219i e cel mai concludent exemplu demn de urmat pentru cei din jur. Activitatea sportiv\u0103 l-a ajutat s\u0103-\u0219i cultive calit\u0103\u021bi precum responsabilitatea, autodisciplina, perseveren\u021ba, determinarea \u0219i orientarea spre ob\u021binerea performan\u021belor, inclusiv c\u00e2nd e vorba de cele academice.<\/p>\n<p>Felicit\u0103ri, dragul nostru campion! \u00ce\u021bi dorim noi victorii \u00een tot ce \u021bine de \u00eemplinirea destinului. Suntem m\u00e2ndri de tine!<\/p>\n<p>Felicit\u0103ri \u0219i mul\u021bumiri deosebite adres\u0103m doamnei diriginte Zinaida V\u00eerlan, profesoar\u0103 de limba francez\u0103, grad didactic superior, director adjunct pentru instruire, antrenorilor \u0219i p\u0103rin\u021bilor lui Emil, care l-au \u00eencurajat \u0219i sus\u021binut mereu pentru \u00eensu\u0219irea modului s\u0103n\u0103tos de via\u021b\u0103, capabil s\u0103 asigure reu\u0219ita \u00een toate.<\/p>\n<p><img decoding=\"async\" class=\"alignnone wp-image-8698 size-fusion-400\" src=\"https:\/\/www.liceulprometeuprotalent.md\/wp-content\/uploads\/2025\/05\/viber_image_2025-05-05_21-57-49-523-400x867.jpg\" alt=\"\" width=\"400\" height=\"867\" srcset=\"https:\/\/www.liceulprometeuprotalent.md\/wp-content\/uploads\/2025\/05\/viber_image_2025-05-05_21-57-49-523-138x300.jpg 138w, https:\/\/www.liceulprometeuprotalent.md\/wp-content\/uploads\/2025\/05\/viber_image_2025-05-05_21-57-49-523-200x433.jpg 200w, https:\/\/www.liceulprometeuprotalent.md\/wp-content\/uploads\/2025\/05\/viber_image_2025-05-05_21-57-49-523-400x867.jpg 400w, https:\/\/www.liceulprometeuprotalent.md\/wp-content\/uploads\/2025\/05\/viber_image_2025-05-05_21-57-49-523-473x1024.jpg 473w, https:\/\/www.liceulprometeuprotalent.md\/wp-content\/uploads\/2025\/05\/viber_image_2025-05-05_21-57-49-523-600x1300.jpg 600w, https:\/\/www.liceulprometeuprotalent.md\/wp-content\/uploads\/2025\/05\/viber_image_2025-05-05_21-57-49-523-709x1536.jpg 709w, https:\/\/www.liceulprometeuprotalent.md\/wp-content\/uploads\/2025\/05\/viber_image_2025-05-05_21-57-49-523.jpg 738w\" sizes=\"(max-width: 400px) 100vw, 400px\" \/> <img decoding=\"async\" class=\"alignnone wp-image-8699 size-fusion-400\" src=\"https:\/\/www.liceulprometeuprotalent.md\/wp-content\/uploads\/2025\/05\/viber_image_2025-05-05_21-57-49-026-400x867.jpg\" alt=\"\" width=\"400\" height=\"867\" srcset=\"https:\/\/www.liceulprometeuprotalent.md\/wp-content\/uploads\/2025\/05\/viber_image_2025-05-05_21-57-49-026-138x300.jpg 138w, https:\/\/www.liceulprometeuprotalent.md\/wp-content\/uploads\/2025\/05\/viber_image_2025-05-05_21-57-49-026-200x433.jpg 200w, https:\/\/www.liceulprometeuprotalent.md\/wp-content\/uploads\/2025\/05\/viber_image_2025-05-05_21-57-49-026-400x867.jpg 400w, https:\/\/www.liceulprometeuprotalent.md\/wp-content\/uploads\/2025\/05\/viber_image_2025-05-05_21-57-49-026-473x1024.jpg 473w, https:\/\/www.liceulprometeuprotalent.md\/wp-content\/uploads\/2025\/05\/viber_image_2025-05-05_21-57-49-026-600x1300.jpg 600w, https:\/\/www.liceulprometeuprotalent.md\/wp-content\/uploads\/2025\/05\/viber_image_2025-05-05_21-57-49-026-709x1536.jpg 709w, https:\/\/www.liceulprometeuprotalent.md\/wp-content\/uploads\/2025\/05\/viber_image_2025-05-05_21-57-49-026.jpg 738w\" sizes=\"(max-width: 400px) 100vw, 400px\" \/> <img decoding=\"async\" class=\"alignnone wp-image-8700 size-fusion-400\" src=\"https:\/\/www.liceulprometeuprotalent.md\/wp-content\/uploads\/2025\/05\/viber_image_2025-05-05_21-57-46-818-400x867.jpg\" alt=\"\" width=\"400\" height=\"867\" srcset=\"https:\/\/www.liceulprometeuprotalent.md\/wp-content\/uploads\/2025\/05\/viber_image_2025-05-05_21-57-46-818-138x300.jpg 138w, https:\/\/www.liceulprometeuprotalent.md\/wp-content\/uploads\/2025\/05\/viber_image_2025-05-05_21-57-46-818-200x433.jpg 200w, https:\/\/www.liceulprometeuprotalent.md\/wp-content\/uploads\/2025\/05\/viber_image_2025-05-05_21-57-46-818-400x867.jpg 400w, https:\/\/www.liceulprometeuprotalent.md\/wp-content\/uploads\/2025\/05\/viber_image_2025-05-05_21-57-46-818-473x1024.jpg 473w, https:\/\/www.liceulprometeuprotalent.md\/wp-content\/uploads\/2025\/05\/viber_image_2025-05-05_21-57-46-818-600x1300.jpg 600w, https:\/\/www.liceulprometeuprotalent.md\/wp-content\/uploads\/2025\/05\/viber_image_2025-05-05_21-57-46-818-709x1536.jpg 709w, https:\/\/www.liceulprometeuprotalent.md\/wp-content\/uploads\/2025\/05\/viber_image_2025-05-05_21-57-46-818.jpg 738w\" sizes=\"(max-width: 400px) 100vw, 400px\" \/><\/p>\n","protected":false},"excerpt":{"rendered":"<p>Emil Ro\u0219ca din clasa a IX-a \u201eB\u201d a Liceului de Creativitate \u0219i Inventic\u0103 \u201ePrometeu-Protalent\u201d a mai ad\u0103ugat o victorie r\u0103sun\u0103toare \u00een palmaresul s\u0103u impresionant de succese sportive. El a devenit medaliat cu bronz la Campionatul Mondial de Karate Kyokushinkai, edi\u021bia a VII-a, care s-a desf\u0103\u0219urat \u00een perioada 26-27 aprilie 2025, la Tokyo, Japonia. La Campionatul [&hellip;]<\/p>\n","protected":false},"author":1,"featured_media":8699,"comment_status":"open","ping_status":"open","sticky":false,"template":"","format":"standard","meta":{"_price":"","_stock":"","_tribe_ticket_header":"","_tribe_default_ticket_provider":"","_tribe_ticket_capacity":"0","_ticket_start_date":"","_ticket_end_date":"","_tribe_ticket_show_description":"","_tribe_ticket_show_not_going":false,"_tribe_ticket_use_global_stock":"","_tribe_ticket_global_stock_level":"","_global_stock_mode":"","_global_stock_cap":"","_tribe_rsvp_for_event":"","_tribe_ticket_going_count":"","_tribe_ticket_not_going_count":"","_tribe_tickets_list":"[]","_tribe_ticket_has_attendee_info_fields":false,"footnotes":""},"categories":[89,80,1],"tags":[],"class_list":["post-8697","post","type-post","status-publish","format-standard","has-post-thumbnail","hentry","category-blog","category-toate-categoriile","category-uncategorized"],"_links":{"self":[{"href":"https:\/\/www.liceulprometeuprotalent.md\/index.php?rest_route=\/wp\/v2\/posts\/8697","targetHints":{"allow":["GET"]}}],"collection":[{"href":"https:\/\/www.liceulprometeuprotalent.md\/index.php?rest_route=\/wp\/v2\/posts"}],"about":[{"href":"https:\/\/www.liceulprometeuprotalent.md\/index.php?rest_route=\/wp\/v2\/types\/post"}],"author":[{"embeddable":true,"href":"https:\/\/www.liceulprometeuprotalent.md\/index.php?rest_route=\/wp\/v2\/users\/1"}],"replies":[{"embeddable":true,"href":"https:\/\/www.liceulprometeuprotalent.md\/index.php?rest_route=%2Fwp%2Fv2%2Fcomments&post=8697"}],"version-history":[{"count":1,"href":"https:\/\/www.liceulprometeuprotalent.md\/index.php?rest_route=\/wp\/v2\/posts\/8697\/revisions"}],"predecessor-version":[{"id":8701,"href":"https:\/\/www.liceulprometeuprotalent.md\/index.php?rest_route=\/wp\/v2\/posts\/8697\/revisions\/8701"}],"wp:featuredmedia":[{"embeddable":true,"href":"https:\/\/www.liceulprometeuprotalent.md\/index.php?rest_route=\/wp\/v2\/media\/8699"}],"wp:attachment":[{"href":"https:\/\/www.liceulprometeuprotalent.md\/index.php?rest_route=%2Fwp%2Fv2%2Fmedia&parent=8697"}],"wp:term":[{"taxonomy":"category","embeddable":true,"href":"https:\/\/www.liceulprometeuprotalent.md\/index.php?rest_route=%2Fwp%2Fv2%2Fcategories&post=8697"},{"taxonomy":"post_tag","embeddable":true,"href":"https:\/\/www.liceulprometeuprotalent.md\/index.php?rest_route=%2Fwp%2Fv2%2Ftags&post=8697"}],"curies":[{"name":"wp","href":"https:\/\/api.w.org\/{rel}","templated":true}]}}