{"id":8702,"date":"2025-05-06T13:45:26","date_gmt":"2025-05-06T13:45:26","guid":{"rendered":"https:\/\/www.liceulprometeuprotalent.md\/?p=8702"},"modified":"2025-05-06T13:45:26","modified_gmt":"2025-05-06T13:45:26","slug":"pasiunea-admirabila-pentru-rostirea-inspirata-a-cuvantului","status":"publish","type":"post","link":"https:\/\/www.liceulprometeuprotalent.md\/?p=8702","title":{"rendered":"Pasiunea admirabil\u0103 pentru rostirea inspirat\u0103 a cuv\u00e2ntului"},"content":{"rendered":"<p>Pe data de 22 aprilie 2025, \u00een plin\u0103 vacan\u021b\u0103 de Sfintele Pa\u0219ti, elevele Andreea Carla\u0219uc \u0219i Nicoleta Ghedrovici de la Liceul de Creativitate \u0219i Inventica ,,Prometeu-Protalent\u201d au participat la lansarea antologiei \u201eDin vatra str\u0103bun\u0103\u201d, care a avut loc la Biblioteca Municipal\u0103 \u201eB. P. Hasdeu\u201d din Chi\u0219in\u0103u, \u00een cadrul Clubului de discu\u021bii \u201eImpresii din via\u021b\u0103 \u0219i c\u0103r\u021bi\u201d. Colegele noastre au recitat versuri din respectiva antologie \u0219i au \u00eenc\u00e2ntat publicul prin talent, expresivitate \u0219i d\u0103ruire.<\/p>\n<p>Antologia \u201eDin vatra str\u0103bun\u0103\u201d a fost alc\u0103tuit\u0103 de doamna Svetlana Vizitiu, \u0219ef sector promovare la Biblioteca Central\u0103 a BM \u201eB. P. Hasdeu\u201d. Volumul a fost dedicat bibliotecarilor, \u00een ajunul Zilei Mondiale a Bibliotecarilor \u0219i a Drepturilor de Autor, care se s\u0103rb\u0103tore\u0219te anual pe data de 23 aprilie. Au moderat evenimentul doamna Lidia Kulikovschi, bibliotecar\u0103 \u0219i bibliograf\u0103 \u0219i doamna Veronica P\u00eerlea Conovali, scriitoare \u0219i profesoar\u0103 de istorie, bunica elevei Andreea Carlasuc.<\/p>\n<p>Men\u021bion\u0103m c\u0103 evoluarea impresionant\u0103 a elevelor Liceului \u201ePrometeu-Protalent\u201d se datoreaz\u0103 uceniciei lor \u00een cadrul cercului de dic\u021bie \u0219i arta vorbirii, condus de doamna Diana Decusear\u0103-Onic\u0103, artist\u0103 a poporului.<\/p>\n<p>\u201eBravo fetelor! A\u021bi fost minunate. Mul\u021bumim din inim\u0103 pentru efort \u0219i participare\u201d, acestea au fost cuvintele de apreciere a elevelor noastre din partea organizatorilor.<\/p>\n<p>Bravo fetelor!, zicem \u0219i noi. Admirabil\u0103 este pasiunea voastr\u0103 pentru rostirea inspirat\u0103 a cuv\u00e2ntului.<\/p>\n<p style=\"text-align: center;\">\u00a0 <img decoding=\"async\" class=\"alignnone wp-image-8703 size-fusion-400\" src=\"https:\/\/www.liceulprometeuprotalent.md\/wp-content\/uploads\/2025\/05\/viber_image_2025-04-24_09-04-09-269-400x514.jpg\" alt=\"\" width=\"400\" height=\"514\" srcset=\"https:\/\/www.liceulprometeuprotalent.md\/wp-content\/uploads\/2025\/05\/viber_image_2025-04-24_09-04-09-269-200x257.jpg 200w, https:\/\/www.liceulprometeuprotalent.md\/wp-content\/uploads\/2025\/05\/viber_image_2025-04-24_09-04-09-269-233x300.jpg 233w, https:\/\/www.liceulprometeuprotalent.md\/wp-content\/uploads\/2025\/05\/viber_image_2025-04-24_09-04-09-269-400x514.jpg 400w, https:\/\/www.liceulprometeuprotalent.md\/wp-content\/uploads\/2025\/05\/viber_image_2025-04-24_09-04-09-269-600x771.jpg 600w, https:\/\/www.liceulprometeuprotalent.md\/wp-content\/uploads\/2025\/05\/viber_image_2025-04-24_09-04-09-269-768x987.jpg 768w, https:\/\/www.liceulprometeuprotalent.md\/wp-content\/uploads\/2025\/05\/viber_image_2025-04-24_09-04-09-269-797x1024.jpg 797w, https:\/\/www.liceulprometeuprotalent.md\/wp-content\/uploads\/2025\/05\/viber_image_2025-04-24_09-04-09-269-800x1028.jpg 800w, https:\/\/www.liceulprometeuprotalent.md\/wp-content\/uploads\/2025\/05\/viber_image_2025-04-24_09-04-09-269.jpg 1170w\" sizes=\"(max-width: 400px) 100vw, 400px\" \/>\u00a0<img decoding=\"async\" class=\"alignnone wp-image-8705 size-fusion-400\" src=\"https:\/\/www.liceulprometeuprotalent.md\/wp-content\/uploads\/2025\/05\/viber_image_2025-04-23_11-37-58-889-400x533.jpg\" alt=\"\" width=\"400\" height=\"533\" srcset=\"https:\/\/www.liceulprometeuprotalent.md\/wp-content\/uploads\/2025\/05\/viber_image_2025-04-23_11-37-58-889-200x267.jpg 200w, https:\/\/www.liceulprometeuprotalent.md\/wp-content\/uploads\/2025\/05\/viber_image_2025-04-23_11-37-58-889-225x300.jpg 225w, https:\/\/www.liceulprometeuprotalent.md\/wp-content\/uploads\/2025\/05\/viber_image_2025-04-23_11-37-58-889-400x533.jpg 400w, https:\/\/www.liceulprometeuprotalent.md\/wp-content\/uploads\/2025\/05\/viber_image_2025-04-23_11-37-58-889-600x800.jpg 600w, https:\/\/www.liceulprometeuprotalent.md\/wp-content\/uploads\/2025\/05\/viber_image_2025-04-23_11-37-58-889-768x1024.jpg 768w, https:\/\/www.liceulprometeuprotalent.md\/wp-content\/uploads\/2025\/05\/viber_image_2025-04-23_11-37-58-889-800x1067.jpg 800w, https:\/\/www.liceulprometeuprotalent.md\/wp-content\/uploads\/2025\/05\/viber_image_2025-04-23_11-37-58-889-1152x1536.jpg 1152w, https:\/\/www.liceulprometeuprotalent.md\/wp-content\/uploads\/2025\/05\/viber_image_2025-04-23_11-37-58-889.jpg 1200w\" sizes=\"(max-width: 400px) 100vw, 400px\" \/><\/p>\n","protected":false},"excerpt":{"rendered":"<p>Pe data de 22 aprilie 2025, \u00een plin\u0103 vacan\u021b\u0103 de Sfintele Pa\u0219ti, elevele Andreea Carla\u0219uc \u0219i Nicoleta Ghedrovici de la Liceul de Creativitate \u0219i Inventica ,,Prometeu-Protalent\u201d au participat la lansarea antologiei \u201eDin vatra str\u0103bun\u0103\u201d, care a avut loc la Biblioteca Municipal\u0103 \u201eB. P. Hasdeu\u201d din Chi\u0219in\u0103u, \u00een cadrul Clubului de discu\u021bii \u201eImpresii din via\u021b\u0103 \u0219i [&hellip;]<\/p>\n","protected":false},"author":1,"featured_media":8704,"comment_status":"open","ping_status":"open","sticky":false,"template":"","format":"standard","meta":{"_price":"","_stock":"","_tribe_ticket_header":"","_tribe_default_ticket_provider":"","_tribe_ticket_capacity":"0","_ticket_start_date":"","_ticket_end_date":"","_tribe_ticket_show_description":"","_tribe_ticket_show_not_going":false,"_tribe_ticket_use_global_stock":"","_tribe_ticket_global_stock_level":"","_global_stock_mode":"","_global_stock_cap":"","_tribe_rsvp_for_event":"","_tribe_ticket_going_count":"","_tribe_ticket_not_going_count":"","_tribe_tickets_list":"[]","_tribe_ticket_has_attendee_info_fields":false,"footnotes":""},"categories":[89,80,1],"tags":[],"class_list":["post-8702","post","type-post","status-publish","format-standard","has-post-thumbnail","hentry","category-blog","category-toate-categoriile","category-uncategorized"],"_links":{"self":[{"href":"https:\/\/www.liceulprometeuprotalent.md\/index.php?rest_route=\/wp\/v2\/posts\/8702","targetHints":{"allow":["GET"]}}],"collection":[{"href":"https:\/\/www.liceulprometeuprotalent.md\/index.php?rest_route=\/wp\/v2\/posts"}],"about":[{"href":"https:\/\/www.liceulprometeuprotalent.md\/index.php?rest_route=\/wp\/v2\/types\/post"}],"author":[{"embeddable":true,"href":"https:\/\/www.liceulprometeuprotalent.md\/index.php?rest_route=\/wp\/v2\/users\/1"}],"replies":[{"embeddable":true,"href":"https:\/\/www.liceulprometeuprotalent.md\/index.php?rest_route=%2Fwp%2Fv2%2Fcomments&post=8702"}],"version-history":[{"count":1,"href":"https:\/\/www.liceulprometeuprotalent.md\/index.php?rest_route=\/wp\/v2\/posts\/8702\/revisions"}],"predecessor-version":[{"id":8706,"href":"https:\/\/www.liceulprometeuprotalent.md\/index.php?rest_route=\/wp\/v2\/posts\/8702\/revisions\/8706"}],"wp:featuredmedia":[{"embeddable":true,"href":"https:\/\/www.liceulprometeuprotalent.md\/index.php?rest_route=\/wp\/v2\/media\/8704"}],"wp:attachment":[{"href":"https:\/\/www.liceulprometeuprotalent.md\/index.php?rest_route=%2Fwp%2Fv2%2Fmedia&parent=8702"}],"wp:term":[{"taxonomy":"category","embeddable":true,"href":"https:\/\/www.liceulprometeuprotalent.md\/index.php?rest_route=%2Fwp%2Fv2%2Fcategories&post=8702"},{"taxonomy":"post_tag","embeddable":true,"href":"https:\/\/www.liceulprometeuprotalent.md\/index.php?rest_route=%2Fwp%2Fv2%2Ftags&post=8702"}],"curies":[{"name":"wp","href":"https:\/\/api.w.org\/{rel}","templated":true}]}}