{"id":8723,"date":"2025-05-13T13:17:33","date_gmt":"2025-05-13T13:17:33","guid":{"rendered":"https:\/\/www.liceulprometeuprotalent.md\/?p=8723"},"modified":"2025-05-13T13:17:33","modified_gmt":"2025-05-13T13:17:33","slug":"cine-nu-si-cunoaste-trecutul-e-condamnat-sa-l-repete-nicolae-iorga","status":"publish","type":"post","link":"https:\/\/www.liceulprometeuprotalent.md\/?p=8723","title":{"rendered":"\u201eCine nu-\u0219i cunoa\u0219te trecutul, e condamnat s\u0103-l repete\u201d \u2013 Nicolae Iorga"},"content":{"rendered":"<p>Joi, 8 mai 2025, la Liceul de Creativitate \u0219i Inventic\u0103 \u201ePrometeu-Protalent\u201d, ca \u0219i \u00een toate institu\u021biile de \u00eenv\u0103\u021b\u0103m\u00e2nt preuniversitar din Republica Moldova, elevii claselor a V-a \u2013 a XII-a au vizionat filmul \u201eSiberia din oase\u201d (realizator \u2013 OWH Studio, \u00een regia Leontinei Vatamanu), dedicat basarabenilor deporta\u021bi \u00een perioada anilor 1941-1949.<\/p>\n<p>Filmul, creat \u00een baza m\u0103rturiilor a patru fo\u0219ti deporta\u021bi, reconstituie o pagin\u0103 neagr\u0103 din istoria recent\u0103 (al doilea, cel mai mare val de deport\u0103ri din noaptea de 5 spre 6 iulie 1949) a popula\u021biei din spa\u021biul pruto-nistrean, c\u00e2nd mii de familii, ridicate \u00een plin\u0103 noapte, au fost urcate \u00een vagoane pentru vite \u0219i duse \u00een Siberia.<\/p>\n<p>Filmul a fost urm\u0103rit cu emo\u021bii, aten\u021bie sporit\u0103 \u0219i v\u0103dit interes pentru pagina de istorie a poporului nostru.<\/p>\n<p>P\u00e2n\u0103 \u0219i profesorii, care au vizionat filmul, \u00eempreun\u0103 cu liceenii, au l\u0103crimat, recunosc\u00e2ndu-\u0219i rudele intervievate.<\/p>\n<p>Suntem recunosc\u0103tori echipei ce a realizat filmul \u0219i ini\u021biativei MEC.<\/p>\n<p>Dup\u0103 vizionare, Nicolae Chi\u0219c\u0103 din clasa a X-a \u201eB\u201d a \u00eemp\u0103rt\u0103\u0219it c\u00e2teva impresii: \u201eDeport\u0103rile au fost un eveniment foarte tragic pentru predecesorii no\u0219tri. Precum am v\u0103zut \u00een film, familiile au fost dezmembrate &#8211; p\u0103rin\u021bii au fost desp\u0103r\u021bi\u021bi de copii \u0219i copiii de p\u0103rin\u021bi. Filmul ne-a produs emo\u021bii puternice \u0219i este important s\u0103-l vizion\u0103m \u0219i s\u0103-l \u00een\u021belegem\u201d. Iar Antonia Cotelea din aceea\u0219i clas\u0103, a opinat pe marginea peliculei cinematografice: \u201eFilmul ne vorbe\u0219te despre suferin\u021bele victimelor deport\u0103rilor, care au afectat mii de familii cu mul\u021bi copiii. E teribil s\u0103 tr\u0103ie\u0219ti astfel de momente, c\u00e2nd nu \u0219tii ce \u021bi se poate \u00eent\u00e2mpla: \u00ee\u021bi vei mai revedea vreodat\u0103 familia, te vei mai \u00eentoarce pe locurile natale? F\u0103r\u0103 \u00eendoial\u0103, filmul e binevenit pentru fiecare dintre noi\u201d.<\/p>\n<p>\u201eSiberia din oase\u201d este o m\u0103rturie zguduitoare a ceea ce au \u00eensemnat deport\u0103rile \u00een spa\u021biul nostru, a completat dl Sergiu \u0218argarovschi, profesor de fizic\u0103, director adjunct. Noi, urma\u0219ii acestei genera\u021bii de martiri, trebuie s\u0103 ne cunoa\u0219tem istoria, ca s\u0103 nu mai admitem s\u0103 se mai repete astfel de tragedii\u201d.<\/p>\n<p>&nbsp;<\/p>\n<p style=\"text-align: center;\"><img decoding=\"async\" class=\"alignnone wp-image-8724 size-fusion-400\" src=\"https:\/\/www.liceulprometeuprotalent.md\/wp-content\/uploads\/2025\/05\/20250508_120443-400x180.jpg\" alt=\"\" width=\"400\" height=\"180\" srcset=\"https:\/\/www.liceulprometeuprotalent.md\/wp-content\/uploads\/2025\/05\/20250508_120443-200x90.jpg 200w, https:\/\/www.liceulprometeuprotalent.md\/wp-content\/uploads\/2025\/05\/20250508_120443-300x135.jpg 300w, https:\/\/www.liceulprometeuprotalent.md\/wp-content\/uploads\/2025\/05\/20250508_120443-400x180.jpg 400w, https:\/\/www.liceulprometeuprotalent.md\/wp-content\/uploads\/2025\/05\/20250508_120443-600x270.jpg 600w, https:\/\/www.liceulprometeuprotalent.md\/wp-content\/uploads\/2025\/05\/20250508_120443-768x346.jpg 768w, https:\/\/www.liceulprometeuprotalent.md\/wp-content\/uploads\/2025\/05\/20250508_120443-800x360.jpg 800w, https:\/\/www.liceulprometeuprotalent.md\/wp-content\/uploads\/2025\/05\/20250508_120443-1024x461.jpg 1024w, https:\/\/www.liceulprometeuprotalent.md\/wp-content\/uploads\/2025\/05\/20250508_120443-1200x540.jpg 1200w, https:\/\/www.liceulprometeuprotalent.md\/wp-content\/uploads\/2025\/05\/20250508_120443-1536x691.jpg 1536w\" sizes=\"(max-width: 400px) 100vw, 400px\" \/> <img decoding=\"async\" class=\"alignnone wp-image-8725 size-fusion-400\" src=\"https:\/\/www.liceulprometeuprotalent.md\/wp-content\/uploads\/2025\/05\/20250508_120648-400x180.jpg\" alt=\"\" width=\"400\" height=\"180\" srcset=\"https:\/\/www.liceulprometeuprotalent.md\/wp-content\/uploads\/2025\/05\/20250508_120648-200x90.jpg 200w, https:\/\/www.liceulprometeuprotalent.md\/wp-content\/uploads\/2025\/05\/20250508_120648-300x135.jpg 300w, https:\/\/www.liceulprometeuprotalent.md\/wp-content\/uploads\/2025\/05\/20250508_120648-400x180.jpg 400w, https:\/\/www.liceulprometeuprotalent.md\/wp-content\/uploads\/2025\/05\/20250508_120648-600x270.jpg 600w, https:\/\/www.liceulprometeuprotalent.md\/wp-content\/uploads\/2025\/05\/20250508_120648-768x346.jpg 768w, https:\/\/www.liceulprometeuprotalent.md\/wp-content\/uploads\/2025\/05\/20250508_120648-800x360.jpg 800w, https:\/\/www.liceulprometeuprotalent.md\/wp-content\/uploads\/2025\/05\/20250508_120648-1024x461.jpg 1024w, https:\/\/www.liceulprometeuprotalent.md\/wp-content\/uploads\/2025\/05\/20250508_120648-1200x540.jpg 1200w, https:\/\/www.liceulprometeuprotalent.md\/wp-content\/uploads\/2025\/05\/20250508_120648-1536x691.jpg 1536w\" sizes=\"(max-width: 400px) 100vw, 400px\" \/><\/p>\n","protected":false},"excerpt":{"rendered":"<p>Joi, 8 mai 2025, la Liceul de Creativitate \u0219i Inventic\u0103 \u201ePrometeu-Protalent\u201d, ca \u0219i \u00een toate institu\u021biile de \u00eenv\u0103\u021b\u0103m\u00e2nt preuniversitar din Republica Moldova, elevii claselor a V-a \u2013 a XII-a au vizionat filmul \u201eSiberia din oase\u201d (realizator \u2013 OWH Studio, \u00een regia Leontinei Vatamanu), dedicat basarabenilor deporta\u021bi \u00een perioada anilor 1941-1949. Filmul, creat \u00een baza m\u0103rturiilor [&hellip;]<\/p>\n","protected":false},"author":1,"featured_media":0,"comment_status":"open","ping_status":"open","sticky":false,"template":"","format":"standard","meta":{"_price":"","_stock":"","_tribe_ticket_header":"","_tribe_default_ticket_provider":"","_tribe_ticket_capacity":"0","_ticket_start_date":"","_ticket_end_date":"","_tribe_ticket_show_description":"","_tribe_ticket_show_not_going":false,"_tribe_ticket_use_global_stock":"","_tribe_ticket_global_stock_level":"","_global_stock_mode":"","_global_stock_cap":"","_tribe_rsvp_for_event":"","_tribe_ticket_going_count":"","_tribe_ticket_not_going_count":"","_tribe_tickets_list":"[]","_tribe_ticket_has_attendee_info_fields":false,"footnotes":""},"categories":[89,80,1],"tags":[],"class_list":["post-8723","post","type-post","status-publish","format-standard","hentry","category-blog","category-toate-categoriile","category-uncategorized"],"_links":{"self":[{"href":"https:\/\/www.liceulprometeuprotalent.md\/index.php?rest_route=\/wp\/v2\/posts\/8723","targetHints":{"allow":["GET"]}}],"collection":[{"href":"https:\/\/www.liceulprometeuprotalent.md\/index.php?rest_route=\/wp\/v2\/posts"}],"about":[{"href":"https:\/\/www.liceulprometeuprotalent.md\/index.php?rest_route=\/wp\/v2\/types\/post"}],"author":[{"embeddable":true,"href":"https:\/\/www.liceulprometeuprotalent.md\/index.php?rest_route=\/wp\/v2\/users\/1"}],"replies":[{"embeddable":true,"href":"https:\/\/www.liceulprometeuprotalent.md\/index.php?rest_route=%2Fwp%2Fv2%2Fcomments&post=8723"}],"version-history":[{"count":2,"href":"https:\/\/www.liceulprometeuprotalent.md\/index.php?rest_route=\/wp\/v2\/posts\/8723\/revisions"}],"predecessor-version":[{"id":8727,"href":"https:\/\/www.liceulprometeuprotalent.md\/index.php?rest_route=\/wp\/v2\/posts\/8723\/revisions\/8727"}],"wp:attachment":[{"href":"https:\/\/www.liceulprometeuprotalent.md\/index.php?rest_route=%2Fwp%2Fv2%2Fmedia&parent=8723"}],"wp:term":[{"taxonomy":"category","embeddable":true,"href":"https:\/\/www.liceulprometeuprotalent.md\/index.php?rest_route=%2Fwp%2Fv2%2Fcategories&post=8723"},{"taxonomy":"post_tag","embeddable":true,"href":"https:\/\/www.liceulprometeuprotalent.md\/index.php?rest_route=%2Fwp%2Fv2%2Ftags&post=8723"}],"curies":[{"name":"wp","href":"https:\/\/api.w.org\/{rel}","templated":true}]}}