{"id":8728,"date":"2025-05-13T13:19:42","date_gmt":"2025-05-13T13:19:42","guid":{"rendered":"https:\/\/www.liceulprometeuprotalent.md\/?p=8728"},"modified":"2025-05-13T13:19:42","modified_gmt":"2025-05-13T13:19:42","slug":"premianti-la-olimpiada-institutionala-de-geografie-editia-2025","status":"publish","type":"post","link":"https:\/\/www.liceulprometeuprotalent.md\/?p=8728","title":{"rendered":"Premian\u021bi la Olimpiada institu\u021bional\u0103 de geografie, edi\u021bia 2025"},"content":{"rendered":"<p>Participarea elevilor <strong>Sergiu Statii <\/strong>\u0219i<strong> Theodor Zast\u00e2nceanu din clasa a XI-a \u201eB\u201d<\/strong> a Liceului de Creativitate \u0219i Inventic\u0103 \u201ePrometeu-Protalent\u201d la Olimpiada institu\u021bional\u0103 de Geografie, edi\u021bia 2025, a fost apreciat\u0103 cu <strong>Diplom\u0103 de gradul II \u0219i Diplom\u0103 de Men\u021biune<\/strong> pentru cuno\u0219tin\u021be temeinice la disciplina geografie.<\/p>\n<p>Olimpiada a avut loc pe data de 28 martie 2025 \u0219i a fost organizat\u0103 de Universitatea Pedagogic\u0103 de Stat \u201eIon Creang\u0103\u201d, facultatea de geografie.<\/p>\n<p>Premian\u021bii sunt discipolii doamnei Elena Jechiu, profesoar\u0103 de geografie, grad didactic superior.<\/p>\n<p>Felicit\u0103ri, dragi \u00eenving\u0103tori! Str\u0103duin\u021ba, perspicacitatea \u0219i tenacitatea asigur\u0103 succesele!<\/p>\n<p>Felicit\u0103ri, stimat\u0103 doamn\u0103 profesoar\u0103 Elena Jechiu! Efortul \u0219i d\u0103ruirea la dezvoltarea abilit\u0103\u021bilor \u0219i cuno\u0219tin\u021belor discipolilor \u00eentotdeauna sunt compensate de satisfac\u021bia lucrului bine f\u0103cut!<\/p>\n<p style=\"text-align: center;\"><img decoding=\"async\" class=\"alignnone wp-image-8729 size-fusion-400\" src=\"https:\/\/www.liceulprometeuprotalent.md\/wp-content\/uploads\/2025\/05\/viber_image_2025-05-12_21-56-02-474-400x286.jpg\" alt=\"\" width=\"400\" height=\"286\" srcset=\"https:\/\/www.liceulprometeuprotalent.md\/wp-content\/uploads\/2025\/05\/viber_image_2025-05-12_21-56-02-474-200x143.jpg 200w, https:\/\/www.liceulprometeuprotalent.md\/wp-content\/uploads\/2025\/05\/viber_image_2025-05-12_21-56-02-474-300x214.jpg 300w, https:\/\/www.liceulprometeuprotalent.md\/wp-content\/uploads\/2025\/05\/viber_image_2025-05-12_21-56-02-474-400x286.jpg 400w, https:\/\/www.liceulprometeuprotalent.md\/wp-content\/uploads\/2025\/05\/viber_image_2025-05-12_21-56-02-474-600x428.jpg 600w, https:\/\/www.liceulprometeuprotalent.md\/wp-content\/uploads\/2025\/05\/viber_image_2025-05-12_21-56-02-474-768x548.jpg 768w, https:\/\/www.liceulprometeuprotalent.md\/wp-content\/uploads\/2025\/05\/viber_image_2025-05-12_21-56-02-474-800x571.jpg 800w, https:\/\/www.liceulprometeuprotalent.md\/wp-content\/uploads\/2025\/05\/viber_image_2025-05-12_21-56-02-474-1024x731.jpg 1024w, https:\/\/www.liceulprometeuprotalent.md\/wp-content\/uploads\/2025\/05\/viber_image_2025-05-12_21-56-02-474-1200x857.jpg 1200w, https:\/\/www.liceulprometeuprotalent.md\/wp-content\/uploads\/2025\/05\/viber_image_2025-05-12_21-56-02-474-1536x1096.jpg 1536w, https:\/\/www.liceulprometeuprotalent.md\/wp-content\/uploads\/2025\/05\/viber_image_2025-05-12_21-56-02-474.jpg 1600w\" sizes=\"(max-width: 400px) 100vw, 400px\" \/> <img decoding=\"async\" class=\"alignnone wp-image-8730 size-fusion-400\" src=\"https:\/\/www.liceulprometeuprotalent.md\/wp-content\/uploads\/2025\/05\/viber_image_2025-05-12_21-55-52-553-400x294.jpg\" alt=\"\" width=\"400\" height=\"294\" srcset=\"https:\/\/www.liceulprometeuprotalent.md\/wp-content\/uploads\/2025\/05\/viber_image_2025-05-12_21-55-52-553-200x147.jpg 200w, https:\/\/www.liceulprometeuprotalent.md\/wp-content\/uploads\/2025\/05\/viber_image_2025-05-12_21-55-52-553-300x220.jpg 300w, https:\/\/www.liceulprometeuprotalent.md\/wp-content\/uploads\/2025\/05\/viber_image_2025-05-12_21-55-52-553-400x294.jpg 400w, https:\/\/www.liceulprometeuprotalent.md\/wp-content\/uploads\/2025\/05\/viber_image_2025-05-12_21-55-52-553-600x441.jpg 600w, https:\/\/www.liceulprometeuprotalent.md\/wp-content\/uploads\/2025\/05\/viber_image_2025-05-12_21-55-52-553-768x564.jpg 768w, https:\/\/www.liceulprometeuprotalent.md\/wp-content\/uploads\/2025\/05\/viber_image_2025-05-12_21-55-52-553-800x588.jpg 800w, https:\/\/www.liceulprometeuprotalent.md\/wp-content\/uploads\/2025\/05\/viber_image_2025-05-12_21-55-52-553-1024x752.jpg 1024w, https:\/\/www.liceulprometeuprotalent.md\/wp-content\/uploads\/2025\/05\/viber_image_2025-05-12_21-55-52-553-1200x881.jpg 1200w, https:\/\/www.liceulprometeuprotalent.md\/wp-content\/uploads\/2025\/05\/viber_image_2025-05-12_21-55-52-553-1536x1128.jpg 1536w, https:\/\/www.liceulprometeuprotalent.md\/wp-content\/uploads\/2025\/05\/viber_image_2025-05-12_21-55-52-553.jpg 1600w\" sizes=\"(max-width: 400px) 100vw, 400px\" \/><\/p>\n<p><img decoding=\"async\" class=\"wp-image-8731 size-fusion-400 aligncenter\" src=\"https:\/\/www.liceulprometeuprotalent.md\/wp-content\/uploads\/2025\/05\/viber_image_2025-05-12_21-53-34-018-400x711.jpg\" alt=\"\" width=\"400\" height=\"711\" srcset=\"https:\/\/www.liceulprometeuprotalent.md\/wp-content\/uploads\/2025\/05\/viber_image_2025-05-12_21-53-34-018-169x300.jpg 169w, https:\/\/www.liceulprometeuprotalent.md\/wp-content\/uploads\/2025\/05\/viber_image_2025-05-12_21-53-34-018-200x356.jpg 200w, https:\/\/www.liceulprometeuprotalent.md\/wp-content\/uploads\/2025\/05\/viber_image_2025-05-12_21-53-34-018-400x711.jpg 400w, https:\/\/www.liceulprometeuprotalent.md\/wp-content\/uploads\/2025\/05\/viber_image_2025-05-12_21-53-34-018-576x1024.jpg 576w, https:\/\/www.liceulprometeuprotalent.md\/wp-content\/uploads\/2025\/05\/viber_image_2025-05-12_21-53-34-018-600x1067.jpg 600w, https:\/\/www.liceulprometeuprotalent.md\/wp-content\/uploads\/2025\/05\/viber_image_2025-05-12_21-53-34-018-768x1365.jpg 768w, https:\/\/www.liceulprometeuprotalent.md\/wp-content\/uploads\/2025\/05\/viber_image_2025-05-12_21-53-34-018-800x1422.jpg 800w, https:\/\/www.liceulprometeuprotalent.md\/wp-content\/uploads\/2025\/05\/viber_image_2025-05-12_21-53-34-018-864x1536.jpg 864w, https:\/\/www.liceulprometeuprotalent.md\/wp-content\/uploads\/2025\/05\/viber_image_2025-05-12_21-53-34-018.jpg 900w\" sizes=\"(max-width: 400px) 100vw, 400px\" \/><\/p>\n<p><img decoding=\"async\" class=\"wp-image-8732 size-fusion-800 aligncenter\" src=\"https:\/\/www.liceulprometeuprotalent.md\/wp-content\/uploads\/2025\/05\/viber_image_2025-05-12_21-53-22-646-800x450.jpg\" alt=\"\" width=\"800\" height=\"450\" srcset=\"https:\/\/www.liceulprometeuprotalent.md\/wp-content\/uploads\/2025\/05\/viber_image_2025-05-12_21-53-22-646-200x113.jpg 200w, https:\/\/www.liceulprometeuprotalent.md\/wp-content\/uploads\/2025\/05\/viber_image_2025-05-12_21-53-22-646-300x169.jpg 300w, https:\/\/www.liceulprometeuprotalent.md\/wp-content\/uploads\/2025\/05\/viber_image_2025-05-12_21-53-22-646-400x225.jpg 400w, https:\/\/www.liceulprometeuprotalent.md\/wp-content\/uploads\/2025\/05\/viber_image_2025-05-12_21-53-22-646-600x338.jpg 600w, https:\/\/www.liceulprometeuprotalent.md\/wp-content\/uploads\/2025\/05\/viber_image_2025-05-12_21-53-22-646-768x432.jpg 768w, https:\/\/www.liceulprometeuprotalent.md\/wp-content\/uploads\/2025\/05\/viber_image_2025-05-12_21-53-22-646-800x450.jpg 800w, https:\/\/www.liceulprometeuprotalent.md\/wp-content\/uploads\/2025\/05\/viber_image_2025-05-12_21-53-22-646-1024x576.jpg 1024w, https:\/\/www.liceulprometeuprotalent.md\/wp-content\/uploads\/2025\/05\/viber_image_2025-05-12_21-53-22-646-1200x675.jpg 1200w, https:\/\/www.liceulprometeuprotalent.md\/wp-content\/uploads\/2025\/05\/viber_image_2025-05-12_21-53-22-646-1536x864.jpg 1536w, https:\/\/www.liceulprometeuprotalent.md\/wp-content\/uploads\/2025\/05\/viber_image_2025-05-12_21-53-22-646.jpg 1600w\" sizes=\"(max-width: 800px) 100vw, 800px\" \/><\/p>\n","protected":false},"excerpt":{"rendered":"<p>Participarea elevilor Sergiu Statii \u0219i Theodor Zast\u00e2nceanu din clasa a XI-a \u201eB\u201d a Liceului de Creativitate \u0219i Inventic\u0103 \u201ePrometeu-Protalent\u201d la Olimpiada institu\u021bional\u0103 de Geografie, edi\u021bia 2025, a fost apreciat\u0103 cu Diplom\u0103 de gradul II \u0219i Diplom\u0103 de Men\u021biune pentru cuno\u0219tin\u021be temeinice la disciplina geografie. Olimpiada a avut loc pe data de 28 martie 2025 \u0219i [&hellip;]<\/p>\n","protected":false},"author":1,"featured_media":8732,"comment_status":"open","ping_status":"open","sticky":false,"template":"","format":"standard","meta":{"_price":"","_stock":"","_tribe_ticket_header":"","_tribe_default_ticket_provider":"","_tribe_ticket_capacity":"0","_ticket_start_date":"","_ticket_end_date":"","_tribe_ticket_show_description":"","_tribe_ticket_show_not_going":false,"_tribe_ticket_use_global_stock":"","_tribe_ticket_global_stock_level":"","_global_stock_mode":"","_global_stock_cap":"","_tribe_rsvp_for_event":"","_tribe_ticket_going_count":"","_tribe_ticket_not_going_count":"","_tribe_tickets_list":"[]","_tribe_ticket_has_attendee_info_fields":false,"footnotes":""},"categories":[89,80,1],"tags":[],"class_list":["post-8728","post","type-post","status-publish","format-standard","has-post-thumbnail","hentry","category-blog","category-toate-categoriile","category-uncategorized"],"_links":{"self":[{"href":"https:\/\/www.liceulprometeuprotalent.md\/index.php?rest_route=\/wp\/v2\/posts\/8728","targetHints":{"allow":["GET"]}}],"collection":[{"href":"https:\/\/www.liceulprometeuprotalent.md\/index.php?rest_route=\/wp\/v2\/posts"}],"about":[{"href":"https:\/\/www.liceulprometeuprotalent.md\/index.php?rest_route=\/wp\/v2\/types\/post"}],"author":[{"embeddable":true,"href":"https:\/\/www.liceulprometeuprotalent.md\/index.php?rest_route=\/wp\/v2\/users\/1"}],"replies":[{"embeddable":true,"href":"https:\/\/www.liceulprometeuprotalent.md\/index.php?rest_route=%2Fwp%2Fv2%2Fcomments&post=8728"}],"version-history":[{"count":1,"href":"https:\/\/www.liceulprometeuprotalent.md\/index.php?rest_route=\/wp\/v2\/posts\/8728\/revisions"}],"predecessor-version":[{"id":8733,"href":"https:\/\/www.liceulprometeuprotalent.md\/index.php?rest_route=\/wp\/v2\/posts\/8728\/revisions\/8733"}],"wp:featuredmedia":[{"embeddable":true,"href":"https:\/\/www.liceulprometeuprotalent.md\/index.php?rest_route=\/wp\/v2\/media\/8732"}],"wp:attachment":[{"href":"https:\/\/www.liceulprometeuprotalent.md\/index.php?rest_route=%2Fwp%2Fv2%2Fmedia&parent=8728"}],"wp:term":[{"taxonomy":"category","embeddable":true,"href":"https:\/\/www.liceulprometeuprotalent.md\/index.php?rest_route=%2Fwp%2Fv2%2Fcategories&post=8728"},{"taxonomy":"post_tag","embeddable":true,"href":"https:\/\/www.liceulprometeuprotalent.md\/index.php?rest_route=%2Fwp%2Fv2%2Ftags&post=8728"}],"curies":[{"name":"wp","href":"https:\/\/api.w.org\/{rel}","templated":true}]}}