{"id":8735,"date":"2025-05-21T06:54:00","date_gmt":"2025-05-21T06:54:00","guid":{"rendered":"https:\/\/www.liceulprometeuprotalent.md\/?p=8735"},"modified":"2025-05-21T15:14:44","modified_gmt":"2025-05-21T15:14:44","slug":"victorie-exceptionala","status":"publish","type":"post","link":"https:\/\/www.liceulprometeuprotalent.md\/?p=8735","title":{"rendered":"Victorie excep\u021bional\u0103"},"content":{"rendered":"<p>La Concursul Republican de Fizic\u0103 \u201eImpuls\u201d pentru clasele a VI-a \u2013 IX-a, edi\u021bia a VIII-a, care a avut loc pe data de 17 mai 2025, elevii Liceului de Creativitate \u0219i Inventic\u0103 \u201ePrometeu-Protalent\u201d au ob\u021binut o victorie excep\u021bional\u0103.<\/p>\n<p><strong>Locul I \u2013 Rare\u0219 Miron, clasa a VIII-a;<\/strong><\/p>\n<p><strong>Locul II \u2013 R\u0103zvan Medvi\u021bchi, clasa a VIII-a;<\/strong><\/p>\n<p><strong>Men\u021biune \u2013 C\u0103t\u0103lina Rotari, clasa a IX-a. <\/strong><\/p>\n<p>\u00cenving\u0103torii Concursului sunt discipolii domnului Sergiu \u0218argarovschi, profesor de fizic\u0103, grad didactic superior, director adjunct pentru securitatea vie\u021bii \u0219i a muncii. Ei urmeaz\u0103 s\u0103 primeasc\u0103 diplome, medalii \u0219i premii b\u0103ne\u0219ti. Ei vor avea posibilitatea s\u0103-\u0219i aprofundeze cuno\u0219tin\u021bele la \u0218coala de var\u0103, organizat\u0103 pentru pasiona\u021bii de fizic\u0103.<\/p>\n<p>Felicit\u0103ri premian\u021bilor! Dragi elevi, sunte\u021bi m\u00e2ndria Liceului nostru!<\/p>\n<p>Felicit\u0103ri distinsului profesor de fizic\u0103, domnul Sergiu \u0218argarovschi! Mul\u021bumim pentru munca Dvs. de zi cu zi, care ne bucur\u0103 cu rezultate excep\u021bionale.<\/p>\n<p><img decoding=\"async\" class=\"alignnone size-full wp-image-8754\" src=\"https:\/\/www.liceulprometeuprotalent.md\/wp-content\/uploads\/2025\/05\/viber_image_2025-05-21_17-18-46-392.jpg\" alt=\"\" width=\"960\" height=\"1280\" srcset=\"https:\/\/www.liceulprometeuprotalent.md\/wp-content\/uploads\/2025\/05\/viber_image_2025-05-21_17-18-46-392-200x267.jpg 200w, https:\/\/www.liceulprometeuprotalent.md\/wp-content\/uploads\/2025\/05\/viber_image_2025-05-21_17-18-46-392-225x300.jpg 225w, https:\/\/www.liceulprometeuprotalent.md\/wp-content\/uploads\/2025\/05\/viber_image_2025-05-21_17-18-46-392-400x533.jpg 400w, https:\/\/www.liceulprometeuprotalent.md\/wp-content\/uploads\/2025\/05\/viber_image_2025-05-21_17-18-46-392-600x800.jpg 600w, https:\/\/www.liceulprometeuprotalent.md\/wp-content\/uploads\/2025\/05\/viber_image_2025-05-21_17-18-46-392-768x1024.jpg 768w, https:\/\/www.liceulprometeuprotalent.md\/wp-content\/uploads\/2025\/05\/viber_image_2025-05-21_17-18-46-392-800x1067.jpg 800w, https:\/\/www.liceulprometeuprotalent.md\/wp-content\/uploads\/2025\/05\/viber_image_2025-05-21_17-18-46-392.jpg 960w\" sizes=\"(max-width: 960px) 100vw, 960px\" \/><\/p>\n","protected":false},"excerpt":{"rendered":"<p>La Concursul Republican de Fizic\u0103 \u201eImpuls\u201d pentru clasele a VI-a \u2013 IX-a, edi\u021bia a VIII-a, care a avut loc pe data de 17 mai 2025, elevii Liceului de Creativitate \u0219i Inventic\u0103 \u201ePrometeu-Protalent\u201d au ob\u021binut o victorie excep\u021bional\u0103. Locul I \u2013 Rare\u0219 Miron, clasa a VIII-a; Locul II \u2013 R\u0103zvan Medvi\u021bchi, clasa a VIII-a; Men\u021biune \u2013 [&hellip;]<\/p>\n","protected":false},"author":1,"featured_media":8736,"comment_status":"open","ping_status":"open","sticky":false,"template":"","format":"standard","meta":{"_price":"","_stock":"","_tribe_ticket_header":"","_tribe_default_ticket_provider":"","_tribe_ticket_capacity":"0","_ticket_start_date":"","_ticket_end_date":"","_tribe_ticket_show_description":"","_tribe_ticket_show_not_going":false,"_tribe_ticket_use_global_stock":"","_tribe_ticket_global_stock_level":"","_global_stock_mode":"","_global_stock_cap":"","_tribe_rsvp_for_event":"","_tribe_ticket_going_count":"","_tribe_ticket_not_going_count":"","_tribe_tickets_list":"[]","_tribe_ticket_has_attendee_info_fields":false,"footnotes":""},"categories":[89,80,1],"tags":[],"class_list":["post-8735","post","type-post","status-publish","format-standard","has-post-thumbnail","hentry","category-blog","category-toate-categoriile","category-uncategorized"],"_links":{"self":[{"href":"https:\/\/www.liceulprometeuprotalent.md\/index.php?rest_route=\/wp\/v2\/posts\/8735","targetHints":{"allow":["GET"]}}],"collection":[{"href":"https:\/\/www.liceulprometeuprotalent.md\/index.php?rest_route=\/wp\/v2\/posts"}],"about":[{"href":"https:\/\/www.liceulprometeuprotalent.md\/index.php?rest_route=\/wp\/v2\/types\/post"}],"author":[{"embeddable":true,"href":"https:\/\/www.liceulprometeuprotalent.md\/index.php?rest_route=\/wp\/v2\/users\/1"}],"replies":[{"embeddable":true,"href":"https:\/\/www.liceulprometeuprotalent.md\/index.php?rest_route=%2Fwp%2Fv2%2Fcomments&post=8735"}],"version-history":[{"count":2,"href":"https:\/\/www.liceulprometeuprotalent.md\/index.php?rest_route=\/wp\/v2\/posts\/8735\/revisions"}],"predecessor-version":[{"id":8755,"href":"https:\/\/www.liceulprometeuprotalent.md\/index.php?rest_route=\/wp\/v2\/posts\/8735\/revisions\/8755"}],"wp:featuredmedia":[{"embeddable":true,"href":"https:\/\/www.liceulprometeuprotalent.md\/index.php?rest_route=\/wp\/v2\/media\/8736"}],"wp:attachment":[{"href":"https:\/\/www.liceulprometeuprotalent.md\/index.php?rest_route=%2Fwp%2Fv2%2Fmedia&parent=8735"}],"wp:term":[{"taxonomy":"category","embeddable":true,"href":"https:\/\/www.liceulprometeuprotalent.md\/index.php?rest_route=%2Fwp%2Fv2%2Fcategories&post=8735"},{"taxonomy":"post_tag","embeddable":true,"href":"https:\/\/www.liceulprometeuprotalent.md\/index.php?rest_route=%2Fwp%2Fv2%2Ftags&post=8735"}],"curies":[{"name":"wp","href":"https:\/\/api.w.org\/{rel}","templated":true}]}}