{"id":8745,"date":"2025-05-21T15:13:36","date_gmt":"2025-05-21T15:13:36","guid":{"rendered":"https:\/\/www.liceulprometeuprotalent.md\/?p=8745"},"modified":"2025-05-21T15:13:36","modified_gmt":"2025-05-21T15:13:36","slug":"in-spiritul-valorilor-europene","status":"publish","type":"post","link":"https:\/\/www.liceulprometeuprotalent.md\/?p=8745","title":{"rendered":"\u00cen spiritul valorilor europene"},"content":{"rendered":"<p>Joi, 15 mai 2025, la Liceul de Creativitate \u0219i Inventic\u0103 \u201ePrometeu-Protalent\u201d a fost organizat\u0103, la ini\u021biativa Consiliului elevilor, activitatea \u201eT\u00e2rgul \u021b\u0103rilor europene\u201d cu genericul \u201eUnitate \u00een diversitate \u0219i solidaritate\u201d. Activitatea a avut drept scop, pe l\u00e2ng\u0103 celebrarea valorilor europene, sus\u021binerea unei cauze nobile \u2013 str\u00e2ngerea de fonduri pentru familia Rusu, cu 5 copii, din satul Bo\u0219cana, Criuleni, a c\u0103rei cas\u0103 a fost mistuit\u0103 de un incendiu. Evenimentul a avut loc \u00een incinta Liceului, care a fost decorat\u0103 cu drapelul Uniunii Europene, steaguri na\u021bionale ale \u021b\u0103rilor prezentate, panouri informative, costume tradi\u021bionale \u0219i muzic\u0103 european\u0103 pe fundal.<br \/>\nPrezentatorii Vitalia Butucel, clasa a VIII-a \u201eC\u201d, Nicolae Chi\u0219c\u0103, clasa a X-a \u201eB\u201d,<br \/>\nCosmin Suruceanu, clasa a VI-a \u201eC\u201d, Ilinca Suruceanu, clasa a VI-a \u201eA\u201d, Gabriel Li\u021bcan, clasa a VII-a \u201eC\u201d, Cornelia Trofim, clasa a VII-a \u201eC\u201d, Daniel Cojocaru, clasa a VII-a \u201eC\u201d, Sofia Scor\u021bescu, clasa a V-a \u201eB\u201d, Alexandru Nicolaev, clasa a V-a \u201eA\u201d, Constantin Suruceanu, clasa a X-a \u201eB\u201d, Melisa Iacub, clasa a IX-a \u201eA\u201d, Eva B\u00e2rc\u0103, clasa a VIII-a \u201eB\u201d, R\u0103zvan Medvi\u021bchi, clasa a VIII-a \u201eA\u201d, Daniela Ungureanu, clasa a VIII-a \u201eA\u201d, Diana \u021aanga, clasa a IX-a \u201eC\u201d \u0219i Raluca-Cristiana Cazacu, clasa a IX-a \u201eC\u201d \u0219i-au expus pledoariile inspirate \u0219i caracteristicile succinte despre Uniunea European\u0103, Republica Moldova, Rom\u00e2nia, Ucraina, Spania, Italia, Fran\u021ba, invit\u00e2nd pe cei prezen\u021bi s\u0103 vizioneze panourile informative, dar s\u0103 viziteze \u0219i tarabele cu bun\u0103t\u0103\u021bi tradi\u021bionale din \u021b\u0103rile respective \u2013 sarmale rom\u00e2ne\u0219ti, br\u00e2nzeturi fran\u021buze\u0219ti, bruschete italiene \u0219i multe alte delicii, \u00eentr-un cuv\u00e2nt un adev\u0103rat t\u00e2rg gastronomic de caritate, organizat cu ocazia Zilei Europei.<br \/>\nConcomitent, prezentatorii anun\u021bau numerele artistice reprezentative ale \u021b\u0103rilor europene, preg\u0103tite cu mult rafinament de colegii lor, care au \u00eentregit atmosfera de s\u0103rb\u0103toare a evenimentului. Astfel, pe scena \u00eempodobit\u0103 cu minunate covoare moldovene\u0219ti, au evoluat: Ilinca Suruceanu \u0219i Delia Ciobanu din clasa a VI-a \u201eA\u201d cu melodia \u201eDu-m\u0103 \u00een Moldova mea\u201d, Francesca Bocancea din clasa a VI-a \u201eB\u201d cu piesa \u201eMoldova mea\u201d; Drago\u0219 Pribega din clasa a VII-a \u201eA\u201d \u0219i partenera Eva Fetcu cu o suit\u0103 de strig\u0103turi rom\u00e2ne\u0219ti, ansamblul \u201ePrometeu\u201d \u0219i elevii claselor a VII-a cu superbele melodii \u201e\u021aara mea-i un col\u021b de rai\u201d \u0219i \u201eDulce Rom\u00e2nie\u201d; Andra-Sofi Ghicav\u00e2i \u0219i Sofia Arapu din clasa a V-a \u201eD\u201d cu c\u00e2ntecul ucrainean \u201eKvitka\u201d \u0219i elevii claselor a V-a \u201eA\u201d \u0219i \u201eB\u201d cu melodia-simbol \u201eCervona kalina\u201d; Cornelia Guzun din clasa a V-a \u201eA\u201d a recitat poezia \u201eLa steaua\u201d de Mihai Eminescu \u00een limba spaniol\u0103, iar Gabriel Rodideal din clasa a IX-a \u201eA\u201d a \u00eenc\u00e2ntat audien\u021ba cu piesa \u201eAllegro ventigo\u201d; Eva B\u00e2rc\u0103 din clasa a VIII-a \u201eB\u201d, Daria Munteanu \u0219i Alexandrina Rapcea din clasa a VIII-a \u201eC\u201d au interpretat celebra melodie italian\u0103 \u201eBella ciao\u201d, iar Marcel Cherdevar\u0103 din clasa I \u201eA\u201d \u0219i Gabriel Rodideal din clasa a IX-a \u201eA\u201d au \u00eencins atmosfera cu emo\u021bionantele piese \u201eGiamaica\u201d \u0219i \u201eL\u2019italiano\u201d; acela\u0219i Gabriel Rodideal a interpretat \u00een limba francez\u0103 melodia \u201eLes temps des Cathedrales\u201d, Melisa Iacub \u0219i Constantin Suruceanu au dansat impecabil foxtrot, fiind urma\u021bi de Ilinca Pulbere din clasa a V-a \u201eA\u201d, care a adus \u00een aten\u021bia publicului cunoscuta pies\u0103 a Editei Piaf \u201eNon, je ne regrette rien\u201d. Ca un acord final al minunatului eveniment, ansamblul \u201ePrometeu\u201d a interpretat maiestuos imnul Europei \u201eOd\u0103 Bucuriei\u201d.<br \/>\n\u00centre timp, \u00een cadrul T\u00e2rgului gastronomic european de caritate au fost colecta\u021bi 74 mii de lei, care au fost dona\u021bi familiei Rusu, fiindc\u0103, \u00een opinia organizatorilor, a fi european \u00eenseamn\u0103 a ne sus\u021bine reciproc \u00een momente dificile \u0219i a ac\u021biona \u00eempreun\u0103 \u00eentru binele comunit\u0103\u021bii. Astfel, fiecare participant la t\u00e2rg a contribuit direct la \u00eembun\u0103t\u0103\u021birea vie\u021bii acestei familii, demonstr\u00e2nd spirtul de empatie \u0219i ajutorare \u2013 un principiu fundamental al valorilor europene.<br \/>\nIni\u021biatorul nobilei activit\u0103\u021bi \u2013 Consiliul elevilor, a mul\u021bumit c\u0103lduros, pe pagina lui de Instagram, tuturor celor care au contribuit la realizarea acestui eveniment: membrilor Consiliului elevilor, care s-au implicat cu entuziasm \u0219i responsabilitate, p\u0103rin\u021bilor \u2013 pentru sprijinul lor generos, cadrelor didactice, precum \u0219i doamnei Angela Lungu, director adjunct educa\u021bie, treapta gimnazial\u0103 \u0219i liceal\u0103, doamnei Cristina Brunchi, director adjunct educa\u021bie, treapta primar\u0103, pentru coordonare \u0219i dedicare.<br \/>\nConsiliul elevilor a subliniat \u00een mesajul de mul\u021bumire sentimentul de solidaritate, care i-a unit pe to\u021bi \u0219i prin care s-a dovedit c\u0103 gesturile mici fac lucruri mari. Ele au adus lumin\u0103 \u0219i speran\u021b\u0103 unei familii, aflat\u0103 la ceas greu.<br \/>\nFelicit\u0103ri, tuturor celor implica\u021bi la realizarea acestui impresionant eveniment, care poate fi calificat drept un test de maturitate, empatie \u0219i pre\u021buire a valorilor europene! Felicit\u0103ri, dlui Veaceslav Adam, care a asigurat componenta muzical\u0103 a evenimentului prin cele mai frumoase \u0219i populare melodii de pe continentul european!<\/p>\n<div id=\"attachment_8746\" style=\"width: 610px\" class=\"wp-caption aligncenter\"><img decoding=\"async\" aria-describedby=\"caption-attachment-8746\" class=\"wp-image-8746 size-fusion-600\" src=\"https:\/\/www.liceulprometeuprotalent.md\/wp-content\/uploads\/2025\/05\/IMG20250515120448-600x452.jpg\" alt=\"\" width=\"600\" height=\"452\" srcset=\"https:\/\/www.liceulprometeuprotalent.md\/wp-content\/uploads\/2025\/05\/IMG20250515120448-200x151.jpg 200w, https:\/\/www.liceulprometeuprotalent.md\/wp-content\/uploads\/2025\/05\/IMG20250515120448-300x226.jpg 300w, https:\/\/www.liceulprometeuprotalent.md\/wp-content\/uploads\/2025\/05\/IMG20250515120448-400x301.jpg 400w, https:\/\/www.liceulprometeuprotalent.md\/wp-content\/uploads\/2025\/05\/IMG20250515120448-600x452.jpg 600w, https:\/\/www.liceulprometeuprotalent.md\/wp-content\/uploads\/2025\/05\/IMG20250515120448-768x578.jpg 768w, https:\/\/www.liceulprometeuprotalent.md\/wp-content\/uploads\/2025\/05\/IMG20250515120448-800x602.jpg 800w, https:\/\/www.liceulprometeuprotalent.md\/wp-content\/uploads\/2025\/05\/IMG20250515120448-1024x771.jpg 1024w, https:\/\/www.liceulprometeuprotalent.md\/wp-content\/uploads\/2025\/05\/IMG20250515120448-1200x904.jpg 1200w, https:\/\/www.liceulprometeuprotalent.md\/wp-content\/uploads\/2025\/05\/IMG20250515120448-1536x1157.jpg 1536w\" sizes=\"(max-width: 600px) 100vw, 600px\" \/><p id=\"caption-attachment-8746\" class=\"wp-caption-text\">oplus_0<\/p><\/div>\n<div id=\"attachment_8747\" style=\"width: 610px\" class=\"wp-caption aligncenter\"><img decoding=\"async\" aria-describedby=\"caption-attachment-8747\" class=\"wp-image-8747 size-fusion-600\" src=\"https:\/\/www.liceulprometeuprotalent.md\/wp-content\/uploads\/2025\/05\/IMG20250515120759-600x452.jpg\" alt=\"\" width=\"600\" height=\"452\" srcset=\"https:\/\/www.liceulprometeuprotalent.md\/wp-content\/uploads\/2025\/05\/IMG20250515120759-200x151.jpg 200w, https:\/\/www.liceulprometeuprotalent.md\/wp-content\/uploads\/2025\/05\/IMG20250515120759-300x226.jpg 300w, https:\/\/www.liceulprometeuprotalent.md\/wp-content\/uploads\/2025\/05\/IMG20250515120759-400x301.jpg 400w, https:\/\/www.liceulprometeuprotalent.md\/wp-content\/uploads\/2025\/05\/IMG20250515120759-600x452.jpg 600w, https:\/\/www.liceulprometeuprotalent.md\/wp-content\/uploads\/2025\/05\/IMG20250515120759-768x578.jpg 768w, https:\/\/www.liceulprometeuprotalent.md\/wp-content\/uploads\/2025\/05\/IMG20250515120759-800x602.jpg 800w, https:\/\/www.liceulprometeuprotalent.md\/wp-content\/uploads\/2025\/05\/IMG20250515120759-1024x771.jpg 1024w, https:\/\/www.liceulprometeuprotalent.md\/wp-content\/uploads\/2025\/05\/IMG20250515120759-1200x904.jpg 1200w, https:\/\/www.liceulprometeuprotalent.md\/wp-content\/uploads\/2025\/05\/IMG20250515120759-1536x1157.jpg 1536w\" sizes=\"(max-width: 600px) 100vw, 600px\" \/><p id=\"caption-attachment-8747\" class=\"wp-caption-text\">oplus_2<\/p><\/div>\n<div id=\"attachment_8748\" style=\"width: 610px\" class=\"wp-caption aligncenter\"><img decoding=\"async\" aria-describedby=\"caption-attachment-8748\" class=\"wp-image-8748 size-fusion-600\" src=\"https:\/\/www.liceulprometeuprotalent.md\/wp-content\/uploads\/2025\/05\/IMG20250515112741-600x452.jpg\" alt=\"\" width=\"600\" height=\"452\" srcset=\"https:\/\/www.liceulprometeuprotalent.md\/wp-content\/uploads\/2025\/05\/IMG20250515112741-200x151.jpg 200w, https:\/\/www.liceulprometeuprotalent.md\/wp-content\/uploads\/2025\/05\/IMG20250515112741-300x226.jpg 300w, https:\/\/www.liceulprometeuprotalent.md\/wp-content\/uploads\/2025\/05\/IMG20250515112741-400x301.jpg 400w, https:\/\/www.liceulprometeuprotalent.md\/wp-content\/uploads\/2025\/05\/IMG20250515112741-600x452.jpg 600w, https:\/\/www.liceulprometeuprotalent.md\/wp-content\/uploads\/2025\/05\/IMG20250515112741-768x578.jpg 768w, https:\/\/www.liceulprometeuprotalent.md\/wp-content\/uploads\/2025\/05\/IMG20250515112741-800x602.jpg 800w, https:\/\/www.liceulprometeuprotalent.md\/wp-content\/uploads\/2025\/05\/IMG20250515112741-1024x771.jpg 1024w, https:\/\/www.liceulprometeuprotalent.md\/wp-content\/uploads\/2025\/05\/IMG20250515112741-1200x904.jpg 1200w, https:\/\/www.liceulprometeuprotalent.md\/wp-content\/uploads\/2025\/05\/IMG20250515112741-1536x1157.jpg 1536w\" sizes=\"(max-width: 600px) 100vw, 600px\" \/><p id=\"caption-attachment-8748\" class=\"wp-caption-text\">oplus_0<\/p><\/div>\n<div id=\"attachment_8749\" style=\"width: 610px\" class=\"wp-caption aligncenter\"><img decoding=\"async\" aria-describedby=\"caption-attachment-8749\" class=\"wp-image-8749 size-fusion-600\" src=\"https:\/\/www.liceulprometeuprotalent.md\/wp-content\/uploads\/2025\/05\/IMG20250515112842-600x452.jpg\" alt=\"\" width=\"600\" height=\"452\" srcset=\"https:\/\/www.liceulprometeuprotalent.md\/wp-content\/uploads\/2025\/05\/IMG20250515112842-200x151.jpg 200w, https:\/\/www.liceulprometeuprotalent.md\/wp-content\/uploads\/2025\/05\/IMG20250515112842-300x226.jpg 300w, https:\/\/www.liceulprometeuprotalent.md\/wp-content\/uploads\/2025\/05\/IMG20250515112842-400x301.jpg 400w, https:\/\/www.liceulprometeuprotalent.md\/wp-content\/uploads\/2025\/05\/IMG20250515112842-600x452.jpg 600w, https:\/\/www.liceulprometeuprotalent.md\/wp-content\/uploads\/2025\/05\/IMG20250515112842-768x578.jpg 768w, https:\/\/www.liceulprometeuprotalent.md\/wp-content\/uploads\/2025\/05\/IMG20250515112842-800x602.jpg 800w, https:\/\/www.liceulprometeuprotalent.md\/wp-content\/uploads\/2025\/05\/IMG20250515112842-1024x771.jpg 1024w, https:\/\/www.liceulprometeuprotalent.md\/wp-content\/uploads\/2025\/05\/IMG20250515112842-1200x904.jpg 1200w, https:\/\/www.liceulprometeuprotalent.md\/wp-content\/uploads\/2025\/05\/IMG20250515112842-1536x1157.jpg 1536w\" sizes=\"(max-width: 600px) 100vw, 600px\" \/><p id=\"caption-attachment-8749\" class=\"wp-caption-text\">oplus_0<\/p><\/div>\n<div id=\"attachment_8750\" style=\"width: 610px\" class=\"wp-caption aligncenter\"><img decoding=\"async\" aria-describedby=\"caption-attachment-8750\" class=\"wp-image-8750 size-fusion-600\" src=\"https:\/\/www.liceulprometeuprotalent.md\/wp-content\/uploads\/2025\/05\/IMG20250515115158-600x452.jpg\" alt=\"\" width=\"600\" height=\"452\" srcset=\"https:\/\/www.liceulprometeuprotalent.md\/wp-content\/uploads\/2025\/05\/IMG20250515115158-200x151.jpg 200w, https:\/\/www.liceulprometeuprotalent.md\/wp-content\/uploads\/2025\/05\/IMG20250515115158-300x226.jpg 300w, https:\/\/www.liceulprometeuprotalent.md\/wp-content\/uploads\/2025\/05\/IMG20250515115158-400x301.jpg 400w, https:\/\/www.liceulprometeuprotalent.md\/wp-content\/uploads\/2025\/05\/IMG20250515115158-600x452.jpg 600w, https:\/\/www.liceulprometeuprotalent.md\/wp-content\/uploads\/2025\/05\/IMG20250515115158-768x578.jpg 768w, https:\/\/www.liceulprometeuprotalent.md\/wp-content\/uploads\/2025\/05\/IMG20250515115158-800x602.jpg 800w, https:\/\/www.liceulprometeuprotalent.md\/wp-content\/uploads\/2025\/05\/IMG20250515115158-1024x771.jpg 1024w, https:\/\/www.liceulprometeuprotalent.md\/wp-content\/uploads\/2025\/05\/IMG20250515115158-1200x904.jpg 1200w, https:\/\/www.liceulprometeuprotalent.md\/wp-content\/uploads\/2025\/05\/IMG20250515115158-1536x1157.jpg 1536w\" sizes=\"(max-width: 600px) 100vw, 600px\" \/><p id=\"caption-attachment-8750\" class=\"wp-caption-text\">oplus_0<\/p><\/div>\n<div id=\"attachment_8751\" style=\"width: 610px\" class=\"wp-caption aligncenter\"><img decoding=\"async\" aria-describedby=\"caption-attachment-8751\" class=\"wp-image-8751 size-fusion-600\" src=\"https:\/\/www.liceulprometeuprotalent.md\/wp-content\/uploads\/2025\/05\/IMG20250515112821-600x452.jpg\" alt=\"\" width=\"600\" height=\"452\" srcset=\"https:\/\/www.liceulprometeuprotalent.md\/wp-content\/uploads\/2025\/05\/IMG20250515112821-200x151.jpg 200w, https:\/\/www.liceulprometeuprotalent.md\/wp-content\/uploads\/2025\/05\/IMG20250515112821-300x226.jpg 300w, https:\/\/www.liceulprometeuprotalent.md\/wp-content\/uploads\/2025\/05\/IMG20250515112821-400x301.jpg 400w, https:\/\/www.liceulprometeuprotalent.md\/wp-content\/uploads\/2025\/05\/IMG20250515112821-600x452.jpg 600w, https:\/\/www.liceulprometeuprotalent.md\/wp-content\/uploads\/2025\/05\/IMG20250515112821-768x578.jpg 768w, https:\/\/www.liceulprometeuprotalent.md\/wp-content\/uploads\/2025\/05\/IMG20250515112821-800x602.jpg 800w, https:\/\/www.liceulprometeuprotalent.md\/wp-content\/uploads\/2025\/05\/IMG20250515112821-1024x771.jpg 1024w, https:\/\/www.liceulprometeuprotalent.md\/wp-content\/uploads\/2025\/05\/IMG20250515112821-1200x904.jpg 1200w, https:\/\/www.liceulprometeuprotalent.md\/wp-content\/uploads\/2025\/05\/IMG20250515112821-1536x1157.jpg 1536w\" sizes=\"(max-width: 600px) 100vw, 600px\" \/><p id=\"caption-attachment-8751\" class=\"wp-caption-text\">oplus_0<\/p><\/div>\n<div id=\"attachment_8752\" style=\"width: 610px\" class=\"wp-caption aligncenter\"><img decoding=\"async\" aria-describedby=\"caption-attachment-8752\" class=\"wp-image-8752 size-fusion-600\" src=\"https:\/\/www.liceulprometeuprotalent.md\/wp-content\/uploads\/2025\/05\/IMG20250515112624-600x452.jpg\" alt=\"\" width=\"600\" height=\"452\" srcset=\"https:\/\/www.liceulprometeuprotalent.md\/wp-content\/uploads\/2025\/05\/IMG20250515112624-200x151.jpg 200w, https:\/\/www.liceulprometeuprotalent.md\/wp-content\/uploads\/2025\/05\/IMG20250515112624-300x226.jpg 300w, https:\/\/www.liceulprometeuprotalent.md\/wp-content\/uploads\/2025\/05\/IMG20250515112624-400x301.jpg 400w, https:\/\/www.liceulprometeuprotalent.md\/wp-content\/uploads\/2025\/05\/IMG20250515112624-600x452.jpg 600w, https:\/\/www.liceulprometeuprotalent.md\/wp-content\/uploads\/2025\/05\/IMG20250515112624-768x578.jpg 768w, https:\/\/www.liceulprometeuprotalent.md\/wp-content\/uploads\/2025\/05\/IMG20250515112624-800x602.jpg 800w, https:\/\/www.liceulprometeuprotalent.md\/wp-content\/uploads\/2025\/05\/IMG20250515112624-1024x771.jpg 1024w, https:\/\/www.liceulprometeuprotalent.md\/wp-content\/uploads\/2025\/05\/IMG20250515112624-1200x904.jpg 1200w, https:\/\/www.liceulprometeuprotalent.md\/wp-content\/uploads\/2025\/05\/IMG20250515112624-1536x1157.jpg 1536w\" sizes=\"(max-width: 600px) 100vw, 600px\" \/><p id=\"caption-attachment-8752\" class=\"wp-caption-text\">oplus_0<\/p><\/div>\n","protected":false},"excerpt":{"rendered":"<p>Joi, 15 mai 2025, la Liceul de Creativitate \u0219i Inventic\u0103 \u201ePrometeu-Protalent\u201d a fost organizat\u0103, la ini\u021biativa Consiliului elevilor, activitatea \u201eT\u00e2rgul \u021b\u0103rilor europene\u201d cu genericul \u201eUnitate \u00een diversitate \u0219i solidaritate\u201d. Activitatea a avut drept scop, pe l\u00e2ng\u0103 celebrarea valorilor europene, sus\u021binerea unei cauze nobile \u2013 str\u00e2ngerea de fonduri pentru familia Rusu, cu 5 copii, din satul [&hellip;]<\/p>\n","protected":false},"author":1,"featured_media":8750,"comment_status":"open","ping_status":"open","sticky":false,"template":"","format":"standard","meta":{"_price":"","_stock":"","_tribe_ticket_header":"","_tribe_default_ticket_provider":"","_tribe_ticket_capacity":"0","_ticket_start_date":"","_ticket_end_date":"","_tribe_ticket_show_description":"","_tribe_ticket_show_not_going":false,"_tribe_ticket_use_global_stock":"","_tribe_ticket_global_stock_level":"","_global_stock_mode":"","_global_stock_cap":"","_tribe_rsvp_for_event":"","_tribe_ticket_going_count":"","_tribe_ticket_not_going_count":"","_tribe_tickets_list":"[]","_tribe_ticket_has_attendee_info_fields":false,"footnotes":""},"categories":[89,80,1],"tags":[],"class_list":["post-8745","post","type-post","status-publish","format-standard","has-post-thumbnail","hentry","category-blog","category-toate-categoriile","category-uncategorized"],"_links":{"self":[{"href":"https:\/\/www.liceulprometeuprotalent.md\/index.php?rest_route=\/wp\/v2\/posts\/8745","targetHints":{"allow":["GET"]}}],"collection":[{"href":"https:\/\/www.liceulprometeuprotalent.md\/index.php?rest_route=\/wp\/v2\/posts"}],"about":[{"href":"https:\/\/www.liceulprometeuprotalent.md\/index.php?rest_route=\/wp\/v2\/types\/post"}],"author":[{"embeddable":true,"href":"https:\/\/www.liceulprometeuprotalent.md\/index.php?rest_route=\/wp\/v2\/users\/1"}],"replies":[{"embeddable":true,"href":"https:\/\/www.liceulprometeuprotalent.md\/index.php?rest_route=%2Fwp%2Fv2%2Fcomments&post=8745"}],"version-history":[{"count":1,"href":"https:\/\/www.liceulprometeuprotalent.md\/index.php?rest_route=\/wp\/v2\/posts\/8745\/revisions"}],"predecessor-version":[{"id":8753,"href":"https:\/\/www.liceulprometeuprotalent.md\/index.php?rest_route=\/wp\/v2\/posts\/8745\/revisions\/8753"}],"wp:featuredmedia":[{"embeddable":true,"href":"https:\/\/www.liceulprometeuprotalent.md\/index.php?rest_route=\/wp\/v2\/media\/8750"}],"wp:attachment":[{"href":"https:\/\/www.liceulprometeuprotalent.md\/index.php?rest_route=%2Fwp%2Fv2%2Fmedia&parent=8745"}],"wp:term":[{"taxonomy":"category","embeddable":true,"href":"https:\/\/www.liceulprometeuprotalent.md\/index.php?rest_route=%2Fwp%2Fv2%2Fcategories&post=8745"},{"taxonomy":"post_tag","embeddable":true,"href":"https:\/\/www.liceulprometeuprotalent.md\/index.php?rest_route=%2Fwp%2Fv2%2Ftags&post=8745"}],"curies":[{"name":"wp","href":"https:\/\/api.w.org\/{rel}","templated":true}]}}