{"id":8791,"date":"2025-05-28T09:14:33","date_gmt":"2025-05-28T09:14:33","guid":{"rendered":"https:\/\/www.liceulprometeuprotalent.md\/?p=8791"},"modified":"2025-05-28T09:14:33","modified_gmt":"2025-05-28T09:14:33","slug":"pasiunea-aduce-bucuria-succeselor","status":"publish","type":"post","link":"https:\/\/www.liceulprometeuprotalent.md\/?p=8791","title":{"rendered":"Pasiunea aduce bucuria succeselor"},"content":{"rendered":"<p>Anul 2025 se arat\u0103 a fi foarte generos \u00een succese pentru Amelia \u0218eptelici, eleva clasei a II-a \u201eE\u201d a Liceului de Creativitate \u0219i Inventic\u0103 \u201ePrometeu-Protalent\u201d. Pasionat\u0103 de gimnastica ritmic\u0103, Amelia continu\u0103 s\u0103 cucereasc\u0103 locuri de frunte la competi\u021bii na\u021bionale \u0219i interna\u021bionale.<\/p>\n<p>\u00cencep\u00e2nd cu luna martie curent, Amelia a participat la mai multe turnee de gimnastic\u0103 ritmic\u0103, la care i-a fost apreciat\u0103 m\u0103iestria \u0219i elegan\u021ba dup\u0103 cum urmeaz\u0103:<\/p>\n<p><strong>locul II, proba f\u0103r\u0103 obiect, categoria 2016, <\/strong>\u00a0\u2013 Turneul Interna\u021bional de Gimnastic\u0103 Ritmic\u0103 \u201eObuda Cup Budapest\u201d, 1-2 martie 2025, Budapesta Ungaria;<\/p>\n<p><strong>locul II, individual compus, categoria 2016, \u2013 <\/strong>Turneul Interna\u021bional de Gimnastic\u0103 Ritmic\u0103 \u201eInvit\u0103 Svetlana Sipilova\u201d, 15-16 martie 2025, IEFS Chi\u0219in\u0103u;<\/p>\n<p><strong>locul I, categoria 2016 B \u2013 <\/strong>Campionat la Gimnastic\u0103 Ritmic\u0103 \u201eGra\u021bia Prim\u0103verii&#8221;, 10-11 mai 2025, ISEFS Chi\u0219in\u0103u;<\/p>\n<p><strong>locul I, proba minge, locul II, proba f\u0103r\u0103 obiect, locul II, individual compus, categoria 2016 <\/strong>\u2013 Turneul Interna\u021bional de Gimnastic\u0103 Ritmic\u0103 \u201eSpring Young Talents Vienna Cup 2025&#8243;, 17-18 mai 2025, Viena Austria,<\/p>\n<p><strong>locul I, individual compus, categoria 2016<\/strong> \u2013 Turneul Interna\u021bional de Gimnastic\u0103 Ritmic\u0103 \u201eYoung Olympic Stars\u201d, 23-24 mai 2025, Chi\u0219in\u0103u.<\/p>\n<p>Felicit\u0103ri, Amelia! S\u0103 te \u00eenso\u021beasc\u0103 mereu pasiunea care \u00ee\u021bi aduce succese! Ne bucur\u0103m mult pentru performan\u021bele tale!<\/p>\n<p>Exprim\u0103m mul\u021bumiri \u0219i aprecieri p\u0103rin\u021bilor \u0219i cadrelor didactice ale Ameliei, care prin \u00eencurajare \u0219i sprijin, promoveaz\u0103 modul s\u0103n\u0103tos de via\u021b\u0103 \u0219i motiva\u021bia spre noi victorii.<\/p>\n<p style=\"text-align: center;\"><img decoding=\"async\" class=\"alignnone wp-image-8792 size-fusion-400\" src=\"https:\/\/www.liceulprometeuprotalent.md\/wp-content\/uploads\/2025\/05\/500532160_1204149511410223_3824089741281660716_n-400x601.jpg\" alt=\"\" width=\"400\" height=\"601\" srcset=\"https:\/\/www.liceulprometeuprotalent.md\/wp-content\/uploads\/2025\/05\/500532160_1204149511410223_3824089741281660716_n-200x300.jpg 200w, https:\/\/www.liceulprometeuprotalent.md\/wp-content\/uploads\/2025\/05\/500532160_1204149511410223_3824089741281660716_n-400x601.jpg 400w, https:\/\/www.liceulprometeuprotalent.md\/wp-content\/uploads\/2025\/05\/500532160_1204149511410223_3824089741281660716_n-600x901.jpg 600w, https:\/\/www.liceulprometeuprotalent.md\/wp-content\/uploads\/2025\/05\/500532160_1204149511410223_3824089741281660716_n-682x1024.jpg 682w, https:\/\/www.liceulprometeuprotalent.md\/wp-content\/uploads\/2025\/05\/500532160_1204149511410223_3824089741281660716_n-768x1153.jpg 768w, https:\/\/www.liceulprometeuprotalent.md\/wp-content\/uploads\/2025\/05\/500532160_1204149511410223_3824089741281660716_n-800x1201.jpg 800w, https:\/\/www.liceulprometeuprotalent.md\/wp-content\/uploads\/2025\/05\/500532160_1204149511410223_3824089741281660716_n-1023x1536.jpg 1023w, https:\/\/www.liceulprometeuprotalent.md\/wp-content\/uploads\/2025\/05\/500532160_1204149511410223_3824089741281660716_n.jpg 1065w\" sizes=\"(max-width: 400px) 100vw, 400px\" \/> \u00a0<img decoding=\"async\" class=\"alignnone wp-image-8794 size-fusion-400\" src=\"https:\/\/www.liceulprometeuprotalent.md\/wp-content\/uploads\/2025\/05\/494769016_1204149661410208_8575948524146827587_n-400x533.jpg\" alt=\"\" width=\"400\" height=\"533\" srcset=\"https:\/\/www.liceulprometeuprotalent.md\/wp-content\/uploads\/2025\/05\/494769016_1204149661410208_8575948524146827587_n-200x267.jpg 200w, https:\/\/www.liceulprometeuprotalent.md\/wp-content\/uploads\/2025\/05\/494769016_1204149661410208_8575948524146827587_n-225x300.jpg 225w, https:\/\/www.liceulprometeuprotalent.md\/wp-content\/uploads\/2025\/05\/494769016_1204149661410208_8575948524146827587_n-400x533.jpg 400w, https:\/\/www.liceulprometeuprotalent.md\/wp-content\/uploads\/2025\/05\/494769016_1204149661410208_8575948524146827587_n-600x800.jpg 600w, https:\/\/www.liceulprometeuprotalent.md\/wp-content\/uploads\/2025\/05\/494769016_1204149661410208_8575948524146827587_n-768x1024.jpg 768w, https:\/\/www.liceulprometeuprotalent.md\/wp-content\/uploads\/2025\/05\/494769016_1204149661410208_8575948524146827587_n-800x1067.jpg 800w, https:\/\/www.liceulprometeuprotalent.md\/wp-content\/uploads\/2025\/05\/494769016_1204149661410208_8575948524146827587_n-1152x1536.jpg 1152w, https:\/\/www.liceulprometeuprotalent.md\/wp-content\/uploads\/2025\/05\/494769016_1204149661410208_8575948524146827587_n.jpg 1200w\" sizes=\"(max-width: 400px) 100vw, 400px\" \/><\/p>\n<p style=\"text-align: center;\"><img decoding=\"async\" class=\"alignnone wp-image-8795 size-fusion-400\" src=\"https:\/\/www.liceulprometeuprotalent.md\/wp-content\/uploads\/2025\/05\/493855298_1204149474743560_4306275350216936166_n-400x602.jpg\" alt=\"\" width=\"400\" height=\"602\" srcset=\"https:\/\/www.liceulprometeuprotalent.md\/wp-content\/uploads\/2025\/05\/493855298_1204149474743560_4306275350216936166_n-200x301.jpg 200w, https:\/\/www.liceulprometeuprotalent.md\/wp-content\/uploads\/2025\/05\/493855298_1204149474743560_4306275350216936166_n-400x602.jpg 400w, https:\/\/www.liceulprometeuprotalent.md\/wp-content\/uploads\/2025\/05\/493855298_1204149474743560_4306275350216936166_n-600x902.jpg 600w, https:\/\/www.liceulprometeuprotalent.md\/wp-content\/uploads\/2025\/05\/493855298_1204149474743560_4306275350216936166_n-681x1024.jpg 681w, https:\/\/www.liceulprometeuprotalent.md\/wp-content\/uploads\/2025\/05\/493855298_1204149474743560_4306275350216936166_n-768x1155.jpg 768w, https:\/\/www.liceulprometeuprotalent.md\/wp-content\/uploads\/2025\/05\/493855298_1204149474743560_4306275350216936166_n-800x1203.jpg 800w, https:\/\/www.liceulprometeuprotalent.md\/wp-content\/uploads\/2025\/05\/493855298_1204149474743560_4306275350216936166_n-1021x1536.jpg 1021w, https:\/\/www.liceulprometeuprotalent.md\/wp-content\/uploads\/2025\/05\/493855298_1204149474743560_4306275350216936166_n.jpg 1064w\" sizes=\"(max-width: 400px) 100vw, 400px\" \/> <img decoding=\"async\" class=\"alignnone wp-image-8796 size-fusion-400\" src=\"https:\/\/www.liceulprometeuprotalent.md\/wp-content\/uploads\/2025\/05\/493687806_1204149378076903_8144572930661826560_n-400x601.jpg\" alt=\"\" width=\"400\" height=\"601\" srcset=\"https:\/\/www.liceulprometeuprotalent.md\/wp-content\/uploads\/2025\/05\/493687806_1204149378076903_8144572930661826560_n-200x300.jpg 200w, https:\/\/www.liceulprometeuprotalent.md\/wp-content\/uploads\/2025\/05\/493687806_1204149378076903_8144572930661826560_n-400x601.jpg 400w, https:\/\/www.liceulprometeuprotalent.md\/wp-content\/uploads\/2025\/05\/493687806_1204149378076903_8144572930661826560_n-600x901.jpg 600w, https:\/\/www.liceulprometeuprotalent.md\/wp-content\/uploads\/2025\/05\/493687806_1204149378076903_8144572930661826560_n-682x1024.jpg 682w, https:\/\/www.liceulprometeuprotalent.md\/wp-content\/uploads\/2025\/05\/493687806_1204149378076903_8144572930661826560_n-768x1154.jpg 768w, https:\/\/www.liceulprometeuprotalent.md\/wp-content\/uploads\/2025\/05\/493687806_1204149378076903_8144572930661826560_n-800x1202.jpg 800w, https:\/\/www.liceulprometeuprotalent.md\/wp-content\/uploads\/2025\/05\/493687806_1204149378076903_8144572930661826560_n-1022x1536.jpg 1022w, https:\/\/www.liceulprometeuprotalent.md\/wp-content\/uploads\/2025\/05\/493687806_1204149378076903_8144572930661826560_n.jpg 1065w\" sizes=\"(max-width: 400px) 100vw, 400px\" \/><\/p>\n","protected":false},"excerpt":{"rendered":"<p>Anul 2025 se arat\u0103 a fi foarte generos \u00een succese pentru Amelia \u0218eptelici, eleva clasei a II-a \u201eE\u201d a Liceului de Creativitate \u0219i Inventic\u0103 \u201ePrometeu-Protalent\u201d. Pasionat\u0103 de gimnastica ritmic\u0103, Amelia continu\u0103 s\u0103 cucereasc\u0103 locuri de frunte la competi\u021bii na\u021bionale \u0219i interna\u021bionale. \u00cencep\u00e2nd cu luna martie curent, Amelia a participat la mai multe turnee de gimnastic\u0103 [&hellip;]<\/p>\n","protected":false},"author":1,"featured_media":8793,"comment_status":"open","ping_status":"open","sticky":false,"template":"","format":"standard","meta":{"_price":"","_stock":"","_tribe_ticket_header":"","_tribe_default_ticket_provider":"","_tribe_ticket_capacity":"0","_ticket_start_date":"","_ticket_end_date":"","_tribe_ticket_show_description":"","_tribe_ticket_show_not_going":false,"_tribe_ticket_use_global_stock":"","_tribe_ticket_global_stock_level":"","_global_stock_mode":"","_global_stock_cap":"","_tribe_rsvp_for_event":"","_tribe_ticket_going_count":"","_tribe_ticket_not_going_count":"","_tribe_tickets_list":"[]","_tribe_ticket_has_attendee_info_fields":false,"footnotes":""},"categories":[89,80,1],"tags":[],"class_list":["post-8791","post","type-post","status-publish","format-standard","has-post-thumbnail","hentry","category-blog","category-toate-categoriile","category-uncategorized"],"_links":{"self":[{"href":"https:\/\/www.liceulprometeuprotalent.md\/index.php?rest_route=\/wp\/v2\/posts\/8791","targetHints":{"allow":["GET"]}}],"collection":[{"href":"https:\/\/www.liceulprometeuprotalent.md\/index.php?rest_route=\/wp\/v2\/posts"}],"about":[{"href":"https:\/\/www.liceulprometeuprotalent.md\/index.php?rest_route=\/wp\/v2\/types\/post"}],"author":[{"embeddable":true,"href":"https:\/\/www.liceulprometeuprotalent.md\/index.php?rest_route=\/wp\/v2\/users\/1"}],"replies":[{"embeddable":true,"href":"https:\/\/www.liceulprometeuprotalent.md\/index.php?rest_route=%2Fwp%2Fv2%2Fcomments&post=8791"}],"version-history":[{"count":1,"href":"https:\/\/www.liceulprometeuprotalent.md\/index.php?rest_route=\/wp\/v2\/posts\/8791\/revisions"}],"predecessor-version":[{"id":8797,"href":"https:\/\/www.liceulprometeuprotalent.md\/index.php?rest_route=\/wp\/v2\/posts\/8791\/revisions\/8797"}],"wp:featuredmedia":[{"embeddable":true,"href":"https:\/\/www.liceulprometeuprotalent.md\/index.php?rest_route=\/wp\/v2\/media\/8793"}],"wp:attachment":[{"href":"https:\/\/www.liceulprometeuprotalent.md\/index.php?rest_route=%2Fwp%2Fv2%2Fmedia&parent=8791"}],"wp:term":[{"taxonomy":"category","embeddable":true,"href":"https:\/\/www.liceulprometeuprotalent.md\/index.php?rest_route=%2Fwp%2Fv2%2Fcategories&post=8791"},{"taxonomy":"post_tag","embeddable":true,"href":"https:\/\/www.liceulprometeuprotalent.md\/index.php?rest_route=%2Fwp%2Fv2%2Ftags&post=8791"}],"curies":[{"name":"wp","href":"https:\/\/api.w.org\/{rel}","templated":true}]}}