{"id":8798,"date":"2025-05-28T09:17:50","date_gmt":"2025-05-28T09:17:50","guid":{"rendered":"https:\/\/www.liceulprometeuprotalent.md\/?p=8798"},"modified":"2025-05-29T08:41:02","modified_gmt":"2025-05-29T08:41:02","slug":"dragoste-si-memorie-pentru-poetii-lumina-grigore-vieru-si-nicolae-dabija","status":"publish","type":"post","link":"https:\/\/www.liceulprometeuprotalent.md\/?p=8798","title":{"rendered":"Dragoste \u0219i memorie pentru poe\u021bii-lumin\u0103 \u2013 Grigore Vieru \u0219i Nicolae Dabija"},"content":{"rendered":"<p>Omagierea poe\u021bilor-lumin\u0103 Grigore Vieru \u2013 Nicolae Dabija \u00een cadrul Colocviului \u201eA\u0219chii de dumnezeire\u201d, care a avut loc pe data de 22 mai 2025, la Liceul de Creativitate \u0219i Inventic\u0103 \u201ePrometeu-Protalent\u201d, a \u00eenceput pe Aleea Clasicilor Literaturii Rom\u00e2ne din Gr\u0103dina Public\u0103 \u201e\u0218tefan cel Mare \u0219i Sf\u00e2nt\u201d cu ocazia deschiderii oficiale a Festivalului Interna\u021bional de Poezie \u201eGrigore Vieru\u201d, edi\u021bia a XVII-a, sec\u021biunea Republica Moldova, organizat de Centrul\u00a0 Cultural-\u0218tiin\u021bific \u201eGrigore Vieru\u201d, Chi\u0219in\u0103u \u0219i Asocia\u021bia Cultural\u0103 \u201eFeed Back\u201d, Ia\u0219i, av\u00e2nd ca parteneri numeroase institu\u021bii culturale \u0219i de \u00eenv\u0103\u021b\u0103m\u00e2nt din Rom\u00e2nia \u0219i Republica Moldova. Aici, la bustul marelui poet Grigore Vieru, grupul de elevi din clasa a VII-a \u201eC\u201d a emo\u021bionat p\u00e2n\u0103 la lacrimi publicul prezent cu spectacolul \u201ePodul de flori\u201d, axat pe un colaj de poezii din crea\u021bia regretatului poet Grigore Vieru.<\/p>\n<p>Ca la orice spectacol regizat de doamna Diana Decusear\u0103-Onic\u0103, artist\u0103 a poporului, iar \u00een acest caz \u0219i \u00een baza scenariului realizat de domnia sa, elevii au demonstrat tr\u0103irea profund\u0103 \u0219i inspirat\u0103 a versului vierean, readuc\u00e2nd prin puterea lui imagini vii de la primul Pod de Flori, supranumit \u0219i Podul Inimilor. Dezinvol\u021bi \u0219i plini de har artistic, ei au rostit cuvintele poetului omagiat, tr\u0103ind deopotriv\u0103 cu autorul lor emo\u021bia \u0219i semnifica\u021bia memorabilului eveniment.<\/p>\n<p>Omagierea \u201epoetului p\u0103cii\u201d, precum a fost numit Grigore Vieru de critica literar\u0103, dar \u0219i a confratelui s\u0103u, poetul Nicolae Dabija, supranumit \u201epoet al graiului \u0219i al neamului\u201d, a continuat \u00een sala de \u0219edin\u021be a Liceului \u201ePrometeu-Protalent\u201d, unde, elevi \u00eendr\u0103gosti\u021bi de opera ambilor poe\u021bi-lumin\u0103, au oferit audien\u021bei un regal de competen\u021be academice, expuse \u00een comunic\u0103ri de veritabil\u0103 analiz\u0103 literar\u0103.<\/p>\n<p>Numele elevilor care au excelat \u00een comunic\u0103rile lor prin erudi\u021bie \u0219i spirit analitic sunt:<\/p>\n<p><strong>Patricia Lupu din clasa a XI-a \u201eB\u201d<\/strong> cu tema \u201eIntertextualitatea \u2013 pre-text de cunoa\u0219tere a literaturii anterioare\u201d (mentor doamna Tatiana Melnic, profesoar\u0103 de limba \u0219i literatura rom\u00e2n\u0103, grad didactic superior) ;<\/p>\n<p><strong>Cristian Beniuc din clasa a XI-a \u201eB\u201d<\/strong> cu tema \u201ePolisemia unit\u0103\u021bilor lexicale \u00een poezia lui Grigore Vieru\u201d (mentor doamna Tatiana Melnic, profesoar\u0103 de limba \u0219i literatura rom\u00e2n\u0103, grad didactic superior);<\/p>\n<p><strong>Bianca Onic\u0103 din clasa a X-a \u201eB\u201d<\/strong> cu tema \u201eFormule \u0219i motive folclorice \u00een crea\u021bia lui Grigore Vieru\u201d (mentor doamna Tatiana Melnic, profesoar\u0103 de limba \u0219i literatura rom\u00e2n\u0103, grad didactic superior);<\/p>\n<p><strong>Nicole Belousov din clasa a XII-a \u201eB\u201d<\/strong> cu tema \u201eImaginarul feminin \u00een poezia lui Nicolae Dabija \u2013 portret \u00een oglinzi\u201d (mentor doamna Nelea Croitoru, profesoar\u0103 de limba \u0219i literatura rom\u00e2n\u0103, grad didactic superior);<\/p>\n<p><strong>Raluca-Cristiana Cazacu din clasa a IX-a \u201eB<\/strong>\u201d cu tema \u201eAcas\u0103, Patria e mai a mea\u201d (mentor doamna Dina Danilov, profesoar\u0103 de limba \u0219i literatura rom\u00e2n\u0103, grad didactic I);<\/p>\n<p><strong>Ana-Maria Guvir din clasa a XI-a \u201eA\u201d<\/strong> cu tema \u201eV\u00e2rstele iubirii \u00een crea\u021bia lui Nicolae Dabija\u201d (mentor doamna Angela Miron, profesoar\u0103 de limba \u0219i literatura rom\u00e2n\u0103, grad didactic superior;<\/p>\n<p><strong>Miron Rare\u0219 din clasa a VIII-a \u201eC\u201d <\/strong>cu tema \u201eMetafora jocului \u00een crea\u021bia lui Grigore Vieru\u201d (mentor doamna Angela Lungu, profesoar\u0103 de limba \u0219i literatura rom\u00e2n\u0103, grad didactic superior).<\/p>\n<p>Prezentarea impecabil\u0103 a comunic\u0103rilor a fost intercalat\u0103 cu splendide spectacole pe versurile poe\u021bilor omagia\u021bi: poemul \u201eRuxanda\u201d de Nicolae Dabija, spectacolul \u201ePodul de Flori\u201d (deja amintit), \u00een interpretarea elevilor din clasa a VII-a \u201eC\u201d \u0219i spectacolul \u201eMama\u201d pe versuri de Grigore Vieru, \u00een interpretarea elevilor din clasele I \u0219i a II-a. Spectacolele au sensibilizat \u0219i impresionat auditoriul at\u00e2t prin rostirea irepro\u0219abil\u0103 a versurilor distin\u0219ilor poe\u021bi, c\u00e2t \u0219i prin jocul artistic firesc \u0219i inspirat al fiec\u0103rui copil. Altfel nu se putea, dac\u0103 specific\u0103m c\u0103 scenariile \u0219i regia spectacolelor apar\u021bin distinsei doamne Diana Decusear\u0103-Onic\u0103, artist\u0103 a poporului, \u0219efa Cercului de dic\u021bie \u0219i arta vorbirii a Liceului \u201ePrometeu-Protalent\u201d.<\/p>\n<p>La aceast\u0103 atmosfer\u0103 de magie a cuv\u00e2ntului, ad\u0103ug\u0103m \u0219i melodiile \u201eDe dragoste\u201d, pe versuri de Nicolae Dabija, muzic\u0103 \u201e7 clase\u201d, \u201ePrimul cer\u201d pe versuri de Grigore Vieru, muzic\u0103 Nicolae Caragea, interpretate de arti\u0219tii deja \u201econsacra\u021bi\u201d ai Liceului &#8211; Gabriel Rodideal, elevul clasei a IX-a \u201eA\u201d \u0219i Ilinca Pulbere din clasa a V-a \u201eA\u201d, vocile c\u0103rora au fascinat pe cei prezen\u021bi la eveniment.<\/p>\n<p>Rolul de prezentatori ai evenimentului a fost asumat de Evelina Belicesco din clasa a XI-a \u201eA\u201d \u0219i Sergiu Statii din clasa a XI-a \u201eB\u201d, care, prin enun\u021burile lor ingenioase, au anticipat tematica fiec\u0103rui num\u0103r al programului.<\/p>\n<p>Men\u021bion\u0103m c\u0103 la Colocviul Grigore Vieru \u2013 Nicolae Dabija \u201eA\u0219chii de dumnezeire\u201d au fost prezen\u021bi \u00een calitate de invita\u021bi distinsa familie Filomena \u0219i Daniel Corbu, organizatorii sec\u021biunii Ia\u0219i a Festivalului Interna\u021bional de Poezie \u201eGrigore Vieru\u201d, edi\u021bia a XVII-a, remarcabilii scriitori din Rom\u00e2nia Adrian Dinu Rachieru, Gheorghe B\u00e2rlea, Liviu Apetroaie, Valentin Talpalaru, Elena Fluturel, Vasile Fluturel, criticul literar Diana Vrabie (or. B\u0103l\u021bi), directoarea de onoare al BNC \u201eIon Creang\u0103\u201d din Chi\u0219in\u0103u doamna Claudia Balaban \u0219i domnul C\u0103lin Vieru, fiul poetului Grigore Vieru.<\/p>\n<p>Cuv\u00e2nt de deschidere \u0219i de \u00eenchidere a redutabilului eveniment a rostit domnul Aurelian Silvestru, director-fondator al LCI \u201ePrometeu-Protalent\u201d, care a adus mul\u021bumiri elevilor implica\u021bi la realizarea cu brio a programului Colocviului, inclusiv doamnelor profesoare de limba \u0219i literatura rom\u00e2n\u0103 Tatiana Melnic, \u0219efa Comisiei metodice \u0218tiin\u021be socioumanistice, Nelea Croitoru, Dina Danilov, Natalia Rusica, Angela Miron, Natalia Ada\u0219an, Angela Lungu, director adjunct pentru educa\u021bie, treapta gimnazial\u0103 \u0219i liceal\u0103, care au preg\u0103tit \u0219i coordonat bunul mers al acestei minunate activit\u0103\u021bi culturale.<\/p>\n<div id=\"attachment_8799\" style=\"width: 410px\" class=\"wp-caption alignnone\"><img decoding=\"async\" aria-describedby=\"caption-attachment-8799\" class=\"wp-image-8799 size-fusion-400\" src=\"https:\/\/www.liceulprometeuprotalent.md\/wp-content\/uploads\/2025\/05\/IMG20250522124440-400x301.jpg\" alt=\"\" width=\"400\" height=\"301\" srcset=\"https:\/\/www.liceulprometeuprotalent.md\/wp-content\/uploads\/2025\/05\/IMG20250522124440-200x151.jpg 200w, https:\/\/www.liceulprometeuprotalent.md\/wp-content\/uploads\/2025\/05\/IMG20250522124440-300x226.jpg 300w, https:\/\/www.liceulprometeuprotalent.md\/wp-content\/uploads\/2025\/05\/IMG20250522124440-400x301.jpg 400w, https:\/\/www.liceulprometeuprotalent.md\/wp-content\/uploads\/2025\/05\/IMG20250522124440-600x452.jpg 600w, https:\/\/www.liceulprometeuprotalent.md\/wp-content\/uploads\/2025\/05\/IMG20250522124440-768x578.jpg 768w, https:\/\/www.liceulprometeuprotalent.md\/wp-content\/uploads\/2025\/05\/IMG20250522124440-800x602.jpg 800w, https:\/\/www.liceulprometeuprotalent.md\/wp-content\/uploads\/2025\/05\/IMG20250522124440-1024x771.jpg 1024w, https:\/\/www.liceulprometeuprotalent.md\/wp-content\/uploads\/2025\/05\/IMG20250522124440-1200x904.jpg 1200w, https:\/\/www.liceulprometeuprotalent.md\/wp-content\/uploads\/2025\/05\/IMG20250522124440-1536x1157.jpg 1536w\" sizes=\"(max-width: 400px) 100vw, 400px\" \/><p id=\"caption-attachment-8799\" class=\"wp-caption-text\">oplus_0<\/p><\/div>\n<div id=\"attachment_8800\" style=\"width: 410px\" class=\"wp-caption alignnone\"><img decoding=\"async\" aria-describedby=\"caption-attachment-8800\" class=\"wp-image-8800 size-fusion-400\" src=\"https:\/\/www.liceulprometeuprotalent.md\/wp-content\/uploads\/2025\/05\/IMG20250522132958-400x301.jpg\" alt=\"\" width=\"400\" height=\"301\" srcset=\"https:\/\/www.liceulprometeuprotalent.md\/wp-content\/uploads\/2025\/05\/IMG20250522132958-200x151.jpg 200w, https:\/\/www.liceulprometeuprotalent.md\/wp-content\/uploads\/2025\/05\/IMG20250522132958-300x226.jpg 300w, https:\/\/www.liceulprometeuprotalent.md\/wp-content\/uploads\/2025\/05\/IMG20250522132958-400x301.jpg 400w, https:\/\/www.liceulprometeuprotalent.md\/wp-content\/uploads\/2025\/05\/IMG20250522132958-600x452.jpg 600w, https:\/\/www.liceulprometeuprotalent.md\/wp-content\/uploads\/2025\/05\/IMG20250522132958-768x578.jpg 768w, https:\/\/www.liceulprometeuprotalent.md\/wp-content\/uploads\/2025\/05\/IMG20250522132958-800x602.jpg 800w, https:\/\/www.liceulprometeuprotalent.md\/wp-content\/uploads\/2025\/05\/IMG20250522132958-1024x771.jpg 1024w, https:\/\/www.liceulprometeuprotalent.md\/wp-content\/uploads\/2025\/05\/IMG20250522132958-1200x904.jpg 1200w, https:\/\/www.liceulprometeuprotalent.md\/wp-content\/uploads\/2025\/05\/IMG20250522132958-1536x1157.jpg 1536w\" sizes=\"(max-width: 400px) 100vw, 400px\" \/><p id=\"caption-attachment-8800\" class=\"wp-caption-text\">oplus_2<\/p><\/div>\n<div id=\"attachment_8801\" style=\"width: 410px\" class=\"wp-caption alignnone\"><img decoding=\"async\" aria-describedby=\"caption-attachment-8801\" class=\"wp-image-8801 size-fusion-400\" src=\"https:\/\/www.liceulprometeuprotalent.md\/wp-content\/uploads\/2025\/05\/IMG20250522132008-400x301.jpg\" alt=\"\" width=\"400\" height=\"301\" srcset=\"https:\/\/www.liceulprometeuprotalent.md\/wp-content\/uploads\/2025\/05\/IMG20250522132008-200x151.jpg 200w, https:\/\/www.liceulprometeuprotalent.md\/wp-content\/uploads\/2025\/05\/IMG20250522132008-300x226.jpg 300w, https:\/\/www.liceulprometeuprotalent.md\/wp-content\/uploads\/2025\/05\/IMG20250522132008-400x301.jpg 400w, https:\/\/www.liceulprometeuprotalent.md\/wp-content\/uploads\/2025\/05\/IMG20250522132008-600x452.jpg 600w, https:\/\/www.liceulprometeuprotalent.md\/wp-content\/uploads\/2025\/05\/IMG20250522132008-768x578.jpg 768w, https:\/\/www.liceulprometeuprotalent.md\/wp-content\/uploads\/2025\/05\/IMG20250522132008-800x602.jpg 800w, https:\/\/www.liceulprometeuprotalent.md\/wp-content\/uploads\/2025\/05\/IMG20250522132008-1024x771.jpg 1024w, https:\/\/www.liceulprometeuprotalent.md\/wp-content\/uploads\/2025\/05\/IMG20250522132008-1200x904.jpg 1200w, https:\/\/www.liceulprometeuprotalent.md\/wp-content\/uploads\/2025\/05\/IMG20250522132008-1536x1157.jpg 1536w\" sizes=\"(max-width: 400px) 100vw, 400px\" \/><p id=\"caption-attachment-8801\" class=\"wp-caption-text\">oplus_2<\/p><\/div>\n<div id=\"attachment_8802\" style=\"width: 410px\" class=\"wp-caption alignnone\"><img decoding=\"async\" aria-describedby=\"caption-attachment-8802\" class=\"wp-image-8802 size-fusion-400\" src=\"https:\/\/www.liceulprometeuprotalent.md\/wp-content\/uploads\/2025\/05\/IMG20250522134510-400x301.jpg\" alt=\"\" width=\"400\" height=\"301\" srcset=\"https:\/\/www.liceulprometeuprotalent.md\/wp-content\/uploads\/2025\/05\/IMG20250522134510-200x151.jpg 200w, https:\/\/www.liceulprometeuprotalent.md\/wp-content\/uploads\/2025\/05\/IMG20250522134510-300x226.jpg 300w, https:\/\/www.liceulprometeuprotalent.md\/wp-content\/uploads\/2025\/05\/IMG20250522134510-400x301.jpg 400w, https:\/\/www.liceulprometeuprotalent.md\/wp-content\/uploads\/2025\/05\/IMG20250522134510-600x452.jpg 600w, https:\/\/www.liceulprometeuprotalent.md\/wp-content\/uploads\/2025\/05\/IMG20250522134510-768x578.jpg 768w, https:\/\/www.liceulprometeuprotalent.md\/wp-content\/uploads\/2025\/05\/IMG20250522134510-800x602.jpg 800w, https:\/\/www.liceulprometeuprotalent.md\/wp-content\/uploads\/2025\/05\/IMG20250522134510-1024x771.jpg 1024w, https:\/\/www.liceulprometeuprotalent.md\/wp-content\/uploads\/2025\/05\/IMG20250522134510-1200x904.jpg 1200w, https:\/\/www.liceulprometeuprotalent.md\/wp-content\/uploads\/2025\/05\/IMG20250522134510-1536x1157.jpg 1536w\" sizes=\"(max-width: 400px) 100vw, 400px\" \/><p id=\"caption-attachment-8802\" class=\"wp-caption-text\">oplus_2<\/p><\/div>\n","protected":false},"excerpt":{"rendered":"<p>Omagierea poe\u021bilor-lumin\u0103 Grigore Vieru \u2013 Nicolae Dabija \u00een cadrul Colocviului \u201eA\u0219chii de dumnezeire\u201d, care a avut loc pe data de 22 mai 2025, la Liceul de Creativitate \u0219i Inventic\u0103 \u201ePrometeu-Protalent\u201d, a \u00eenceput pe Aleea Clasicilor Literaturii Rom\u00e2ne din Gr\u0103dina Public\u0103 \u201e\u0218tefan cel Mare \u0219i Sf\u00e2nt\u201d cu ocazia deschiderii oficiale a Festivalului Interna\u021bional de Poezie \u201eGrigore [&hellip;]<\/p>\n","protected":false},"author":1,"featured_media":8802,"comment_status":"open","ping_status":"open","sticky":false,"template":"","format":"standard","meta":{"_price":"","_stock":"","_tribe_ticket_header":"","_tribe_default_ticket_provider":"","_tribe_ticket_capacity":"0","_ticket_start_date":"","_ticket_end_date":"","_tribe_ticket_show_description":"","_tribe_ticket_show_not_going":false,"_tribe_ticket_use_global_stock":"","_tribe_ticket_global_stock_level":"","_global_stock_mode":"","_global_stock_cap":"","_tribe_rsvp_for_event":"","_tribe_ticket_going_count":"","_tribe_ticket_not_going_count":"","_tribe_tickets_list":"[]","_tribe_ticket_has_attendee_info_fields":false,"footnotes":""},"categories":[89,80,1],"tags":[],"class_list":["post-8798","post","type-post","status-publish","format-standard","has-post-thumbnail","hentry","category-blog","category-toate-categoriile","category-uncategorized"],"_links":{"self":[{"href":"https:\/\/www.liceulprometeuprotalent.md\/index.php?rest_route=\/wp\/v2\/posts\/8798","targetHints":{"allow":["GET"]}}],"collection":[{"href":"https:\/\/www.liceulprometeuprotalent.md\/index.php?rest_route=\/wp\/v2\/posts"}],"about":[{"href":"https:\/\/www.liceulprometeuprotalent.md\/index.php?rest_route=\/wp\/v2\/types\/post"}],"author":[{"embeddable":true,"href":"https:\/\/www.liceulprometeuprotalent.md\/index.php?rest_route=\/wp\/v2\/users\/1"}],"replies":[{"embeddable":true,"href":"https:\/\/www.liceulprometeuprotalent.md\/index.php?rest_route=%2Fwp%2Fv2%2Fcomments&post=8798"}],"version-history":[{"count":2,"href":"https:\/\/www.liceulprometeuprotalent.md\/index.php?rest_route=\/wp\/v2\/posts\/8798\/revisions"}],"predecessor-version":[{"id":8811,"href":"https:\/\/www.liceulprometeuprotalent.md\/index.php?rest_route=\/wp\/v2\/posts\/8798\/revisions\/8811"}],"wp:featuredmedia":[{"embeddable":true,"href":"https:\/\/www.liceulprometeuprotalent.md\/index.php?rest_route=\/wp\/v2\/media\/8802"}],"wp:attachment":[{"href":"https:\/\/www.liceulprometeuprotalent.md\/index.php?rest_route=%2Fwp%2Fv2%2Fmedia&parent=8798"}],"wp:term":[{"taxonomy":"category","embeddable":true,"href":"https:\/\/www.liceulprometeuprotalent.md\/index.php?rest_route=%2Fwp%2Fv2%2Fcategories&post=8798"},{"taxonomy":"post_tag","embeddable":true,"href":"https:\/\/www.liceulprometeuprotalent.md\/index.php?rest_route=%2Fwp%2Fv2%2Ftags&post=8798"}],"curies":[{"name":"wp","href":"https:\/\/api.w.org\/{rel}","templated":true}]}}