{"id":8805,"date":"2025-05-29T08:34:10","date_gmt":"2025-05-29T08:34:10","guid":{"rendered":"https:\/\/www.liceulprometeuprotalent.md\/?p=8805"},"modified":"2025-05-29T08:34:10","modified_gmt":"2025-05-29T08:34:10","slug":"ziua-iei-o-sarbatoare-magnifica","status":"publish","type":"post","link":"https:\/\/www.liceulprometeuprotalent.md\/?p=8805","title":{"rendered":"\u201eZiua Iei\u201d \u2013 o s\u0103rb\u0103toare magnific\u0103"},"content":{"rendered":"<p>La cea de-a XII-a edi\u021bie a S\u0103rb\u0103torii \u201eZiua Iei\u201d, care a avut loc pe data de 23 mai 2025, \u00een incinta Liceului de Creativitate \u0219i Inventic\u0103 \u201ePrometeu-Protalent\u201d, s-a c\u00e2ntat, s-a dansat, s-au rostit cuvine inspirate, \u00een\u0103l\u021b\u0103toare, ca \u0219i la celelalte edi\u021bii ale celei mai \u00eendr\u0103gite manifest\u0103ri culturale din via\u021ba \u0219colar\u0103 a institu\u021biei noastre. \u00cempodobi\u021bi cu splendidul port popular rom\u00e2nesc, elevii, deopotriv\u0103 cu cadrele didactice \u0219i p\u0103rin\u021bii lor, au fost protagoni\u0219tii unei atmosfere magnifice, care a generat z\u00e2mbete, bun\u0103voin\u021b\u0103 \u0219i empatie din partea fiec\u0103rui participant.<\/p>\n<p>Fascinanta S\u0103rb\u0103toare \u201eZiua Iei\u201d a fost precedat\u0103 de la fel de emo\u021bionanta manifestare \u2013 transmiterea \u00een cadrul unui careu solemn a Cupei Performan\u021bei din partea elevilor claselor a XII-a \u2013 absolven\u021bii Liceului \u2013 c\u0103tre elevii claselor a XI-a, tradi\u021bie care \u0219i-a pus amprenta pe \u00eenceputul (ora 8.00) minunatei zile de 23 mai.<\/p>\n<p>\u00cen dricul aceleia\u0219i zile, toat\u0103 suflarea Liceului s-a rev\u0103rsat, \u00een ritmuri de melos popular, \u00een curtea \u00eempodobit\u0103 cu zestrea neamului nostru: covoare, l\u0103icere, scoar\u021be, obiecte brodate, cro\u0219etate, \u00eempletite, create chiar de cadrele didactice, dar \u0219i p\u0103strate \u00eenc\u0103 de la bunici \u0219i str\u0103bunici.<\/p>\n<p>Startul S\u0103rb\u0103torii a fost dat de sunete de bucium de pe sc\u0103rile Bisericii \u201eSf\u00e2nta Treime\u201d, de care a avut grij\u0103 p\u0103rintele \u0219i profesorul de religie Ioan Cosoi. Domnia sa a invitat pe toat\u0103 lumea s\u0103 treac\u0103 pragul bisericii pentru a admira Casa Mare de alt\u0103dat\u0103, amenajat\u0103 \u00een mod tradi\u021bional, vorbindu-le vizitatorilor despre istoria fiec\u0103rui obiect vechi, unele dintre care adun\u0103 chiar \u0219i suta de ani.<\/p>\n<p>Poezia \u201eSufletul satului\u201d de Lucian Blaga, recitat\u0103 deosebit de inspirat de elevii clasei a XI-a \u201eB\u201d \u2013 <strong>Cristian Beniuc, Sergiu Statii, Vadim Andru\u0219ca,<\/strong> a introdus publicul \u00een esen\u021ba S\u0103rb\u0103torii, \u00een mediul satului rom\u00e2nesc, acolo unde se nasc \u0219i tr\u0103iesc tradi\u021biile populare, iar versurile dedicate portului popular, rostite de <strong>Luiza-Magdalena Stamati, Ilinca \u021aurcanu, \u0218tefania Popa, Margarita Nichiforova<\/strong> din clasa a IV-a \u201eE\u201d \u0219i <strong>Paula Darovan\u00eei<\/strong> din clasa a IV-a \u201eB\u201d au scos \u00een eviden\u021b\u0103 frumuse\u021bea iei, componenta principal\u0103 a costumului popular rom\u00e2nesc, admirat\u0103 azi de lumea \u00eentreag\u0103.<\/p>\n<p>Apoi au intrat \u00een rolul prezentatorilor <strong>Raluca-Cristiana Cazacu \u0219i Savelie Corban<\/strong> din clasa a IX-a \u201eB\u201d, care au anun\u021bat r\u00e2nd pe r\u00e2nd numerele \u0219i numele realizatorilor programului artistic: dansul \u201eHora str\u0103mo\u0219easc\u0103\u201d \u2013 <strong>elevii claselor I<\/strong>, conduc\u0103tor artistic doamna Nicoleta Fiodorov; c\u00e2ntecele \u201eCe mi-i drag mie pe lume\u201d, \u201eZi-i, b\u0103di\u021b\u0103, din cimpoi\u201d, interpretate de <strong>Corul claselor<\/strong> I, sus\u021binu\u021bi de ansamblul de fluiera\u0219i <strong>\u201eMugura\u0219ii\u201d,<\/strong> conduc\u0103tori artistici domnii Ala \u0219i Valeriu Mereu\u021b\u0103; fragment din \u201eRapsodia rom\u00e2n\u0103\u201d, c\u00e2ntat la vioar\u0103 de <strong>Maxim Pojoga<\/strong> din clasa a IV-a \u201eC\u201d; melodiile populare \u201eM\u0103rioar\u0103 de la munte\u201d, \u201eBade, la inima mea\u201d \u0219i \u201eFoaie verde de susai\u201d, oferite publicului de ansamblul cadrelor didactice <strong>\u201eCr\u0103i\u021bele\u201d<\/strong>; c\u00e2ntecul \u201eOmul bun \u0219i pomul copt\u201d, interpretat la chitar\u0103 de <strong>Cristian Beniuc \u0219i Claudiu B\u00eelici<\/strong> din clasa a XI-a \u201eB\u201d, sus\u021binu\u021bi de <strong>colegii de clas\u0103<\/strong>; piesele \u201eFrunzuli\u021b\u0103, bob gr\u0103unte\u201d, \u201eC\u00e2nt\u0103 cucul, bat\u0103-l vina\u201d, \u201eLa oglind\u0103\u201d, \u201eMai \u021bii minte, m\u0103i, drag\u0103 Marie\u201d interpretate respectiv de ansamblul <strong>\u201ePrometeu\u201d, Miron Rare\u0219<\/strong> din clasa a VIII-a \u201eC\u201d, <strong>Nichita Nem\u021ban<\/strong> din clasa a IX-a \u201eB\u201d, <strong>elevele <\/strong>clasei a V-a \u201eD\u201d \u0219i <strong>Eva B\u00eerc\u0103<\/strong> din clasa a VIII-a \u201eB\u201d, \u00eendruma\u021bi de sufletul acestei s\u0103rb\u0103tori, domnul Veaceslav Adam, profesor de educa\u021bie muzical\u0103.<\/p>\n<p>Spectacolul s-a \u00eencheiat cu o hor\u0103 mare, care \u00eentruchipeaz\u0103, precum au spus prezentatorii, metafora rena\u0219terii na\u021bionale, expresia esen\u021bial\u0103 a \u00eentregii spontaneit\u0103\u021bi creatoare rom\u00e2ne\u0219ti, \u00een iure\u0219ul ei prinz\u00e2ndu-se cu mic cu mare to\u021bi cei prezen\u021bi.<\/p>\n<p>Felicit\u0103ri, dragi elevi, dragi cadre didactice, dragi p\u0103rin\u021bi!<\/p>\n<p>Adres\u0103m mul\u021bumiri cordiale tuturor celor implica\u021bi la organizarea \u0219i desf\u0103\u0219urarea cu succes a S\u0103rb\u0103torii \u201eZiua Iei\u201d, \u0219i \u00een mod special, doamnei Tatiana Melnic, profesoar\u0103 de limba \u0219i literatura rom\u00e2n\u0103, grad didactic superior, \u0219efa Comisiei metodice \u0218tiin\u021be socioumanistice, ini\u021biatoarea de acum 12 ani a acestei superbe tradi\u021bii (\u00eenainte de a fi instituit\u0103 oficial, \u00a0aici \u0219i peste hotare) , inclusiv doamnei Angela Lungu, profesoar\u0103 de limba \u0219i literatura rom\u00e2n\u0103, grad didactic superior, director adjunct pentru educa\u021bie, \u00eensufle\u021bitoarea fiec\u0103rui eveniment cultural al institu\u021biei noastre. Primi\u021bi, stimate doamne profesoare, sincerele noastre reveren\u021be!<\/p>\n<p>\u201eFoaie verde de cicoare,\/ Haide\u021bi to\u021bi la s\u0103rb\u0103toare!\/ Cu feciori \u0219i cu fecioare,\/ S\u0103 \u00eentindem hora mare!\u201d, mai r\u0103sun\u0103 \u00een forul nostru interior ecoul magnificei s\u0103rb\u0103tori \u201eZiua Iei\u201d.<\/p>\n<div id=\"attachment_8806\" style=\"width: 410px\" class=\"wp-caption aligncenter\"><img decoding=\"async\" aria-describedby=\"caption-attachment-8806\" class=\"wp-image-8806 size-fusion-400\" src=\"https:\/\/www.liceulprometeuprotalent.md\/wp-content\/uploads\/2025\/05\/IMG20250523124651-400x301.jpg\" alt=\"\" width=\"400\" height=\"301\" srcset=\"https:\/\/www.liceulprometeuprotalent.md\/wp-content\/uploads\/2025\/05\/IMG20250523124651-200x151.jpg 200w, https:\/\/www.liceulprometeuprotalent.md\/wp-content\/uploads\/2025\/05\/IMG20250523124651-300x226.jpg 300w, https:\/\/www.liceulprometeuprotalent.md\/wp-content\/uploads\/2025\/05\/IMG20250523124651-400x301.jpg 400w, https:\/\/www.liceulprometeuprotalent.md\/wp-content\/uploads\/2025\/05\/IMG20250523124651-600x452.jpg 600w, https:\/\/www.liceulprometeuprotalent.md\/wp-content\/uploads\/2025\/05\/IMG20250523124651-768x578.jpg 768w, https:\/\/www.liceulprometeuprotalent.md\/wp-content\/uploads\/2025\/05\/IMG20250523124651-800x602.jpg 800w, https:\/\/www.liceulprometeuprotalent.md\/wp-content\/uploads\/2025\/05\/IMG20250523124651-1024x771.jpg 1024w, https:\/\/www.liceulprometeuprotalent.md\/wp-content\/uploads\/2025\/05\/IMG20250523124651-1200x904.jpg 1200w, https:\/\/www.liceulprometeuprotalent.md\/wp-content\/uploads\/2025\/05\/IMG20250523124651-1536x1157.jpg 1536w\" sizes=\"(max-width: 400px) 100vw, 400px\" \/><p id=\"caption-attachment-8806\" class=\"wp-caption-text\">oplus_0<\/p><\/div>\n<div id=\"attachment_8807\" style=\"width: 410px\" class=\"wp-caption aligncenter\"><img decoding=\"async\" aria-describedby=\"caption-attachment-8807\" class=\"wp-image-8807 size-fusion-400\" src=\"https:\/\/www.liceulprometeuprotalent.md\/wp-content\/uploads\/2025\/05\/IMG20250523124354-400x301.jpg\" alt=\"\" width=\"400\" height=\"301\" srcset=\"https:\/\/www.liceulprometeuprotalent.md\/wp-content\/uploads\/2025\/05\/IMG20250523124354-200x151.jpg 200w, https:\/\/www.liceulprometeuprotalent.md\/wp-content\/uploads\/2025\/05\/IMG20250523124354-300x226.jpg 300w, https:\/\/www.liceulprometeuprotalent.md\/wp-content\/uploads\/2025\/05\/IMG20250523124354-400x301.jpg 400w, https:\/\/www.liceulprometeuprotalent.md\/wp-content\/uploads\/2025\/05\/IMG20250523124354-600x452.jpg 600w, https:\/\/www.liceulprometeuprotalent.md\/wp-content\/uploads\/2025\/05\/IMG20250523124354-768x578.jpg 768w, https:\/\/www.liceulprometeuprotalent.md\/wp-content\/uploads\/2025\/05\/IMG20250523124354-800x602.jpg 800w, https:\/\/www.liceulprometeuprotalent.md\/wp-content\/uploads\/2025\/05\/IMG20250523124354-1024x771.jpg 1024w, https:\/\/www.liceulprometeuprotalent.md\/wp-content\/uploads\/2025\/05\/IMG20250523124354-1200x904.jpg 1200w, https:\/\/www.liceulprometeuprotalent.md\/wp-content\/uploads\/2025\/05\/IMG20250523124354-1536x1157.jpg 1536w\" sizes=\"(max-width: 400px) 100vw, 400px\" \/><p id=\"caption-attachment-8807\" class=\"wp-caption-text\">oplus_0<\/p><\/div>\n<div id=\"attachment_8808\" style=\"width: 410px\" class=\"wp-caption aligncenter\"><img decoding=\"async\" aria-describedby=\"caption-attachment-8808\" class=\"wp-image-8808 size-fusion-400\" src=\"https:\/\/www.liceulprometeuprotalent.md\/wp-content\/uploads\/2025\/05\/IMG20250523120625-400x301.jpg\" alt=\"\" width=\"400\" height=\"301\" srcset=\"https:\/\/www.liceulprometeuprotalent.md\/wp-content\/uploads\/2025\/05\/IMG20250523120625-200x151.jpg 200w, https:\/\/www.liceulprometeuprotalent.md\/wp-content\/uploads\/2025\/05\/IMG20250523120625-300x226.jpg 300w, https:\/\/www.liceulprometeuprotalent.md\/wp-content\/uploads\/2025\/05\/IMG20250523120625-400x301.jpg 400w, https:\/\/www.liceulprometeuprotalent.md\/wp-content\/uploads\/2025\/05\/IMG20250523120625-600x452.jpg 600w, https:\/\/www.liceulprometeuprotalent.md\/wp-content\/uploads\/2025\/05\/IMG20250523120625-768x578.jpg 768w, https:\/\/www.liceulprometeuprotalent.md\/wp-content\/uploads\/2025\/05\/IMG20250523120625-800x602.jpg 800w, https:\/\/www.liceulprometeuprotalent.md\/wp-content\/uploads\/2025\/05\/IMG20250523120625-1024x771.jpg 1024w, https:\/\/www.liceulprometeuprotalent.md\/wp-content\/uploads\/2025\/05\/IMG20250523120625-1200x904.jpg 1200w, https:\/\/www.liceulprometeuprotalent.md\/wp-content\/uploads\/2025\/05\/IMG20250523120625-1536x1157.jpg 1536w\" sizes=\"(max-width: 400px) 100vw, 400px\" \/><p id=\"caption-attachment-8808\" class=\"wp-caption-text\">oplus_0<\/p><\/div>\n<p><img decoding=\"async\" class=\"alignnone wp-image-8809 size-fusion-400 aligncenter\" src=\"https:\/\/www.liceulprometeuprotalent.md\/wp-content\/uploads\/2025\/05\/viber_image_2025-05-23_13-43-03-893-400x299.jpg\" alt=\"\" width=\"400\" height=\"299\" srcset=\"https:\/\/www.liceulprometeuprotalent.md\/wp-content\/uploads\/2025\/05\/viber_image_2025-05-23_13-43-03-893-200x150.jpg 200w, https:\/\/www.liceulprometeuprotalent.md\/wp-content\/uploads\/2025\/05\/viber_image_2025-05-23_13-43-03-893-300x224.jpg 300w, https:\/\/www.liceulprometeuprotalent.md\/wp-content\/uploads\/2025\/05\/viber_image_2025-05-23_13-43-03-893-400x299.jpg 400w, https:\/\/www.liceulprometeuprotalent.md\/wp-content\/uploads\/2025\/05\/viber_image_2025-05-23_13-43-03-893-600x449.jpg 600w, https:\/\/www.liceulprometeuprotalent.md\/wp-content\/uploads\/2025\/05\/viber_image_2025-05-23_13-43-03-893-768x575.jpg 768w, https:\/\/www.liceulprometeuprotalent.md\/wp-content\/uploads\/2025\/05\/viber_image_2025-05-23_13-43-03-893-800x599.jpg 800w, https:\/\/www.liceulprometeuprotalent.md\/wp-content\/uploads\/2025\/05\/viber_image_2025-05-23_13-43-03-893-1024x766.jpg 1024w, https:\/\/www.liceulprometeuprotalent.md\/wp-content\/uploads\/2025\/05\/viber_image_2025-05-23_13-43-03-893-1200x898.jpg 1200w, https:\/\/www.liceulprometeuprotalent.md\/wp-content\/uploads\/2025\/05\/viber_image_2025-05-23_13-43-03-893-1536x1149.jpg 1536w, https:\/\/www.liceulprometeuprotalent.md\/wp-content\/uploads\/2025\/05\/viber_image_2025-05-23_13-43-03-893.jpg 1600w\" sizes=\"(max-width: 400px) 100vw, 400px\" \/><\/p>\n","protected":false},"excerpt":{"rendered":"<p>La cea de-a XII-a edi\u021bie a S\u0103rb\u0103torii \u201eZiua Iei\u201d, care a avut loc pe data de 23 mai 2025, \u00een incinta Liceului de Creativitate \u0219i Inventic\u0103 \u201ePrometeu-Protalent\u201d, s-a c\u00e2ntat, s-a dansat, s-au rostit cuvine inspirate, \u00een\u0103l\u021b\u0103toare, ca \u0219i la celelalte edi\u021bii ale celei mai \u00eendr\u0103gite manifest\u0103ri culturale din via\u021ba \u0219colar\u0103 a institu\u021biei noastre. \u00cempodobi\u021bi cu [&hellip;]<\/p>\n","protected":false},"author":1,"featured_media":8808,"comment_status":"open","ping_status":"open","sticky":false,"template":"","format":"standard","meta":{"_price":"","_stock":"","_tribe_ticket_header":"","_tribe_default_ticket_provider":"","_tribe_ticket_capacity":"0","_ticket_start_date":"","_ticket_end_date":"","_tribe_ticket_show_description":"","_tribe_ticket_show_not_going":false,"_tribe_ticket_use_global_stock":"","_tribe_ticket_global_stock_level":"","_global_stock_mode":"","_global_stock_cap":"","_tribe_rsvp_for_event":"","_tribe_ticket_going_count":"","_tribe_ticket_not_going_count":"","_tribe_tickets_list":"[]","_tribe_ticket_has_attendee_info_fields":false,"footnotes":""},"categories":[89,80,1],"tags":[],"class_list":["post-8805","post","type-post","status-publish","format-standard","has-post-thumbnail","hentry","category-blog","category-toate-categoriile","category-uncategorized"],"_links":{"self":[{"href":"https:\/\/www.liceulprometeuprotalent.md\/index.php?rest_route=\/wp\/v2\/posts\/8805","targetHints":{"allow":["GET"]}}],"collection":[{"href":"https:\/\/www.liceulprometeuprotalent.md\/index.php?rest_route=\/wp\/v2\/posts"}],"about":[{"href":"https:\/\/www.liceulprometeuprotalent.md\/index.php?rest_route=\/wp\/v2\/types\/post"}],"author":[{"embeddable":true,"href":"https:\/\/www.liceulprometeuprotalent.md\/index.php?rest_route=\/wp\/v2\/users\/1"}],"replies":[{"embeddable":true,"href":"https:\/\/www.liceulprometeuprotalent.md\/index.php?rest_route=%2Fwp%2Fv2%2Fcomments&post=8805"}],"version-history":[{"count":1,"href":"https:\/\/www.liceulprometeuprotalent.md\/index.php?rest_route=\/wp\/v2\/posts\/8805\/revisions"}],"predecessor-version":[{"id":8810,"href":"https:\/\/www.liceulprometeuprotalent.md\/index.php?rest_route=\/wp\/v2\/posts\/8805\/revisions\/8810"}],"wp:featuredmedia":[{"embeddable":true,"href":"https:\/\/www.liceulprometeuprotalent.md\/index.php?rest_route=\/wp\/v2\/media\/8808"}],"wp:attachment":[{"href":"https:\/\/www.liceulprometeuprotalent.md\/index.php?rest_route=%2Fwp%2Fv2%2Fmedia&parent=8805"}],"wp:term":[{"taxonomy":"category","embeddable":true,"href":"https:\/\/www.liceulprometeuprotalent.md\/index.php?rest_route=%2Fwp%2Fv2%2Fcategories&post=8805"},{"taxonomy":"post_tag","embeddable":true,"href":"https:\/\/www.liceulprometeuprotalent.md\/index.php?rest_route=%2Fwp%2Fv2%2Ftags&post=8805"}],"curies":[{"name":"wp","href":"https:\/\/api.w.org\/{rel}","templated":true}]}}