{"id":8825,"date":"2025-05-31T12:23:32","date_gmt":"2025-05-31T12:23:32","guid":{"rendered":"https:\/\/www.liceulprometeuprotalent.md\/?p=8825"},"modified":"2025-06-09T12:27:07","modified_gmt":"2025-06-09T12:27:07","slug":"emotii-si-recunostinta-la-sarbatoarea-ultimul-sunet","status":"publish","type":"post","link":"https:\/\/www.liceulprometeuprotalent.md\/?p=8825","title":{"rendered":"Emo\u021bii \u0219i recuno\u0219tin\u021b\u0103 la s\u0103rb\u0103toarea \u201eUltimul sunet\u201d"},"content":{"rendered":"<p>Veseli, \u00eencrez\u0103tori, exuberan\u021bi, dar \u0219i marca\u021bi de o u\u0219oar\u0103 triste\u021be, provocat\u0103 de desp\u0103r\u021birea de \u0219coala \u00een care au \u00eenv\u0103\u021bat 12 ani \u00eencheia\u021bi, elevii claselor a XII-a ale Liceului de Creativitate \u0219i Inventic\u0103 \u201ePrometeu-Protalent\u201d \u0219i-au luat r\u0103mas bun de la dasc\u0103lii lor printr-o splendid\u0103 defilare a inteligen\u021bei, a cunoa\u0219terii \u0219i a bunei cre\u0219teri, \u00een ziua de 30 mai, a anului de studii 2024-2025.<br \/>\nEi au excelat pe scena din curtea institu\u021biei, cre\u00e2nd o minunat\u0103 atmosfer\u0103 de s\u0103rb\u0103toare, dar nu \u00eenaintea elevilor din clasele a IV-a, \u0219i ei absolven\u021bi ai treptei primare, care la fel ca \u0219i colegii mai mari, \u0219i-au dorit s\u0103 exprime prin evolu\u0103rile lor artistice recuno\u0219tin\u021ba \u0219i mul\u021bumirea pentru grija \u0219i sprijinul oferit cu generozitate de dasc\u0103lii lor, care vor r\u0103m\u00e2ne pentru totdeauna \u00een memorie drept prima \u00eenv\u0103\u021b\u0103toare. Astfel, \u00een baza unui frumos scenariu, elevii din clasele a IV-a \u201eA\u201d, \u201eB\u201d, \u201eC\u201d \u0219i \u201eE\u201d, \u201e\u0219coli\u021bi\u201d de mult apreciatele doamne \u00eenv\u0103\u021b\u0103toare Iulia Scripnic, Dorina Andrei, Natalia Veste, Svetlana Mihaci, au recitat poezii \u0219i au c\u00e2ntat c\u00e2ntece, dedicate \u00eendr\u0103gitelor cadre didactice \u0219i institu\u021biei la care \u00eenva\u021b\u0103.<br \/>\n\u0218tafeta emo\u021bionantelor expresii de dragoste \u0219i pre\u021buire a tot ce au \u00eensumat \u00een ei cei 12 ani de \u0219coal\u0103, a fost preluat\u0103 de absolven\u021bii claselor a XII-a, care dup\u0103 intonarea imnului Republicii Moldova \u0219i a imnului Liceului \u201ePrometeu-Protalent\u201d au dat curs unei ample \u00een\u0219iruiri a calit\u0103\u021bilor fiec\u0103rui absolvent, gata s\u0103 porneasc\u0103 pe drumul vie\u021bii mature. Dup\u0103 aceast\u0103 ingenioas\u0103 prezentare, ei i-au invitat, r\u00e2nd pe r\u00e2nd, pe scen\u0103 pe to\u021bi dasc\u0103lii, care au contribuit prin cuv\u00e2nt, competen\u021b\u0103 \u0219i r\u0103bdare la formarea personalit\u0103\u021bii lor, oferindu-le minunate buchete de flori, dar \u0219i cuvinte de recuno\u0219tin\u021b\u0103 de neuitat: \u201eIubi\u021bi \u00eenv\u0103\u021b\u0103tori, creatori de suflete, generatori de dragoste, ne-a\u021bi ghidat cu \u00een\u021belepciune, ne-a\u021bi inspirat s\u0103 fim Oameni\u201d. \u201eV\u0103 suntem recunosc\u0103tori! \u00cendruma\u021bi de domniile voastre am finalizat cu succes o etap\u0103 esen\u021bial\u0103 din via\u021ba noastr\u0103. Suntem absolven\u021bi!\u201d \u201eE o realizare minunat\u0103! Am muncit din greu \u0219i am ajuns aici prin determinare \u0219i voin\u021b\u0103. Nu vom \u00eenceta niciodat\u0103 s\u0103 credem \u00een noi\u201d. \u201eSuntem preg\u0103ti\u021bi s\u0103 \u00eenfrunt\u0103m noi provoc\u0103ri \u0219i s\u0103 ne urm\u0103m visurile. Suntem capabili de mari fapte!\u201d \u201eS\u0103rb\u0103torim acest succes \u0219i continu\u0103m s\u0103 vis\u0103m m\u0103re\u021b. Viitorul nostru este luminos!\u201d<br \/>\nPrintre dasc\u0103lii, \u00een adresa c\u0103rora au fost rostite cele mai \u00eenduio\u0219\u0103toare cuvinte de apreciere au fost: doamna Nelea Croitoru, diriginta clasei a XII-a \u201eB\u201d, profesoar\u0103 de limba \u0219i literatura rom\u00e2n\u0103, grad didactic superior, care conform celor spuse de elevi, \u201ene-a predat mai mult dec\u00e2t limba \u0219i literatura rom\u00e2n\u0103 \u2013 ne-a predat omenia, cu naturale\u021be, cu bl\u00e2nde\u021be, cu umor fin. O respect\u0103m pentru c\u0103 ne-a d\u0103ruit c\u0103ldur\u0103, inteligen\u021b\u0103, frumuse\u021be, tandre\u021be, echilibru\u201d \u0219i domnul Vasile Cupcea, dirigintele clasei a XII-a \u201eA\u201d, profesor de educa\u021bie fizic\u0103, grad didactic I, care, \u00een opinia discipolilor, \u201ea fost al\u0103turi nu doar \u00een clas\u0103, ci \u0219i \u00een via\u021b\u0103. Mereu calm, \u00een\u021beleg\u0103tor, apropiat de elevi. Ne-a ascultat, ne-a \u00eencurajat, ne-a \u00eenv\u0103\u021bat s\u0103 fim responsabili \u0219i uni\u021bi\u201d.<br \/>\nAbsolven\u021bii au oferit cuv\u00e2ntul: domnului Aurelian Silvestru, director-fondator al Liceului de Creativitate \u0219i Inventic\u0103 \u201ePrometeu-Protalent\u201d, care \u0219i-a reiterat celebrul aforism \u201e\u0219coala nu d\u0103 minte, ea te \u00eenva\u021b\u0103 cum s-o folose\u0219ti\u201d, afirm\u00e2nd c\u0103 \u201ede-a lungul celor 12 ani de Liceu, noi, \u00eenv\u0103\u021b\u0103torii \u0219i p\u0103rin\u021bii, v-am \u00eenzestrat cu toate instrumentele necesare pentru performan\u021be \u0219i succes, ba chiar mai mult \u2013 v-am \u00eenv\u0103\u021bat ce \u00eenseamn\u0103 omenia, bunul sim\u021b, h\u0103rnicia, perseveren\u021ba \u0219i o mul\u021bime de alte calit\u0103\u021bi, care fac din noi persoane demne de respect. O \u0219coal\u0103 adev\u0103rat\u0103 cre\u0219te \u00een primul r\u00e2nd oameni adev\u0103ra\u021bi\u201d; doamnei Zinaida V\u00eerlan, director adjunct pentru instruire, care a enumerat \u00een fa\u021ba celor prezen\u021bi numeroasele premii, peste 700 la num\u0103r, ob\u021binute de elevii prometei\u0219ti la diverse concursuri \u0219colare, na\u021bionale \u0219i interna\u021bionale doar \u00een acest an de studii \u0219i doamnei Natalia Secrieru, care a venit cu un cald mesaj de mul\u021bumire din partea p\u0103rin\u021bilor.<br \/>\nAu sensibilizat audien\u021ba, care a umplut ochi incinta Liceului, c\u00e2ntecele: \u201eO lume minunat\u0103\u201d, interpretat de M\u0103d\u0103lina Tei\u0219an din clasa I \u201eC\u201d; \u201eColega mea\u201d, interpretat de Angelina Iord\u0103chescu, Gabriel Rodideal, Melissa Ia\u021bco, Sofia Muntean \u2013 chitar\u0103 din clasa a IX-a; \u201eValsul absolven\u021bilor\u201d \u0219i \u201e\u0218coala mea\u201d, muzic\u0103 \u0219i versuri Aurelian Silvestru, ansamblul \u201ePrometeu\u201d, conduc\u0103tor artistic Veaceslav Adam; \u201eInim\u0103 de mam\u0103, inim\u0103 de tat\u0103\u201d, versuri Dumitru Matcovschi, interpret\u0103 Eva B\u00eerc\u0103 din clasa a VIII-a; \u201eHora din Moldova\u201d, interpretat de Alexia Smerea din clasa a XII-a \u0219i, pe ritmurile faimoasei melodii \u201eAni de liceu\u201d, a r\u0103sunat ultimul sunet de clopo\u021bel din acest an de studii.<br \/>\nMen\u021bion\u0103m c\u0103 memorabilul spectacol a fost realizat \u00een baza scenariului semnat de doamna profesoar\u0103 Nelea Croitoru \u0219i, partea cu clasele a IV-a, de doamna Iulia Scripnic, director adjunct pentru instruire. Desf\u0103\u0219urarea impecabil\u0103 a s\u0103rb\u0103torii a fost coordonat\u0103 de doamnele Angela Lungu \u0219i Cristina Brunchi, directori adjunc\u021bi pentru educa\u021bie \u0219i, partea muzical\u0103, de domnul Veaceslav Adam, profesor de educa\u021bie muzical\u0103, grad didactic I.<br \/>\nVacan\u021ba frumoas\u0103, dragi elevi !<br \/>\nDrum bun \u00een via\u021b\u0103, dragi absolven\u021bi!<\/p>\n<p style=\"text-align: center;\"><img decoding=\"async\" class=\"alignnone wp-image-8826 size-fusion-400\" src=\"https:\/\/www.liceulprometeuprotalent.md\/wp-content\/uploads\/2025\/06\/viber_image_2025-06-02_16-24-14-597-400x533.jpg\" alt=\"\" width=\"400\" height=\"533\" srcset=\"https:\/\/www.liceulprometeuprotalent.md\/wp-content\/uploads\/2025\/06\/viber_image_2025-06-02_16-24-14-597-200x267.jpg 200w, https:\/\/www.liceulprometeuprotalent.md\/wp-content\/uploads\/2025\/06\/viber_image_2025-06-02_16-24-14-597-225x300.jpg 225w, https:\/\/www.liceulprometeuprotalent.md\/wp-content\/uploads\/2025\/06\/viber_image_2025-06-02_16-24-14-597-400x533.jpg 400w, https:\/\/www.liceulprometeuprotalent.md\/wp-content\/uploads\/2025\/06\/viber_image_2025-06-02_16-24-14-597-600x800.jpg 600w, https:\/\/www.liceulprometeuprotalent.md\/wp-content\/uploads\/2025\/06\/viber_image_2025-06-02_16-24-14-597-768x1024.jpg 768w, https:\/\/www.liceulprometeuprotalent.md\/wp-content\/uploads\/2025\/06\/viber_image_2025-06-02_16-24-14-597-800x1067.jpg 800w, https:\/\/www.liceulprometeuprotalent.md\/wp-content\/uploads\/2025\/06\/viber_image_2025-06-02_16-24-14-597-1152x1536.jpg 1152w, https:\/\/www.liceulprometeuprotalent.md\/wp-content\/uploads\/2025\/06\/viber_image_2025-06-02_16-24-14-597.jpg 1200w\" sizes=\"(max-width: 400px) 100vw, 400px\" \/> \u00a0<img decoding=\"async\" class=\"alignnone wp-image-8828 size-fusion-400\" src=\"https:\/\/www.liceulprometeuprotalent.md\/wp-content\/uploads\/2025\/06\/502419600_1079083547436855_2506893057345331670_n-400x491.jpg\" alt=\"\" width=\"400\" height=\"491\" srcset=\"https:\/\/www.liceulprometeuprotalent.md\/wp-content\/uploads\/2025\/06\/502419600_1079083547436855_2506893057345331670_n-200x245.jpg 200w, https:\/\/www.liceulprometeuprotalent.md\/wp-content\/uploads\/2025\/06\/502419600_1079083547436855_2506893057345331670_n-245x300.jpg 245w, https:\/\/www.liceulprometeuprotalent.md\/wp-content\/uploads\/2025\/06\/502419600_1079083547436855_2506893057345331670_n-400x491.jpg 400w, https:\/\/www.liceulprometeuprotalent.md\/wp-content\/uploads\/2025\/06\/502419600_1079083547436855_2506893057345331670_n-600x736.jpg 600w, https:\/\/www.liceulprometeuprotalent.md\/wp-content\/uploads\/2025\/06\/502419600_1079083547436855_2506893057345331670_n-768x942.jpg 768w, https:\/\/www.liceulprometeuprotalent.md\/wp-content\/uploads\/2025\/06\/502419600_1079083547436855_2506893057345331670_n-800x981.jpg 800w, https:\/\/www.liceulprometeuprotalent.md\/wp-content\/uploads\/2025\/06\/502419600_1079083547436855_2506893057345331670_n-835x1024.jpg 835w, https:\/\/www.liceulprometeuprotalent.md\/wp-content\/uploads\/2025\/06\/502419600_1079083547436855_2506893057345331670_n-1200x1472.jpg 1200w, https:\/\/www.liceulprometeuprotalent.md\/wp-content\/uploads\/2025\/06\/502419600_1079083547436855_2506893057345331670_n-1253x1536.jpg 1253w, https:\/\/www.liceulprometeuprotalent.md\/wp-content\/uploads\/2025\/06\/502419600_1079083547436855_2506893057345331670_n.jpg 1670w\" sizes=\"(max-width: 400px) 100vw, 400px\" \/><\/p>\n","protected":false},"excerpt":{"rendered":"<p>Veseli, \u00eencrez\u0103tori, exuberan\u021bi, dar \u0219i marca\u021bi de o u\u0219oar\u0103 triste\u021be, provocat\u0103 de desp\u0103r\u021birea de \u0219coala \u00een care au \u00eenv\u0103\u021bat 12 ani \u00eencheia\u021bi, elevii claselor a XII-a ale Liceului de Creativitate \u0219i Inventic\u0103 \u201ePrometeu-Protalent\u201d \u0219i-au luat r\u0103mas bun de la dasc\u0103lii lor printr-o splendid\u0103 defilare a inteligen\u021bei, a cunoa\u0219terii \u0219i a bunei cre\u0219teri, \u00een ziua de [&hellip;]<\/p>\n","protected":false},"author":1,"featured_media":8827,"comment_status":"open","ping_status":"open","sticky":false,"template":"","format":"standard","meta":{"_price":"","_stock":"","_tribe_ticket_header":"","_tribe_default_ticket_provider":"","_tribe_ticket_capacity":"0","_ticket_start_date":"","_ticket_end_date":"","_tribe_ticket_show_description":"","_tribe_ticket_show_not_going":false,"_tribe_ticket_use_global_stock":"","_tribe_ticket_global_stock_level":"","_global_stock_mode":"","_global_stock_cap":"","_tribe_rsvp_for_event":"","_tribe_ticket_going_count":"","_tribe_ticket_not_going_count":"","_tribe_tickets_list":"[]","_tribe_ticket_has_attendee_info_fields":false,"footnotes":""},"categories":[89,80,1],"tags":[],"class_list":["post-8825","post","type-post","status-publish","format-standard","has-post-thumbnail","hentry","category-blog","category-toate-categoriile","category-uncategorized"],"_links":{"self":[{"href":"https:\/\/www.liceulprometeuprotalent.md\/index.php?rest_route=\/wp\/v2\/posts\/8825","targetHints":{"allow":["GET"]}}],"collection":[{"href":"https:\/\/www.liceulprometeuprotalent.md\/index.php?rest_route=\/wp\/v2\/posts"}],"about":[{"href":"https:\/\/www.liceulprometeuprotalent.md\/index.php?rest_route=\/wp\/v2\/types\/post"}],"author":[{"embeddable":true,"href":"https:\/\/www.liceulprometeuprotalent.md\/index.php?rest_route=\/wp\/v2\/users\/1"}],"replies":[{"embeddable":true,"href":"https:\/\/www.liceulprometeuprotalent.md\/index.php?rest_route=%2Fwp%2Fv2%2Fcomments&post=8825"}],"version-history":[{"count":1,"href":"https:\/\/www.liceulprometeuprotalent.md\/index.php?rest_route=\/wp\/v2\/posts\/8825\/revisions"}],"predecessor-version":[{"id":8829,"href":"https:\/\/www.liceulprometeuprotalent.md\/index.php?rest_route=\/wp\/v2\/posts\/8825\/revisions\/8829"}],"wp:featuredmedia":[{"embeddable":true,"href":"https:\/\/www.liceulprometeuprotalent.md\/index.php?rest_route=\/wp\/v2\/media\/8827"}],"wp:attachment":[{"href":"https:\/\/www.liceulprometeuprotalent.md\/index.php?rest_route=%2Fwp%2Fv2%2Fmedia&parent=8825"}],"wp:term":[{"taxonomy":"category","embeddable":true,"href":"https:\/\/www.liceulprometeuprotalent.md\/index.php?rest_route=%2Fwp%2Fv2%2Fcategories&post=8825"},{"taxonomy":"post_tag","embeddable":true,"href":"https:\/\/www.liceulprometeuprotalent.md\/index.php?rest_route=%2Fwp%2Fv2%2Ftags&post=8825"}],"curies":[{"name":"wp","href":"https:\/\/api.w.org\/{rel}","templated":true}]}}