{"id":8838,"date":"2025-06-27T17:58:57","date_gmt":"2025-06-27T17:58:57","guid":{"rendered":"https:\/\/www.liceulprometeuprotalent.md\/?p=8838"},"modified":"2025-06-27T17:58:57","modified_gmt":"2025-06-27T17:58:57","slug":"olimpica-evelina-tigulea-nota-10-pe-linie-la-bacalaureat","status":"publish","type":"post","link":"https:\/\/www.liceulprometeuprotalent.md\/?p=8838","title":{"rendered":"Olimpica Evelina \u021a\u00eegulea &#8211; nota 10 pe linie la Bacalaureat!"},"content":{"rendered":"<p class=\"s3\"><span class=\"s2\"><span class=\"bumpedFont15\">Olimpica <\/span><\/span><span class=\"s2\"><span class=\"bumpedFont15\">Evelina <\/span><\/span><span class=\"s2\"><span class=\"bumpedFont15\">\u021a\u00eegulea<\/span><\/span><span class=\"s2\"><span class=\"bumpedFont15\"> &#8211; nota 10 pe linie la Bacalaureat! <\/span><\/span><\/p>\n<p class=\"s5\"><span class=\"s4\"><span class=\"bumpedFont15\">\u201eP\u0103rin\u021bii ne ajut\u0103 s\u0103 devenim oameni, c\u0103r\u021bile s\u0103 r\u0103m\u00e2nem\u201d<\/span><\/span><span class=\"s4\"><span class=\"bumpedFont15\">, spune scriitorul <\/span><\/span><span class=\"s4\"><span class=\"bumpedFont15\">Aurelian Silvestru<\/span><\/span><span class=\"s4\"><span class=\"bumpedFont15\">, directorul-fondator al Liceului de Creativitate \u0219i Inventic\u0103 \u201ePrometeu-<\/span><\/span><span class=\"s4\"><span class=\"bumpedFont15\">Protalent<\/span><\/span><span class=\"s4\"><span class=\"bumpedFont15\">\u201d, aforism, care \u00een cazul elevei Evelina <\/span><\/span><span class=\"s4\"><span class=\"bumpedFont15\">\u021a\u00eegulea<\/span><\/span><span class=\"s4\"><span class=\"bumpedFont15\"> a devenit realitate.<\/span><\/span><\/p>\n<p class=\"s5\"><span class=\"s4\"><span class=\"bumpedFont15\">C\u00e2\u0219tig\u0103toare doar \u00een anul de studii 2024-2025 a numeroase olimpiade na\u021bionale \u0219i interna\u021bionale la diverse discipline, <\/span><\/span><span class=\"s4\"><span class=\"bumpedFont15\">Evelina <\/span><\/span><span class=\"s4\"><span class=\"bumpedFont15\">\u021a\u00eegulea<\/span><\/span><span class=\"s4\"><span class=\"bumpedFont15\">, absolvent<\/span><\/span><span class=\"s4\"><span class=\"bumpedFont15\">a clasei a XI<\/span><\/span><span class=\"s4\"><span class=\"bumpedFont15\">I-a \u201eB\u201d a Liceului<\/span><\/span><a name=\"_GoBack\"><\/a><span class=\"s4\"><span class=\"bumpedFont15\">\u201ePrometeu-<\/span><\/span><span class=\"s4\"><span class=\"bumpedFont15\">Prot<\/span><\/span><span class=\"s4\"><span class=\"bumpedFont15\">alent<\/span><\/span><span class=\"s4\"><span class=\"bumpedFont15\">\u201d, a demonstrat o dat\u0103 \u00een plus la examenele de Bacalaureat, c\u0103 munca, str\u0103duin\u021ba, perseveren\u021ba \u0219i pasiunea pentru studiu<\/span><\/span><span class=\"s4\"><span class=\"bumpedFont15\"> \u00een anii de \u0219coal\u0103,<\/span><\/span> <span class=\"s4\"><span class=\"bumpedFont15\">asigur\u0103 \u00eentotdeauna succesul. <\/span><\/span><span class=\"s2\"><span class=\"bumpedFont15\">Evelina a ob\u021binut nota 10 pe linie la examenele de Bacalaureat<\/span><\/span><span class=\"s4\"><span class=\"bumpedFont15\">, <\/span><\/span><span class=\"s4\"><span class=\"bumpedFont15\">bucur\u00e2nd prin rezultatele ei excep\u021bionale, pe to\u021bi cei care i-au fost al\u0103turi \u00een anii de \u0219coal\u0103: <\/span><\/span><span class=\"s4\"><span class=\"bumpedFont15\">administra\u021bia Liceului, <\/span><\/span><span class=\"s4\"><span class=\"bumpedFont15\">cadre<\/span><\/span><span class=\"s4\"><span class=\"bumpedFont15\">le<\/span><\/span><span class=\"s4\"><span class=\"bumpedFont15\"> didactice, p\u0103rin\u021bi<\/span><\/span><span class=\"s4\"><span class=\"bumpedFont15\">i<\/span><\/span><span class=\"s4\"><span class=\"bumpedFont15\">.<\/span><\/span><span class=\"s4\"><span class=\"bumpedFont15\"> Performan\u021bele <\/span><\/span><span class=\"s4\"><span class=\"bumpedFont15\">Evelinei<\/span><\/span><span class=\"s4\"><span class=\"bumpedFont15\"> \u2013 <\/span><\/span><span class=\"s2\"><span class=\"bumpedFont15\">media 10 \u00een fiecare an \u0219colar<\/span><\/span><span class=\"s4\"><span class=\"bumpedFont15\"> &#8211;<\/span><\/span><span class=\"s4\"><span class=\"bumpedFont15\"> au fost \u0219i vor<\/span><\/span><span class=\"s4\"><span class=\"bumpedFont15\"> r\u0103m\u00e2ne sur<\/span><\/span><span class=\"s4\"><span class=\"bumpedFont15\">se de inspira\u021bie <\/span><\/span><span class=\"s4\"><span class=\"bumpedFont15\">at\u00e2t <\/span><\/span><span class=\"s4\"><span class=\"bumpedFont15\">pentru colegii de clas\u0103,<\/span><\/span><span class=\"s4\"><span class=\"bumpedFont15\"> c\u00e2t \u0219i pentru colegii de <\/span><\/span><span class=\"s4\"><span class=\"bumpedFont15\">Liceu. <\/span><\/span><\/p>\n<p class=\"s6\"><span class=\"s4\"><span class=\"bumpedFont15\">Bravo<\/span><\/span><span class=\"s4\"><span class=\"bumpedFont15\">, Evelina! E\u0219ti un exempl<\/span><\/span><span class=\"s4\"><span class=\"bumpedFont15\">u demn de urmat! <\/span><\/span><span class=\"s4\"><span class=\"bumpedFont15\">Suntem m\u00e2ndri de tine! <\/span><\/span><span class=\"s4\"><span class=\"bumpedFont15\">\u00ce\u021bi dorim <\/span><\/span><span class=\"s4\"><span class=\"bumpedFont15\">s\u0103 transformi reu\u0219ita de azi \u00een realizarea<\/span><\/span><span class=\"s4\"><span class=\"bumpedFont15\"> vi<\/span><\/span><span class=\"s4\"><span class=\"bumpedFont15\">surilor de m\u00e2ine<\/span><\/span><span class=\"s4\"><span class=\"bumpedFont15\">, s\u0103 ur<\/span><\/span><span class=\"s4\"><span class=\"bumpedFont15\">ci pe cele mai \u00eenalte culmi ale succesului<\/span><\/span><span class=\"s4\"><span class=\"bumpedFont15\"> profesional \u0219i personal<\/span><\/span><span class=\"s4\"><span class=\"bumpedFont15\">!<\/span><\/span><\/p>\n<p class=\"s6\"><span class=\"s4\"><span class=\"bumpedFont15\">Calde mul\u021bumiri \u0219i sincere aprecieri exprim\u0103m p\u0103rin\u021bilor, cadre<\/span><\/span><span class=\"s4\"><span class=\"bumpedFont15\">lor didactice \u0219i \u00een mod special<\/span><\/span><span class=\"s4\"><span class=\"bumpedFont15\"> doamnei <\/span><\/span><span class=\"s4\"><span class=\"bumpedFont15\">Ne<\/span><\/span><span class=\"s4\"><span class=\"bumpedFont15\">lea<\/span><\/span><span class=\"s4\"><span class=\"bumpedFont15\"> Croitoru, diriginta olimpice<\/span><\/span><span class=\"s4\"><span class=\"bumpedFont15\">i noastre<\/span><\/span><span class=\"s4\"><span class=\"bumpedFont15\">,<\/span><\/span><span class=\"s4\"><span class=\"bumpedFont15\"> Evelina <\/span><\/span><span class=\"s4\"><span class=\"bumpedFont15\">\u021a\u00eegulea<\/span><\/span><span class=\"s4\"><span class=\"bumpedFont15\">. \u00a0<\/span><\/span><span class=\"s4\"><span class=\"bumpedFont15\"> \u00a0<\/span><\/span><\/p>\n<p class=\"s7\">\n","protected":false},"excerpt":{"rendered":"<p>Olimpica Evelina \u021a\u00eegulea &#8211; nota 10 pe linie la Bacalaureat! \u201eP\u0103rin\u021bii ne ajut\u0103 s\u0103 devenim oameni, c\u0103r\u021bile s\u0103 r\u0103m\u00e2nem\u201d, spune scriitorul Aurelian Silvestru, directorul-fondator al Liceului de Creativitate \u0219i Inventic\u0103 \u201ePrometeu-Protalent\u201d, aforism, care \u00een cazul elevei Evelina \u021a\u00eegulea a devenit realitate. C\u00e2\u0219tig\u0103toare doar \u00een anul de studii 2024-2025 a numeroase olimpiade na\u021bionale \u0219i interna\u021bionale la [&hellip;]<\/p>\n","protected":false},"author":1,"featured_media":8839,"comment_status":"open","ping_status":"open","sticky":false,"template":"","format":"standard","meta":{"_price":"","_stock":"","_tribe_ticket_header":"","_tribe_default_ticket_provider":"","_tribe_ticket_capacity":"0","_ticket_start_date":"","_ticket_end_date":"","_tribe_ticket_show_description":"","_tribe_ticket_show_not_going":false,"_tribe_ticket_use_global_stock":"","_tribe_ticket_global_stock_level":"","_global_stock_mode":"","_global_stock_cap":"","_tribe_rsvp_for_event":"","_tribe_ticket_going_count":"","_tribe_ticket_not_going_count":"","_tribe_tickets_list":"[]","_tribe_ticket_has_attendee_info_fields":false,"footnotes":""},"categories":[89,80,1],"tags":[],"class_list":["post-8838","post","type-post","status-publish","format-standard","has-post-thumbnail","hentry","category-blog","category-toate-categoriile","category-uncategorized"],"_links":{"self":[{"href":"https:\/\/www.liceulprometeuprotalent.md\/index.php?rest_route=\/wp\/v2\/posts\/8838","targetHints":{"allow":["GET"]}}],"collection":[{"href":"https:\/\/www.liceulprometeuprotalent.md\/index.php?rest_route=\/wp\/v2\/posts"}],"about":[{"href":"https:\/\/www.liceulprometeuprotalent.md\/index.php?rest_route=\/wp\/v2\/types\/post"}],"author":[{"embeddable":true,"href":"https:\/\/www.liceulprometeuprotalent.md\/index.php?rest_route=\/wp\/v2\/users\/1"}],"replies":[{"embeddable":true,"href":"https:\/\/www.liceulprometeuprotalent.md\/index.php?rest_route=%2Fwp%2Fv2%2Fcomments&post=8838"}],"version-history":[{"count":1,"href":"https:\/\/www.liceulprometeuprotalent.md\/index.php?rest_route=\/wp\/v2\/posts\/8838\/revisions"}],"predecessor-version":[{"id":8840,"href":"https:\/\/www.liceulprometeuprotalent.md\/index.php?rest_route=\/wp\/v2\/posts\/8838\/revisions\/8840"}],"wp:featuredmedia":[{"embeddable":true,"href":"https:\/\/www.liceulprometeuprotalent.md\/index.php?rest_route=\/wp\/v2\/media\/8839"}],"wp:attachment":[{"href":"https:\/\/www.liceulprometeuprotalent.md\/index.php?rest_route=%2Fwp%2Fv2%2Fmedia&parent=8838"}],"wp:term":[{"taxonomy":"category","embeddable":true,"href":"https:\/\/www.liceulprometeuprotalent.md\/index.php?rest_route=%2Fwp%2Fv2%2Fcategories&post=8838"},{"taxonomy":"post_tag","embeddable":true,"href":"https:\/\/www.liceulprometeuprotalent.md\/index.php?rest_route=%2Fwp%2Fv2%2Ftags&post=8838"}],"curies":[{"name":"wp","href":"https:\/\/api.w.org\/{rel}","templated":true}]}}