{"id":8841,"date":"2025-06-30T09:29:51","date_gmt":"2025-06-30T09:29:51","guid":{"rendered":"https:\/\/www.liceulprometeuprotalent.md\/?p=8841"},"modified":"2025-06-30T09:29:51","modified_gmt":"2025-06-30T09:29:51","slug":"vacanta-cu-premii","status":"publish","type":"post","link":"https:\/\/www.liceulprometeuprotalent.md\/?p=8841","title":{"rendered":"Vacan\u021b\u0103 cu premii"},"content":{"rendered":"<p>De\u0219i vacan\u021ba e \u00een plin\u0103 desf\u0103\u0219urare, Paola-Francesca Bor\u0219, eleva clasei a VIII-a \u201eA\u201d a Liceului de Creativitate \u0219i Inventic\u0103 \u201ePrometeu-Protalent\u201d (dirigint\u0103 doamna Natalia Rusica, profesoar\u0103 de limba \u0219i literatura rom\u00e2n\u0103, grad didactic superior), continu\u0103 s\u0103 se antreneze la sportul preferat \u2013 gimnastica estetic\u0103 de grup \u2013 \u0219i s\u0103 cucereasc\u0103, \u00eempreun\u0103 cu echipa, noi \u0219i noi titluri de glorie. Cele mai recente sunt <strong>Premiul II<\/strong> la Campionatul de gimnastic\u0103 estetic\u0103 de grup al \u021a\u0103rilor Balcanice \u0219i <strong>Premiul III<\/strong> la Cupa Mondial\u0103 III, care s-au desf\u0103\u0219urat \u00een perioada 26-29 iunie 2025 \u00een ora\u0219ul Larissa, Grecia.<\/p>\n<p>Paola-Francesca practic\u0103 acest sport de mic copil. Ea face parte din echipa na\u021bional\u0103 a Federa\u021biei Interna\u021bionale de Gimnastic\u0103 Estetic\u0103 de Grup \u0219i are \u00een palmaresul ei numeroase premii \u0219i medalii. Acest sport gra\u021bios o motiveaz\u0103 s\u0103 fie mereu \u00een form\u0103. \u00cen acest mod, \u00ee\u0219i educ\u0103, precum spune Paola-Francesca, voin\u021ba, rezisten\u021ba, perseveren\u021ba, inclusiv autodisciplina.<\/p>\n<p>Bravo, Paola-Francesca! Succesele tale ne bucur\u0103 foarte mult! Suntem m\u00e2ndri de tine \u0219i de performan\u021bele tale!<\/p>\n<p>Adres\u0103m mul\u021bumiri cordiale p\u0103rin\u021bilor \u0219i cadrelor didactice, care sprijin\u0103 \u0219i \u00eencurajeaz\u0103 pasiunea pentru acest minunat sport al Paolei-Francesca.<\/p>\n<p style=\"text-align: center;\"><img decoding=\"async\" class=\"alignnone wp-image-8842 size-fusion-400\" src=\"https:\/\/www.liceulprometeuprotalent.md\/wp-content\/uploads\/2025\/06\/viber_image_2025-06-30_11-54-54-013-400x534.jpg\" alt=\"\" width=\"400\" height=\"534\" srcset=\"https:\/\/www.liceulprometeuprotalent.md\/wp-content\/uploads\/2025\/06\/viber_image_2025-06-30_11-54-54-013-200x267.jpg 200w, https:\/\/www.liceulprometeuprotalent.md\/wp-content\/uploads\/2025\/06\/viber_image_2025-06-30_11-54-54-013-225x300.jpg 225w, https:\/\/www.liceulprometeuprotalent.md\/wp-content\/uploads\/2025\/06\/viber_image_2025-06-30_11-54-54-013-400x534.jpg 400w, https:\/\/www.liceulprometeuprotalent.md\/wp-content\/uploads\/2025\/06\/viber_image_2025-06-30_11-54-54-013-600x801.jpg 600w, https:\/\/www.liceulprometeuprotalent.md\/wp-content\/uploads\/2025\/06\/viber_image_2025-06-30_11-54-54-013.jpg 640w\" sizes=\"(max-width: 400px) 100vw, 400px\" \/> <img decoding=\"async\" class=\"alignnone wp-image-8843 size-fusion-400\" src=\"https:\/\/www.liceulprometeuprotalent.md\/wp-content\/uploads\/2025\/06\/viber_image_2025-06-30_11-55-00-965-400x533.jpg\" alt=\"\" width=\"400\" height=\"533\" srcset=\"https:\/\/www.liceulprometeuprotalent.md\/wp-content\/uploads\/2025\/06\/viber_image_2025-06-30_11-55-00-965-200x267.jpg 200w, https:\/\/www.liceulprometeuprotalent.md\/wp-content\/uploads\/2025\/06\/viber_image_2025-06-30_11-55-00-965-225x300.jpg 225w, https:\/\/www.liceulprometeuprotalent.md\/wp-content\/uploads\/2025\/06\/viber_image_2025-06-30_11-55-00-965-400x533.jpg 400w, https:\/\/www.liceulprometeuprotalent.md\/wp-content\/uploads\/2025\/06\/viber_image_2025-06-30_11-55-00-965-600x800.jpg 600w, https:\/\/www.liceulprometeuprotalent.md\/wp-content\/uploads\/2025\/06\/viber_image_2025-06-30_11-55-00-965-768x1024.jpg 768w, https:\/\/www.liceulprometeuprotalent.md\/wp-content\/uploads\/2025\/06\/viber_image_2025-06-30_11-55-00-965-800x1067.jpg 800w, https:\/\/www.liceulprometeuprotalent.md\/wp-content\/uploads\/2025\/06\/viber_image_2025-06-30_11-55-00-965-1152x1536.jpg 1152w, https:\/\/www.liceulprometeuprotalent.md\/wp-content\/uploads\/2025\/06\/viber_image_2025-06-30_11-55-00-965.jpg 1200w\" sizes=\"(max-width: 400px) 100vw, 400px\" \/><\/p>\n","protected":false},"excerpt":{"rendered":"<p>De\u0219i vacan\u021ba e \u00een plin\u0103 desf\u0103\u0219urare, Paola-Francesca Bor\u0219, eleva clasei a VIII-a \u201eA\u201d a Liceului de Creativitate \u0219i Inventic\u0103 \u201ePrometeu-Protalent\u201d (dirigint\u0103 doamna Natalia Rusica, profesoar\u0103 de limba \u0219i literatura rom\u00e2n\u0103, grad didactic superior), continu\u0103 s\u0103 se antreneze la sportul preferat \u2013 gimnastica estetic\u0103 de grup \u2013 \u0219i s\u0103 cucereasc\u0103, \u00eempreun\u0103 cu echipa, noi \u0219i noi [&hellip;]<\/p>\n","protected":false},"author":1,"featured_media":8843,"comment_status":"open","ping_status":"open","sticky":false,"template":"","format":"standard","meta":{"_price":"","_stock":"","_tribe_ticket_header":"","_tribe_default_ticket_provider":"","_tribe_ticket_capacity":"0","_ticket_start_date":"","_ticket_end_date":"","_tribe_ticket_show_description":"","_tribe_ticket_show_not_going":false,"_tribe_ticket_use_global_stock":"","_tribe_ticket_global_stock_level":"","_global_stock_mode":"","_global_stock_cap":"","_tribe_rsvp_for_event":"","_tribe_ticket_going_count":"","_tribe_ticket_not_going_count":"","_tribe_tickets_list":"[]","_tribe_ticket_has_attendee_info_fields":false,"footnotes":""},"categories":[89,80,1],"tags":[],"class_list":["post-8841","post","type-post","status-publish","format-standard","has-post-thumbnail","hentry","category-blog","category-toate-categoriile","category-uncategorized"],"_links":{"self":[{"href":"https:\/\/www.liceulprometeuprotalent.md\/index.php?rest_route=\/wp\/v2\/posts\/8841","targetHints":{"allow":["GET"]}}],"collection":[{"href":"https:\/\/www.liceulprometeuprotalent.md\/index.php?rest_route=\/wp\/v2\/posts"}],"about":[{"href":"https:\/\/www.liceulprometeuprotalent.md\/index.php?rest_route=\/wp\/v2\/types\/post"}],"author":[{"embeddable":true,"href":"https:\/\/www.liceulprometeuprotalent.md\/index.php?rest_route=\/wp\/v2\/users\/1"}],"replies":[{"embeddable":true,"href":"https:\/\/www.liceulprometeuprotalent.md\/index.php?rest_route=%2Fwp%2Fv2%2Fcomments&post=8841"}],"version-history":[{"count":1,"href":"https:\/\/www.liceulprometeuprotalent.md\/index.php?rest_route=\/wp\/v2\/posts\/8841\/revisions"}],"predecessor-version":[{"id":8844,"href":"https:\/\/www.liceulprometeuprotalent.md\/index.php?rest_route=\/wp\/v2\/posts\/8841\/revisions\/8844"}],"wp:featuredmedia":[{"embeddable":true,"href":"https:\/\/www.liceulprometeuprotalent.md\/index.php?rest_route=\/wp\/v2\/media\/8843"}],"wp:attachment":[{"href":"https:\/\/www.liceulprometeuprotalent.md\/index.php?rest_route=%2Fwp%2Fv2%2Fmedia&parent=8841"}],"wp:term":[{"taxonomy":"category","embeddable":true,"href":"https:\/\/www.liceulprometeuprotalent.md\/index.php?rest_route=%2Fwp%2Fv2%2Fcategories&post=8841"},{"taxonomy":"post_tag","embeddable":true,"href":"https:\/\/www.liceulprometeuprotalent.md\/index.php?rest_route=%2Fwp%2Fv2%2Ftags&post=8841"}],"curies":[{"name":"wp","href":"https:\/\/api.w.org\/{rel}","templated":true}]}}