{"id":8845,"date":"2025-07-01T10:35:43","date_gmt":"2025-07-01T10:35:43","guid":{"rendered":"https:\/\/www.liceulprometeuprotalent.md\/?p=8845"},"modified":"2025-07-01T10:35:43","modified_gmt":"2025-07-01T10:35:43","slug":"inspirati-de-eminescu","status":"publish","type":"post","link":"https:\/\/www.liceulprometeuprotalent.md\/?p=8845","title":{"rendered":"Inspira\u021bi de Eminescu"},"content":{"rendered":"<p>Concursul Interna\u021bional de Crea\u021bie Literar\u0103 \u201eUniversul Cuvintelor&#8221;, edi\u021bia a X-a, 2025, care a avut ca tem\u0103 ANUL MIHAI EMINESCU, a fost un bun prilej pentru elevii Liceului de Creativitate \u0219i Inventic\u0103 \u201ePrometeu-Protalent\u201d s\u0103-\u0219i demonstreze aptitudinile literare, inclusiv cunoa\u0219terea \u0219i pre\u021buirea crea\u021biei poetului na\u021bional \u2013 Mihai Eminescu, care le ofer\u0103 sublime momente de inspira\u021bie. Implica\u021bi \u00eentr-o competi\u021bie creativ\u0103 cu colegi din diaspor\u0103, elevii no\u0219tri ne-au bucurat cu rezultate deosebit de frumoase:<\/p>\n<p><strong>Sec\u021biunea \u2013 proz\u0103<\/strong><\/p>\n<p><strong>PREMIUL I<\/strong><\/p>\n<p><strong>DAMIANA ME\u0218IN\u0102, <\/strong>clasa a VIII-a, Liceul de Creativitate \u0219i Inventic\u0103 \u201ePrometeu-Protalent\u201d, coordonatoare doamna Angela Lungu, profesoar\u0103 de limba \u0219i literatura rom\u00e2n\u0103, grad didactic superior;<\/p>\n<p><strong>DARIA MUNTEANU, <\/strong>clasa a VIII-a, Liceul de Creativitate \u0219i Inventic\u0103 \u201ePrometeu-Protalent\u201d, Chi\u0219in\u0103u, coordonatoare doamna Angela Lungu, profesoar\u0103 de limba \u0219i literatura rom\u00e2n\u0103, grad didactic superior;<\/p>\n<p><strong>MEN\u021aIUNE <\/strong><\/p>\n<p><strong>LIA SPERANZA, <\/strong>clasa a V-a, Liceul de Creativitate \u0219i Inventic\u0103 \u201ePrometeu-Protalent\u201d, coordonatoare doamna Natalia Ada\u0219an, profesoar\u0103 de limba \u0219i literatura rom\u00e2n\u0103, grad didactic I.<\/p>\n<p><strong>Sec\u021biunea \u2013 poezie <\/strong><\/p>\n<p><strong>PREMIUL III<\/strong><\/p>\n<p><strong>DUMITRI\u021aA UDUDOVICI, <\/strong>clasa a VI-a, Liceul de Creativitate si Inventic\u0103 \u201ePrometeu-Protalent\u201d, coordonatoare doamna Angela Miron, profesoar\u0103 de limba \u0219i literatura rom\u00e2n\u0103, grad didactic superior;<\/p>\n<p>Felicit\u0103ri, dragi elevi! Pasiunea pentru cunoa\u0219terea profund\u0103 a cuv\u00e2ntului matern asigur\u0103 succesul de mai departe \u00een toate domeniile de activitate, inclusiv \u00een cel literar, capabil s\u0103 fascineze o lume \u00eentreag\u0103. Ne bucur\u0103m mult pentru succesele voastre!<\/p>\n<p>Felicit\u0103ri \u0219i mul\u021bumiri cordiale adres\u0103m distinselor doamne profesoare de limba \u0219i literatura rom\u00e2n\u0103, care cultiv\u0103 cu deosebit\u0103 m\u0103iestrie dragostea pentru cuv\u00e2ntul matern \u0219i pentru valorile na\u021bionale \u0219i identitare.<\/p>\n<p><img decoding=\"async\" class=\"size-full wp-image-8846 aligncenter\" src=\"https:\/\/www.liceulprometeuprotalent.md\/wp-content\/uploads\/2025\/07\/480267474_9261235763923045_5406030800396104784_n.jpg\" alt=\"\" width=\"960\" height=\"679\" srcset=\"https:\/\/www.liceulprometeuprotalent.md\/wp-content\/uploads\/2025\/07\/480267474_9261235763923045_5406030800396104784_n-200x141.jpg 200w, https:\/\/www.liceulprometeuprotalent.md\/wp-content\/uploads\/2025\/07\/480267474_9261235763923045_5406030800396104784_n-300x212.jpg 300w, https:\/\/www.liceulprometeuprotalent.md\/wp-content\/uploads\/2025\/07\/480267474_9261235763923045_5406030800396104784_n-400x283.jpg 400w, https:\/\/www.liceulprometeuprotalent.md\/wp-content\/uploads\/2025\/07\/480267474_9261235763923045_5406030800396104784_n-600x424.jpg 600w, https:\/\/www.liceulprometeuprotalent.md\/wp-content\/uploads\/2025\/07\/480267474_9261235763923045_5406030800396104784_n-768x543.jpg 768w, https:\/\/www.liceulprometeuprotalent.md\/wp-content\/uploads\/2025\/07\/480267474_9261235763923045_5406030800396104784_n-800x566.jpg 800w, https:\/\/www.liceulprometeuprotalent.md\/wp-content\/uploads\/2025\/07\/480267474_9261235763923045_5406030800396104784_n.jpg 960w\" sizes=\"(max-width: 960px) 100vw, 960px\" \/><\/p>\n<p>&nbsp;<\/p>\n","protected":false},"excerpt":{"rendered":"<p>Concursul Interna\u021bional de Crea\u021bie Literar\u0103 \u201eUniversul Cuvintelor&#8221;, edi\u021bia a X-a, 2025, care a avut ca tem\u0103 ANUL MIHAI EMINESCU, a fost un bun prilej pentru elevii Liceului de Creativitate \u0219i Inventic\u0103 \u201ePrometeu-Protalent\u201d s\u0103-\u0219i demonstreze aptitudinile literare, inclusiv cunoa\u0219terea \u0219i pre\u021buirea crea\u021biei poetului na\u021bional \u2013 Mihai Eminescu, care le ofer\u0103 sublime momente de inspira\u021bie. Implica\u021bi \u00eentr-o [&hellip;]<\/p>\n","protected":false},"author":1,"featured_media":8846,"comment_status":"open","ping_status":"open","sticky":false,"template":"","format":"standard","meta":{"_price":"","_stock":"","_tribe_ticket_header":"","_tribe_default_ticket_provider":"","_tribe_ticket_capacity":"0","_ticket_start_date":"","_ticket_end_date":"","_tribe_ticket_show_description":"","_tribe_ticket_show_not_going":false,"_tribe_ticket_use_global_stock":"","_tribe_ticket_global_stock_level":"","_global_stock_mode":"","_global_stock_cap":"","_tribe_rsvp_for_event":"","_tribe_ticket_going_count":"","_tribe_ticket_not_going_count":"","_tribe_tickets_list":"[]","_tribe_ticket_has_attendee_info_fields":false,"footnotes":""},"categories":[89,80,1],"tags":[],"class_list":["post-8845","post","type-post","status-publish","format-standard","has-post-thumbnail","hentry","category-blog","category-toate-categoriile","category-uncategorized"],"_links":{"self":[{"href":"https:\/\/www.liceulprometeuprotalent.md\/index.php?rest_route=\/wp\/v2\/posts\/8845","targetHints":{"allow":["GET"]}}],"collection":[{"href":"https:\/\/www.liceulprometeuprotalent.md\/index.php?rest_route=\/wp\/v2\/posts"}],"about":[{"href":"https:\/\/www.liceulprometeuprotalent.md\/index.php?rest_route=\/wp\/v2\/types\/post"}],"author":[{"embeddable":true,"href":"https:\/\/www.liceulprometeuprotalent.md\/index.php?rest_route=\/wp\/v2\/users\/1"}],"replies":[{"embeddable":true,"href":"https:\/\/www.liceulprometeuprotalent.md\/index.php?rest_route=%2Fwp%2Fv2%2Fcomments&post=8845"}],"version-history":[{"count":1,"href":"https:\/\/www.liceulprometeuprotalent.md\/index.php?rest_route=\/wp\/v2\/posts\/8845\/revisions"}],"predecessor-version":[{"id":8847,"href":"https:\/\/www.liceulprometeuprotalent.md\/index.php?rest_route=\/wp\/v2\/posts\/8845\/revisions\/8847"}],"wp:featuredmedia":[{"embeddable":true,"href":"https:\/\/www.liceulprometeuprotalent.md\/index.php?rest_route=\/wp\/v2\/media\/8846"}],"wp:attachment":[{"href":"https:\/\/www.liceulprometeuprotalent.md\/index.php?rest_route=%2Fwp%2Fv2%2Fmedia&parent=8845"}],"wp:term":[{"taxonomy":"category","embeddable":true,"href":"https:\/\/www.liceulprometeuprotalent.md\/index.php?rest_route=%2Fwp%2Fv2%2Fcategories&post=8845"},{"taxonomy":"post_tag","embeddable":true,"href":"https:\/\/www.liceulprometeuprotalent.md\/index.php?rest_route=%2Fwp%2Fv2%2Ftags&post=8845"}],"curies":[{"name":"wp","href":"https:\/\/api.w.org\/{rel}","templated":true}]}}