{"id":8848,"date":"2025-07-04T10:53:32","date_gmt":"2025-07-04T10:53:32","guid":{"rendered":"https:\/\/www.liceulprometeuprotalent.md\/?p=8848"},"modified":"2025-07-04T10:53:32","modified_gmt":"2025-07-04T10:53:32","slug":"madalina-cazacu-nota-10-pe-linie-la-bac","status":"publish","type":"post","link":"https:\/\/www.liceulprometeuprotalent.md\/?p=8848","title":{"rendered":"M\u0103d\u0103lina Cazacu \u2013 nota 10 pe linie la BAC"},"content":{"rendered":"<p class=\"s5\"><span class=\"s4\"><span class=\"bumpedFont15\">M\u0103d\u0103lina Cazacu, absolventa clasei a XII-a a Liceului de Creativitate \u0219i Inventic\u0103 \u201e<\/span><\/span><span class=\"s4\"><span class=\"bumpedFont15\">Prometeu-Protalent<\/span><\/span><span class=\"s4\"><span class=\"bumpedFont15\">\u201d este dovada vie c\u0103 munca, str\u0103duin\u021ba<\/span><\/span><span class=\"s4\"><span class=\"bumpedFont15\">, perseveren\u021ba <\/span><\/span><span class=\"s4\"><span class=\"bumpedFont15\">\u0219i responsabilitatea de peste ani<\/span><\/span><span class=\"s4\"><span class=\"bumpedFont15\">, marcate mereu cu note \u00eenalte, se r\u0103sfr\u00e2nge direct asupra notelor la Bacalaureat. <\/span><\/span><\/p>\n<p class=\"s5\"><span class=\"s4\"><span class=\"bumpedFont15\">M\u0103d\u0103lina a luat 10 la toate examenele de Bacala<\/span><\/span><span class=\"s4\"><span class=\"bumpedFont15\">ureat \u0219i a primit Diploma<\/span><\/span><span class=\"s4\"><span class=\"bumpedFont15\"> Pre\u0219edintelui Republicii Moldova, <\/span><\/span><span class=\"s4\"><span class=\"bumpedFont15\">\u00een cadrul <\/span><\/span><span class=\"s4\"><span class=\"bumpedFont15\">evenimentului dedicat absolven\u021bilor de liceu care au ob\u021binut nota \u00a010 (zece) la ex<\/span><\/span><span class=\"s4\"><span class=\"bumpedFont15\">amen<\/span><\/span><span class=\"s4\"><span class=\"bumpedFont15\">ele<\/span><\/span><span class=\"s4\"><span class=\"bumpedFont15\"> de Bacalaureat. La evenimentul, care a avut loc pe data de 4 iulie 2025, a participat Excelen\u021ba Sa, doamna Maia Sandu, Pre\u0219edintele Republicii Moldova, care a \u00eenm\u00e2nat diplomele <\/span><\/span><span class=\"s4\"><span class=\"bumpedFont15\">elevilor eminen\u021bi. <\/span><\/span><\/p>\n<p class=\"s5\"><span class=\"s4\"><span class=\"bumpedFont15\">Excelen\u021ba <\/span><\/span><span class=\"s4\"><span class=\"bumpedFont15\">S<\/span><\/span><span class=\"s4\"><span class=\"bumpedFont15\">a a men\u021bionat: \u201eN-am <\/span><\/span><span class=\"s4\"><span class=\"bumpedFont15\">nicio<\/span><\/span><span class=\"s4\"><span class=\"bumpedFont15\"> \u00eendoial\u0103 c\u0103 tinerii no\u0219tri se vor descurca oriunde \u00een lume, dar i-am \u00eendemnat s\u0103 nu uite c\u0103 Moldova are nevoie de energi<\/span><\/span><span class=\"s4\"><span class=\"bumpedFont15\">a<\/span><\/span><span class=\"s4\"><span class=\"bumpedFont15\"> \u0219i inteligen\u021ba lor\u201d. <\/span><\/span><\/p>\n<p class=\"s5\"><span class=\"s4\"><span class=\"bumpedFont15\">Felicit\u0103ri, drag\u0103 M\u0103d\u0103lina! Rezultatele tale excelente sunt bucuria noastr\u0103<\/span><\/span><span class=\"s4\"><span class=\"bumpedFont15\">, inclusiv dovada profesionalismului cadrelor didactice ale Liceului nostru<\/span><\/span><span class=\"s4\"><span class=\"bumpedFont15\">!<\/span><\/span><span class=\"s4\"><span class=\"bumpedFont15\"> \u00ce\u021bi dorim realizarea <\/span><\/span><span class=\"s4\"><span class=\"bumpedFont15\">tuturor <\/span><\/span><span class=\"s4\"><span class=\"bumpedFont15\">visurilor!<\/span><\/span><\/p>\n<p class=\"s5\"><span class=\"s4\"><span class=\"bumpedFont15\">Felicit\u0103ri, p\u0103rin\u021bilor M\u0103d\u0103linei! Mul\u021bumim pentru colaborare <\/span><\/span><span class=\"s4\"><span class=\"bumpedFont15\">constructiv\u0103 <\/span><\/span><span class=\"s4\"><span class=\"bumpedFont15\">permanent\u0103<\/span><\/span><span class=\"s4\"><span class=\"bumpedFont15\">!<\/span><\/span><\/p>\n<p class=\"s5\"><span class=\"s4\"><span class=\"bumpedFont15\">Felicit\u0103<\/span><\/span><span class=\"s4\"><span class=\"bumpedFont15\">ri<\/span><\/span><span class=\"s4\"><span class=\"bumpedFont15\"> \u0219i mul\u021bumiri cadrelor didactice al<\/span><\/span><span class=\"s4\"><span class=\"bumpedFont15\">e Liceului \u201e<\/span><\/span><span class=\"s4\"><span class=\"bumpedFont15\">Prometeu-Protalent<\/span><\/span><span class=\"s4\"><span class=\"bumpedFont15\">\u201d, care au fost mereu al\u0103turi! <\/span><\/span><span class=\"s4\"><span class=\"bumpedFont15\"><br \/>\n<img decoding=\"async\" class=\"alignnone size-full wp-image-8849\" src=\"https:\/\/www.liceulprometeuprotalent.md\/wp-content\/uploads\/2025\/07\/IMG_6624.jpeg\" alt=\"\" width=\"900\" height=\"1600\" srcset=\"https:\/\/www.liceulprometeuprotalent.md\/wp-content\/uploads\/2025\/07\/IMG_6624-169x300.jpeg 169w, https:\/\/www.liceulprometeuprotalent.md\/wp-content\/uploads\/2025\/07\/IMG_6624-200x356.jpeg 200w, https:\/\/www.liceulprometeuprotalent.md\/wp-content\/uploads\/2025\/07\/IMG_6624-400x711.jpeg 400w, https:\/\/www.liceulprometeuprotalent.md\/wp-content\/uploads\/2025\/07\/IMG_6624-576x1024.jpeg 576w, https:\/\/www.liceulprometeuprotalent.md\/wp-content\/uploads\/2025\/07\/IMG_6624-600x1067.jpeg 600w, https:\/\/www.liceulprometeuprotalent.md\/wp-content\/uploads\/2025\/07\/IMG_6624-768x1365.jpeg 768w, https:\/\/www.liceulprometeuprotalent.md\/wp-content\/uploads\/2025\/07\/IMG_6624-800x1422.jpeg 800w, https:\/\/www.liceulprometeuprotalent.md\/wp-content\/uploads\/2025\/07\/IMG_6624-864x1536.jpeg 864w, https:\/\/www.liceulprometeuprotalent.md\/wp-content\/uploads\/2025\/07\/IMG_6624.jpeg 900w\" sizes=\"(max-width: 900px) 100vw, 900px\" \/> <img decoding=\"async\" class=\"alignnone size-full wp-image-8850\" src=\"https:\/\/www.liceulprometeuprotalent.md\/wp-content\/uploads\/2025\/07\/IMG_6623.jpeg\" alt=\"\" width=\"900\" height=\"1600\" srcset=\"https:\/\/www.liceulprometeuprotalent.md\/wp-content\/uploads\/2025\/07\/IMG_6623-169x300.jpeg 169w, https:\/\/www.liceulprometeuprotalent.md\/wp-content\/uploads\/2025\/07\/IMG_6623-200x356.jpeg 200w, https:\/\/www.liceulprometeuprotalent.md\/wp-content\/uploads\/2025\/07\/IMG_6623-400x711.jpeg 400w, https:\/\/www.liceulprometeuprotalent.md\/wp-content\/uploads\/2025\/07\/IMG_6623-576x1024.jpeg 576w, https:\/\/www.liceulprometeuprotalent.md\/wp-content\/uploads\/2025\/07\/IMG_6623-600x1067.jpeg 600w, https:\/\/www.liceulprometeuprotalent.md\/wp-content\/uploads\/2025\/07\/IMG_6623-768x1365.jpeg 768w, https:\/\/www.liceulprometeuprotalent.md\/wp-content\/uploads\/2025\/07\/IMG_6623-800x1422.jpeg 800w, https:\/\/www.liceulprometeuprotalent.md\/wp-content\/uploads\/2025\/07\/IMG_6623-864x1536.jpeg 864w, https:\/\/www.liceulprometeuprotalent.md\/wp-content\/uploads\/2025\/07\/IMG_6623.jpeg 900w\" sizes=\"(max-width: 900px) 100vw, 900px\" \/> <img decoding=\"async\" class=\"alignnone size-full wp-image-8851\" src=\"https:\/\/www.liceulprometeuprotalent.md\/wp-content\/uploads\/2025\/07\/IMG_6622.jpeg\" alt=\"\" width=\"900\" height=\"1600\" srcset=\"https:\/\/www.liceulprometeuprotalent.md\/wp-content\/uploads\/2025\/07\/IMG_6622-169x300.jpeg 169w, https:\/\/www.liceulprometeuprotalent.md\/wp-content\/uploads\/2025\/07\/IMG_6622-200x356.jpeg 200w, https:\/\/www.liceulprometeuprotalent.md\/wp-content\/uploads\/2025\/07\/IMG_6622-400x711.jpeg 400w, https:\/\/www.liceulprometeuprotalent.md\/wp-content\/uploads\/2025\/07\/IMG_6622-576x1024.jpeg 576w, https:\/\/www.liceulprometeuprotalent.md\/wp-content\/uploads\/2025\/07\/IMG_6622-600x1067.jpeg 600w, https:\/\/www.liceulprometeuprotalent.md\/wp-content\/uploads\/2025\/07\/IMG_6622-768x1365.jpeg 768w, https:\/\/www.liceulprometeuprotalent.md\/wp-content\/uploads\/2025\/07\/IMG_6622-800x1422.jpeg 800w, https:\/\/www.liceulprometeuprotalent.md\/wp-content\/uploads\/2025\/07\/IMG_6622-864x1536.jpeg 864w, https:\/\/www.liceulprometeuprotalent.md\/wp-content\/uploads\/2025\/07\/IMG_6622.jpeg 900w\" sizes=\"(max-width: 900px) 100vw, 900px\" \/><\/span><\/span><span class=\"s4\"><span class=\"bumpedFont15\">\u00a0<\/span><\/span><\/p>\n","protected":false},"excerpt":{"rendered":"<p>M\u0103d\u0103lina Cazacu, absolventa clasei a XII-a a Liceului de Creativitate \u0219i Inventic\u0103 \u201ePrometeu-Protalent\u201d este dovada vie c\u0103 munca, str\u0103duin\u021ba, perseveren\u021ba \u0219i responsabilitatea de peste ani, marcate mereu cu note \u00eenalte, se r\u0103sfr\u00e2nge direct asupra notelor la Bacalaureat. M\u0103d\u0103lina a luat 10 la toate examenele de Bacalaureat \u0219i a primit Diploma Pre\u0219edintelui Republicii Moldova, \u00een cadrul [&hellip;]<\/p>\n","protected":false},"author":1,"featured_media":8851,"comment_status":"open","ping_status":"open","sticky":false,"template":"","format":"standard","meta":{"_price":"","_stock":"","_tribe_ticket_header":"","_tribe_default_ticket_provider":"","_tribe_ticket_capacity":"0","_ticket_start_date":"","_ticket_end_date":"","_tribe_ticket_show_description":"","_tribe_ticket_show_not_going":false,"_tribe_ticket_use_global_stock":"","_tribe_ticket_global_stock_level":"","_global_stock_mode":"","_global_stock_cap":"","_tribe_rsvp_for_event":"","_tribe_ticket_going_count":"","_tribe_ticket_not_going_count":"","_tribe_tickets_list":"[]","_tribe_ticket_has_attendee_info_fields":false,"footnotes":""},"categories":[89,80],"tags":[],"class_list":["post-8848","post","type-post","status-publish","format-standard","has-post-thumbnail","hentry","category-blog","category-toate-categoriile"],"_links":{"self":[{"href":"https:\/\/www.liceulprometeuprotalent.md\/index.php?rest_route=\/wp\/v2\/posts\/8848","targetHints":{"allow":["GET"]}}],"collection":[{"href":"https:\/\/www.liceulprometeuprotalent.md\/index.php?rest_route=\/wp\/v2\/posts"}],"about":[{"href":"https:\/\/www.liceulprometeuprotalent.md\/index.php?rest_route=\/wp\/v2\/types\/post"}],"author":[{"embeddable":true,"href":"https:\/\/www.liceulprometeuprotalent.md\/index.php?rest_route=\/wp\/v2\/users\/1"}],"replies":[{"embeddable":true,"href":"https:\/\/www.liceulprometeuprotalent.md\/index.php?rest_route=%2Fwp%2Fv2%2Fcomments&post=8848"}],"version-history":[{"count":1,"href":"https:\/\/www.liceulprometeuprotalent.md\/index.php?rest_route=\/wp\/v2\/posts\/8848\/revisions"}],"predecessor-version":[{"id":8852,"href":"https:\/\/www.liceulprometeuprotalent.md\/index.php?rest_route=\/wp\/v2\/posts\/8848\/revisions\/8852"}],"wp:featuredmedia":[{"embeddable":true,"href":"https:\/\/www.liceulprometeuprotalent.md\/index.php?rest_route=\/wp\/v2\/media\/8851"}],"wp:attachment":[{"href":"https:\/\/www.liceulprometeuprotalent.md\/index.php?rest_route=%2Fwp%2Fv2%2Fmedia&parent=8848"}],"wp:term":[{"taxonomy":"category","embeddable":true,"href":"https:\/\/www.liceulprometeuprotalent.md\/index.php?rest_route=%2Fwp%2Fv2%2Fcategories&post=8848"},{"taxonomy":"post_tag","embeddable":true,"href":"https:\/\/www.liceulprometeuprotalent.md\/index.php?rest_route=%2Fwp%2Fv2%2Ftags&post=8848"}],"curies":[{"name":"wp","href":"https:\/\/api.w.org\/{rel}","templated":true}]}}