{"id":8853,"date":"2025-07-07T11:11:47","date_gmt":"2025-07-07T11:11:47","guid":{"rendered":"https:\/\/www.liceulprometeuprotalent.md\/?p=8853"},"modified":"2025-07-07T11:11:47","modified_gmt":"2025-07-07T11:11:47","slug":"sportul-nu-are-vacanta","status":"publish","type":"post","link":"https:\/\/www.liceulprometeuprotalent.md\/?p=8853","title":{"rendered":"Sportul nu are vacan\u021b\u0103"},"content":{"rendered":"<p class=\"s6\"><span class=\"s5\"><span class=\"bumpedFont15\">Sportul nu are vacan\u021b\u0103<\/span><\/span><span class=\"s5\"><span class=\"bumpedFont15\">. Ba din contr\u0103, tocmai \u00een vacan\u021b\u0103 \u00ee\u0219i accelereaz\u0103 tura\u021biile. Ne-o dovede\u0219te chiar colega noastr\u0103, Bianca <\/span><\/span><span class=\"s5\"><span class=\"bumpedFont15\">Onic\u0103<\/span><\/span><span class=\"s5\"><span class=\"bumpedFont15\">, eleva clasei a XI-a \u201eB\u201d a Liceului de Creativitate \u0219i Inventic\u0103 \u201ePrometeu-<\/span><\/span><span class=\"s5\"><span class=\"bumpedFont15\">Protalent<\/span><\/span><span class=\"s5\"><span class=\"bumpedFont15\">\u201d, pasionat\u0103 de unul dintre cele mai frumoase sporturi \u2013 badminton. \u00cen plin\u0103 vacan\u021b\u0103, \u00een perioada 21-26 iulie 2025, Bianca va participa la <\/span><\/span><span class=\"s5\"><span class=\"bumpedFont15\">Festivalul Olimpic al Tineretului European, care va avea loc la Skopje, Macedonia de Nord<\/span><\/span><span class=\"s5\"><span class=\"bumpedFont15\"> (FOTE, Skopje, 2025)<\/span><\/span><span class=\"s5\"><span class=\"bumpedFont15\">. <\/span><\/span><\/p>\n<p class=\"s6\"><span class=\"s5\"><span class=\"bumpedFont15\">Bianca face parte din echipa olimpic\u0103 a Republicii Moldova, pe care o va reprezenta cu demnitate \u0219i talent la prestigiosul Festival. \u201eCompeti\u021bia, spun organizatorii, este o celebrare a spiritului olimpic, a prieteniei \u00eentre popoare, a unit\u0103\u021bii prin sport \u0219i a viitorului unei Europe mai puternice \u0219i mai solidare. Fiecare dintre sportivii no\u0219tri sunt un exemplu de munc\u0103, perseveren\u021b\u0103 \u0219i vis\u201d.<\/span><\/span><\/p>\n<p class=\"s6\"><span class=\"s5\"><span class=\"bumpedFont15\">Bravo<\/span><\/span><span class=\"s5\"><span class=\"bumpedFont15\">, Bianca! Vom \u021bine pumnii str\u00e2n\u0219i pentru tine \u0219i pentru colegii <\/span><\/span><span class=\"s5\"><span class=\"bumpedFont15\">t\u0103i de echip\u0103 <\/span><\/span><span class=\"s5\"><span class=\"bumpedFont15\">d<\/span><\/span><span class=\"s5\"><span class=\"bumpedFont15\">in lo<\/span><\/span><span class=\"s5\"><span class=\"bumpedFont15\">tul olimpic, care va<\/span><\/span><span class=\"s5\"><span class=\"bumpedFont15\"> onora prin <\/span><\/span><span class=\"s5\"><span class=\"bumpedFont15\">mare<\/span><\/span><span class=\"s5\"><span class=\"bumpedFont15\">efort <\/span><\/span><span class=\"s5\"><span class=\"bumpedFont15\">\u0219i <\/span><\/span><a name=\"_GoBack\"><\/a><span class=\"s5\"><span class=\"bumpedFont15\">dedicare <\/span><\/span><span class=\"s5\"><span class=\"bumpedFont15\">tricolorul<\/span><\/span><span class=\"s5\"><span class=\"bumpedFont15\"> nostru<\/span><\/span><span class=\"s5\"><span class=\"bumpedFont15\">. Succese mari! Le meri\u021bi pe deplin. \u00a0<\/span><\/span><\/p>\n<p class=\"s7\">\n","protected":false},"excerpt":{"rendered":"<p>Sportul nu are vacan\u021b\u0103. Ba din contr\u0103, tocmai \u00een vacan\u021b\u0103 \u00ee\u0219i accelereaz\u0103 tura\u021biile. Ne-o dovede\u0219te chiar colega noastr\u0103, Bianca Onic\u0103, eleva clasei a XI-a \u201eB\u201d a Liceului de Creativitate \u0219i Inventic\u0103 \u201ePrometeu-Protalent\u201d, pasionat\u0103 de unul dintre cele mai frumoase sporturi \u2013 badminton. \u00cen plin\u0103 vacan\u021b\u0103, \u00een perioada 21-26 iulie 2025, Bianca va participa la Festivalul [&hellip;]<\/p>\n","protected":false},"author":1,"featured_media":8854,"comment_status":"open","ping_status":"open","sticky":false,"template":"","format":"standard","meta":{"_price":"","_stock":"","_tribe_ticket_header":"","_tribe_default_ticket_provider":"","_tribe_ticket_capacity":"0","_ticket_start_date":"","_ticket_end_date":"","_tribe_ticket_show_description":"","_tribe_ticket_show_not_going":false,"_tribe_ticket_use_global_stock":"","_tribe_ticket_global_stock_level":"","_global_stock_mode":"","_global_stock_cap":"","_tribe_rsvp_for_event":"","_tribe_ticket_going_count":"","_tribe_ticket_not_going_count":"","_tribe_tickets_list":"[]","_tribe_ticket_has_attendee_info_fields":false,"footnotes":""},"categories":[89,80,1],"tags":[],"class_list":["post-8853","post","type-post","status-publish","format-standard","has-post-thumbnail","hentry","category-blog","category-toate-categoriile","category-uncategorized"],"_links":{"self":[{"href":"https:\/\/www.liceulprometeuprotalent.md\/index.php?rest_route=\/wp\/v2\/posts\/8853","targetHints":{"allow":["GET"]}}],"collection":[{"href":"https:\/\/www.liceulprometeuprotalent.md\/index.php?rest_route=\/wp\/v2\/posts"}],"about":[{"href":"https:\/\/www.liceulprometeuprotalent.md\/index.php?rest_route=\/wp\/v2\/types\/post"}],"author":[{"embeddable":true,"href":"https:\/\/www.liceulprometeuprotalent.md\/index.php?rest_route=\/wp\/v2\/users\/1"}],"replies":[{"embeddable":true,"href":"https:\/\/www.liceulprometeuprotalent.md\/index.php?rest_route=%2Fwp%2Fv2%2Fcomments&post=8853"}],"version-history":[{"count":1,"href":"https:\/\/www.liceulprometeuprotalent.md\/index.php?rest_route=\/wp\/v2\/posts\/8853\/revisions"}],"predecessor-version":[{"id":8855,"href":"https:\/\/www.liceulprometeuprotalent.md\/index.php?rest_route=\/wp\/v2\/posts\/8853\/revisions\/8855"}],"wp:featuredmedia":[{"embeddable":true,"href":"https:\/\/www.liceulprometeuprotalent.md\/index.php?rest_route=\/wp\/v2\/media\/8854"}],"wp:attachment":[{"href":"https:\/\/www.liceulprometeuprotalent.md\/index.php?rest_route=%2Fwp%2Fv2%2Fmedia&parent=8853"}],"wp:term":[{"taxonomy":"category","embeddable":true,"href":"https:\/\/www.liceulprometeuprotalent.md\/index.php?rest_route=%2Fwp%2Fv2%2Fcategories&post=8853"},{"taxonomy":"post_tag","embeddable":true,"href":"https:\/\/www.liceulprometeuprotalent.md\/index.php?rest_route=%2Fwp%2Fv2%2Ftags&post=8853"}],"curies":[{"name":"wp","href":"https:\/\/api.w.org\/{rel}","templated":true}]}}