{"id":8856,"date":"2025-07-07T11:25:45","date_gmt":"2025-07-07T11:25:45","guid":{"rendered":"https:\/\/www.liceulprometeuprotalent.md\/?p=8856"},"modified":"2025-07-07T11:25:45","modified_gmt":"2025-07-07T11:25:45","slug":"excelenta-este-forma-vizibila-a-efortului-invizibil","status":"publish","type":"post","link":"https:\/\/www.liceulprometeuprotalent.md\/?p=8856","title":{"rendered":"\u201eExcelen\u021ba este forma vizibil\u0103 a efortului invizibil\u201d"},"content":{"rendered":"<p class=\"s5\"><span class=\"s4\"><span class=\"bumpedFont15\"><img decoding=\"async\" class=\"alignnone size-full wp-image-8857\" src=\"https:\/\/www.liceulprometeuprotalent.md\/wp-content\/uploads\/2025\/07\/IMG_6662.jpeg\" alt=\"\" width=\"1600\" height=\"1066\" srcset=\"https:\/\/www.liceulprometeuprotalent.md\/wp-content\/uploads\/2025\/07\/IMG_6662-200x133.jpeg 200w, https:\/\/www.liceulprometeuprotalent.md\/wp-content\/uploads\/2025\/07\/IMG_6662-300x200.jpeg 300w, https:\/\/www.liceulprometeuprotalent.md\/wp-content\/uploads\/2025\/07\/IMG_6662-400x267.jpeg 400w, https:\/\/www.liceulprometeuprotalent.md\/wp-content\/uploads\/2025\/07\/IMG_6662-600x400.jpeg 600w, https:\/\/www.liceulprometeuprotalent.md\/wp-content\/uploads\/2025\/07\/IMG_6662-768x512.jpeg 768w, https:\/\/www.liceulprometeuprotalent.md\/wp-content\/uploads\/2025\/07\/IMG_6662-800x533.jpeg 800w, https:\/\/www.liceulprometeuprotalent.md\/wp-content\/uploads\/2025\/07\/IMG_6662-1024x682.jpeg 1024w, https:\/\/www.liceulprometeuprotalent.md\/wp-content\/uploads\/2025\/07\/IMG_6662-1200x800.jpeg 1200w, https:\/\/www.liceulprometeuprotalent.md\/wp-content\/uploads\/2025\/07\/IMG_6662-1536x1023.jpeg 1536w, https:\/\/www.liceulprometeuprotalent.md\/wp-content\/uploads\/2025\/07\/IMG_6662.jpeg 1600w\" sizes=\"(max-width: 1600px) 100vw, 1600px\" \/> <img decoding=\"async\" class=\"alignnone size-full wp-image-8858\" src=\"https:\/\/www.liceulprometeuprotalent.md\/wp-content\/uploads\/2025\/07\/IMG_6663.jpeg\" alt=\"\" width=\"1600\" height=\"1066\" srcset=\"https:\/\/www.liceulprometeuprotalent.md\/wp-content\/uploads\/2025\/07\/IMG_6663-200x133.jpeg 200w, https:\/\/www.liceulprometeuprotalent.md\/wp-content\/uploads\/2025\/07\/IMG_6663-300x200.jpeg 300w, https:\/\/www.liceulprometeuprotalent.md\/wp-content\/uploads\/2025\/07\/IMG_6663-400x267.jpeg 400w, https:\/\/www.liceulprometeuprotalent.md\/wp-content\/uploads\/2025\/07\/IMG_6663-600x400.jpeg 600w, https:\/\/www.liceulprometeuprotalent.md\/wp-content\/uploads\/2025\/07\/IMG_6663-768x512.jpeg 768w, https:\/\/www.liceulprometeuprotalent.md\/wp-content\/uploads\/2025\/07\/IMG_6663-800x533.jpeg 800w, https:\/\/www.liceulprometeuprotalent.md\/wp-content\/uploads\/2025\/07\/IMG_6663-1024x682.jpeg 1024w, https:\/\/www.liceulprometeuprotalent.md\/wp-content\/uploads\/2025\/07\/IMG_6663-1200x800.jpeg 1200w, https:\/\/www.liceulprometeuprotalent.md\/wp-content\/uploads\/2025\/07\/IMG_6663-1536x1023.jpeg 1536w, https:\/\/www.liceulprometeuprotalent.md\/wp-content\/uploads\/2025\/07\/IMG_6663.jpeg 1600w\" sizes=\"(max-width: 1600px) 100vw, 1600px\" \/>Acesta a fost gene<\/span><\/span><span class=\"s4\"><span class=\"bumpedFont15\">ricul impresionantului<\/span><\/span><span class=\"s4\"><span class=\"bumpedFont15\"> eveniment de premiere a elevilor cu nota medie zece la e<\/span><\/span><span class=\"s4\"><span class=\"bumpedFont15\">xamenul na\u021bional de Bacalaureat din 4 iulie 2025, printre care s-au aflat \u0219i absolventele Liceului de Creativitate \u0219i Inventic\u0103 \u201ePrometeu-<\/span><\/span><span class=\"s4\"><span class=\"bumpedFont15\">Protalent<\/span><\/span><span class=\"s4\"><span class=\"bumpedFont15\">\u201d \u2013 Evelina <\/span><\/span><span class=\"s4\"><span class=\"bumpedFont15\">\u021a\u00eegulea<\/span><\/span><span class=\"s4\"><span class=\"bumpedFont15\"> \u0219i M\u0103d\u0103lina Cazacu.<\/span><\/span><\/p>\n<p class=\"s5\"><span class=\"s4\"><span class=\"bumpedFont15\">Evelina \u0219i M\u0103d\u0103lina au fost premiate, de r\u00e2nd cu al\u021bi 87 de <\/span><\/span><span class=\"s4\"><span class=\"bumpedFont15\">absolven\u021bi de nota zece, cu \u201e<\/span><\/span><span class=\"s4\"><span class=\"bumpedFont15\">Diplom<\/span><\/span><span class=\"s4\"><span class=\"bumpedFont15\">a<\/span><\/span><span class=\"s4\"><span class=\"bumpedFont15\"> de Onoare a Pre\u0219edintelui Republicii Moldova<\/span><\/span><span class=\"s4\"><span class=\"bumpedFont15\">\u201d,<\/span><\/span><span class=\"s4\"><span class=\"bumpedFont15\"> care le-a<\/span><\/span><span class=\"s4\"><span class=\"bumpedFont15\"> fost \u00een<\/span><\/span><span class=\"s4\"><span class=\"bumpedFont15\">m\u00e2nat\u0103<\/span><\/span><span class=\"s4\"><span class=\"bumpedFont15\"> de \u00eens\u0103\u021bi Excelen\u021ba Sa, doamna Maia Sandu<\/span><\/span><span class=\"s4\"><span class=\"bumpedFont15\"> \u0219i de Ministru<\/span><\/span><span class=\"s4\"><span class=\"bumpedFont15\">l<\/span><\/span><span class=\"s4\"><span class=\"bumpedFont15\">Educa\u021biei \u0219i Cercet\u0103rii, domnul Dan Perciun.<\/span><\/span><\/p>\n<p class=\"s5\"><span class=\"s4\"><span class=\"bumpedFont15\">\u00cen ambele alocu\u021biuni ale demnitarilor de stat s-a pus accent pe munca cinstit\u0103, care trebuie apreciat\u0103, <\/span><\/span><span class=\"s4\"><span class=\"bumpedFont15\">absolven\u021bii <\/span><\/span><span class=\"s4\"><span class=\"bumpedFont15\">fiind \u00eendemna\u021bi s\u0103 se orienteze spre facult\u0103\u021bile institu\u021biilor de \u00eenv\u0103\u021b\u0103m\u00e2nt superior din Republica Moldova<\/span><\/span><span class=\"s4\"><span class=\"bumpedFont15\">, acolo unde este nevoie de <\/span><\/span><span class=\"s4\"><span class=\"bumpedFont15\">exemplul lor<\/span><\/span><span class=\"s4\"><span class=\"bumpedFont15\">.<\/span><\/span><\/p>\n<p class=\"s5\"><span class=\"s4\"><span class=\"bumpedFont15\">Felicit\u0103ri, Evelina \u0219<\/span><\/span><span class=\"s4\"><span class=\"bumpedFont15\">i M\u0103d\u0103lina! Prin realiz\u0103rile voastre<\/span><\/span><span class=\"s4\"><span class=\"bumpedFont15\"> v-a\u021bi c\u00e2\u0219tigat bunul nume \u0219i a\u021bi onorat institu\u021bia Liceul de Creativitate \u0219i Inventic\u0103 \u201ePrometeu-<\/span><\/span><span class=\"s4\"><span class=\"bumpedFont15\">Protalent<\/span><\/span><span class=\"s4\"><span class=\"bumpedFont15\">\u201d.<\/span><\/span> <span class=\"s4\"><span class=\"bumpedFont15\">S\u0103 ne<\/span><\/span><span class=\"s4\"><span class=\"bumpedFont15\"> bucura\u021bi \u0219i de acum \u00eenainte cu performan\u021be, c<\/span><\/span><span class=\"s4\"><span class=\"bumpedFont15\">are s\u0103 v\u0103 ajute s\u0103 v\u0103 \u00eemplini\u021bi <\/span><\/span><span class=\"s4\"><span class=\"bumpedFont15\">visurile. <\/span><\/span><\/p>\n<p class=\"s5\"><span class=\"s4\"><span class=\"bumpedFont15\">Felicit\u0103ri p\u0103rin\u021bilor \u0219i cadrelor didactice<\/span><\/span><span class=\"s4\"><span class=\"bumpedFont15\">! Succesele absolventelor noastre sunt cea mai \u00eenalt\u0103<\/span><\/span><span class=\"s4\"><span class=\"bumpedFont15\"> not\u0103 pentru<\/span><\/span><a name=\"_GoBack\"><\/a> <span class=\"s4\"><span class=\"bumpedFont15\">munc\u0103, dedicare \u0219i sprijinul permanent al Dumneavoastr\u0103. <\/span><\/span><span class=\"s4\"><span class=\"bumpedFont15\"><br \/>\n<img decoding=\"async\" class=\"alignnone size-full wp-image-8857\" src=\"https:\/\/www.liceulprometeuprotalent.md\/wp-content\/uploads\/2025\/07\/IMG_6662.jpeg\" alt=\"\" width=\"1600\" height=\"1066\" srcset=\"https:\/\/www.liceulprometeuprotalent.md\/wp-content\/uploads\/2025\/07\/IMG_6662-200x133.jpeg 200w, https:\/\/www.liceulprometeuprotalent.md\/wp-content\/uploads\/2025\/07\/IMG_6662-300x200.jpeg 300w, https:\/\/www.liceulprometeuprotalent.md\/wp-content\/uploads\/2025\/07\/IMG_6662-400x267.jpeg 400w, https:\/\/www.liceulprometeuprotalent.md\/wp-content\/uploads\/2025\/07\/IMG_6662-600x400.jpeg 600w, https:\/\/www.liceulprometeuprotalent.md\/wp-content\/uploads\/2025\/07\/IMG_6662-768x512.jpeg 768w, https:\/\/www.liceulprometeuprotalent.md\/wp-content\/uploads\/2025\/07\/IMG_6662-800x533.jpeg 800w, https:\/\/www.liceulprometeuprotalent.md\/wp-content\/uploads\/2025\/07\/IMG_6662-1024x682.jpeg 1024w, https:\/\/www.liceulprometeuprotalent.md\/wp-content\/uploads\/2025\/07\/IMG_6662-1200x800.jpeg 1200w, https:\/\/www.liceulprometeuprotalent.md\/wp-content\/uploads\/2025\/07\/IMG_6662-1536x1023.jpeg 1536w, https:\/\/www.liceulprometeuprotalent.md\/wp-content\/uploads\/2025\/07\/IMG_6662.jpeg 1600w\" sizes=\"(max-width: 1600px) 100vw, 1600px\" \/><br \/>\n<\/span><\/span><\/p>\n<p class=\"s5\"><img decoding=\"async\" class=\"alignnone size-full wp-image-8858\" src=\"https:\/\/www.liceulprometeuprotalent.md\/wp-content\/uploads\/2025\/07\/IMG_6663.jpeg\" alt=\"\" width=\"1600\" height=\"1066\" srcset=\"https:\/\/www.liceulprometeuprotalent.md\/wp-content\/uploads\/2025\/07\/IMG_6663-200x133.jpeg 200w, https:\/\/www.liceulprometeuprotalent.md\/wp-content\/uploads\/2025\/07\/IMG_6663-300x200.jpeg 300w, https:\/\/www.liceulprometeuprotalent.md\/wp-content\/uploads\/2025\/07\/IMG_6663-400x267.jpeg 400w, https:\/\/www.liceulprometeuprotalent.md\/wp-content\/uploads\/2025\/07\/IMG_6663-600x400.jpeg 600w, https:\/\/www.liceulprometeuprotalent.md\/wp-content\/uploads\/2025\/07\/IMG_6663-768x512.jpeg 768w, https:\/\/www.liceulprometeuprotalent.md\/wp-content\/uploads\/2025\/07\/IMG_6663-800x533.jpeg 800w, https:\/\/www.liceulprometeuprotalent.md\/wp-content\/uploads\/2025\/07\/IMG_6663-1024x682.jpeg 1024w, https:\/\/www.liceulprometeuprotalent.md\/wp-content\/uploads\/2025\/07\/IMG_6663-1200x800.jpeg 1200w, https:\/\/www.liceulprometeuprotalent.md\/wp-content\/uploads\/2025\/07\/IMG_6663-1536x1023.jpeg 1536w, https:\/\/www.liceulprometeuprotalent.md\/wp-content\/uploads\/2025\/07\/IMG_6663.jpeg 1600w\" sizes=\"(max-width: 1600px) 100vw, 1600px\" \/><\/p>\n","protected":false},"excerpt":{"rendered":"<p>Acesta a fost genericul impresionantului eveniment de premiere a elevilor cu nota medie zece la examenul na\u021bional de Bacalaureat din 4 iulie 2025, printre care s-au aflat \u0219i absolventele Liceului de Creativitate \u0219i Inventic\u0103 \u201ePrometeu-Protalent\u201d \u2013 Evelina \u021a\u00eegulea \u0219i M\u0103d\u0103lina Cazacu. Evelina \u0219i M\u0103d\u0103lina au fost premiate, de r\u00e2nd cu al\u021bi 87 de absolven\u021bi de [&hellip;]<\/p>\n","protected":false},"author":1,"featured_media":0,"comment_status":"open","ping_status":"open","sticky":false,"template":"","format":"standard","meta":{"_price":"","_stock":"","_tribe_ticket_header":"","_tribe_default_ticket_provider":"","_tribe_ticket_capacity":"0","_ticket_start_date":"","_ticket_end_date":"","_tribe_ticket_show_description":"","_tribe_ticket_show_not_going":false,"_tribe_ticket_use_global_stock":"","_tribe_ticket_global_stock_level":"","_global_stock_mode":"","_global_stock_cap":"","_tribe_rsvp_for_event":"","_tribe_ticket_going_count":"","_tribe_ticket_not_going_count":"","_tribe_tickets_list":"[]","_tribe_ticket_has_attendee_info_fields":false,"footnotes":""},"categories":[89,80],"tags":[],"class_list":["post-8856","post","type-post","status-publish","format-standard","hentry","category-blog","category-toate-categoriile"],"_links":{"self":[{"href":"https:\/\/www.liceulprometeuprotalent.md\/index.php?rest_route=\/wp\/v2\/posts\/8856","targetHints":{"allow":["GET"]}}],"collection":[{"href":"https:\/\/www.liceulprometeuprotalent.md\/index.php?rest_route=\/wp\/v2\/posts"}],"about":[{"href":"https:\/\/www.liceulprometeuprotalent.md\/index.php?rest_route=\/wp\/v2\/types\/post"}],"author":[{"embeddable":true,"href":"https:\/\/www.liceulprometeuprotalent.md\/index.php?rest_route=\/wp\/v2\/users\/1"}],"replies":[{"embeddable":true,"href":"https:\/\/www.liceulprometeuprotalent.md\/index.php?rest_route=%2Fwp%2Fv2%2Fcomments&post=8856"}],"version-history":[{"count":1,"href":"https:\/\/www.liceulprometeuprotalent.md\/index.php?rest_route=\/wp\/v2\/posts\/8856\/revisions"}],"predecessor-version":[{"id":8859,"href":"https:\/\/www.liceulprometeuprotalent.md\/index.php?rest_route=\/wp\/v2\/posts\/8856\/revisions\/8859"}],"wp:attachment":[{"href":"https:\/\/www.liceulprometeuprotalent.md\/index.php?rest_route=%2Fwp%2Fv2%2Fmedia&parent=8856"}],"wp:term":[{"taxonomy":"category","embeddable":true,"href":"https:\/\/www.liceulprometeuprotalent.md\/index.php?rest_route=%2Fwp%2Fv2%2Fcategories&post=8856"},{"taxonomy":"post_tag","embeddable":true,"href":"https:\/\/www.liceulprometeuprotalent.md\/index.php?rest_route=%2Fwp%2Fv2%2Ftags&post=8856"}],"curies":[{"name":"wp","href":"https:\/\/api.w.org\/{rel}","templated":true}]}}