{"id":8861,"date":"2025-08-04T09:19:05","date_gmt":"2025-08-04T09:19:05","guid":{"rendered":"https:\/\/www.liceulprometeuprotalent.md\/?p=8861"},"modified":"2025-08-04T09:19:05","modified_gmt":"2025-08-04T09:19:05","slug":"amelia-septelici-continua-sa-adune-victorii","status":"publish","type":"post","link":"https:\/\/www.liceulprometeuprotalent.md\/?p=8861","title":{"rendered":"Amelia \u0218eptelici continu\u0103 s\u0103 adune victorii"},"content":{"rendered":"<p>Dup\u0103 participarea la mai multe turnee \u0219i competi\u021bii \u00een prim\u0103vara acestui an, rezultate, de regul\u0103, cu distinc\u021bii de prim\u0103 m\u0103rime (vezi site-ul www.liceulprometeuprotalent.md), iat\u0103 c\u0103 \u0219i \u00een vacan\u021ba de var\u0103 Amelia \u0218eptelici, eleva clasei a III-a \u201eE\u201d (dirigint\u0103 doamna Liliana Perjuc, \u00eenv\u0103\u021b\u0103toare, grad didactic I) a Liceului de Creativitate \u0219i Inventic\u0103 \u201ePrometeu-Protalent\u201d, continu\u0103 s\u0103-\u0219i suplineasc\u0103 impresionantul palmares de victorii la gimnastica ritmic\u0103.<br \/>\n\u00cen perioada 10-13 iulie 2025, Amelia a participat la turneul interna\u021bional Rome Cup RG 2025, care a avut loc la Roma, Italia. \u00cen cadrul acestei competi\u021bii sportive, Amelia a fost distins\u0103 cu locuri de frunte: locul I \u2013 minge, locul I \u2013 cerc, miss eleganta \u0219i premiul special.<br \/>\nFelicit\u0103ri, drag\u0103 Amelia! Felicit\u0103ri, stima\u021bi p\u0103rin\u021bi! Felicit\u0103ri, stimate cadre didactice! Apreciem mult eforturile Dvs. \u00eentru men\u021binerea interesului Ameliei fa\u021b\u0103 de acest sport elegant \u0219i deosebit de util. V\u0103 dorim succese \u00een continuare!<\/p>\n<p><img decoding=\"async\" class=\"alignnone wp-image-8862 size-fusion-400\" src=\"https:\/\/www.liceulprometeuprotalent.md\/wp-content\/uploads\/2025\/08\/viber_image_2025-07-22_21-20-28-970-400x533.jpg\" alt=\"\" width=\"400\" height=\"533\" srcset=\"https:\/\/www.liceulprometeuprotalent.md\/wp-content\/uploads\/2025\/08\/viber_image_2025-07-22_21-20-28-970-200x267.jpg 200w, https:\/\/www.liceulprometeuprotalent.md\/wp-content\/uploads\/2025\/08\/viber_image_2025-07-22_21-20-28-970-225x300.jpg 225w, https:\/\/www.liceulprometeuprotalent.md\/wp-content\/uploads\/2025\/08\/viber_image_2025-07-22_21-20-28-970-400x533.jpg 400w, https:\/\/www.liceulprometeuprotalent.md\/wp-content\/uploads\/2025\/08\/viber_image_2025-07-22_21-20-28-970-600x800.jpg 600w, https:\/\/www.liceulprometeuprotalent.md\/wp-content\/uploads\/2025\/08\/viber_image_2025-07-22_21-20-28-970-768x1024.jpg 768w, https:\/\/www.liceulprometeuprotalent.md\/wp-content\/uploads\/2025\/08\/viber_image_2025-07-22_21-20-28-970-800x1067.jpg 800w, https:\/\/www.liceulprometeuprotalent.md\/wp-content\/uploads\/2025\/08\/viber_image_2025-07-22_21-20-28-970-1152x1536.jpg 1152w, https:\/\/www.liceulprometeuprotalent.md\/wp-content\/uploads\/2025\/08\/viber_image_2025-07-22_21-20-28-970.jpg 1200w\" sizes=\"(max-width: 400px) 100vw, 400px\" \/> \u00a0<img decoding=\"async\" class=\"alignnone wp-image-8864 size-fusion-400\" src=\"https:\/\/www.liceulprometeuprotalent.md\/wp-content\/uploads\/2025\/08\/viber_image_2025-07-18_09-21-47-753-400x533.jpg\" alt=\"\" width=\"400\" height=\"533\" srcset=\"https:\/\/www.liceulprometeuprotalent.md\/wp-content\/uploads\/2025\/08\/viber_image_2025-07-18_09-21-47-753-200x267.jpg 200w, https:\/\/www.liceulprometeuprotalent.md\/wp-content\/uploads\/2025\/08\/viber_image_2025-07-18_09-21-47-753-225x300.jpg 225w, https:\/\/www.liceulprometeuprotalent.md\/wp-content\/uploads\/2025\/08\/viber_image_2025-07-18_09-21-47-753-400x533.jpg 400w, https:\/\/www.liceulprometeuprotalent.md\/wp-content\/uploads\/2025\/08\/viber_image_2025-07-18_09-21-47-753-600x800.jpg 600w, https:\/\/www.liceulprometeuprotalent.md\/wp-content\/uploads\/2025\/08\/viber_image_2025-07-18_09-21-47-753-768x1024.jpg 768w, https:\/\/www.liceulprometeuprotalent.md\/wp-content\/uploads\/2025\/08\/viber_image_2025-07-18_09-21-47-753-800x1067.jpg 800w, https:\/\/www.liceulprometeuprotalent.md\/wp-content\/uploads\/2025\/08\/viber_image_2025-07-18_09-21-47-753-1152x1536.jpg 1152w, https:\/\/www.liceulprometeuprotalent.md\/wp-content\/uploads\/2025\/08\/viber_image_2025-07-18_09-21-47-753.jpg 1200w\" sizes=\"(max-width: 400px) 100vw, 400px\" \/> <img decoding=\"async\" class=\"alignnone wp-image-8865 size-fusion-400\" src=\"https:\/\/www.liceulprometeuprotalent.md\/wp-content\/uploads\/2025\/08\/viber_image_2025-07-18_09-21-47-670-400x533.jpg\" alt=\"\" width=\"400\" height=\"533\" srcset=\"https:\/\/www.liceulprometeuprotalent.md\/wp-content\/uploads\/2025\/08\/viber_image_2025-07-18_09-21-47-670-200x267.jpg 200w, https:\/\/www.liceulprometeuprotalent.md\/wp-content\/uploads\/2025\/08\/viber_image_2025-07-18_09-21-47-670-225x300.jpg 225w, https:\/\/www.liceulprometeuprotalent.md\/wp-content\/uploads\/2025\/08\/viber_image_2025-07-18_09-21-47-670-400x533.jpg 400w, https:\/\/www.liceulprometeuprotalent.md\/wp-content\/uploads\/2025\/08\/viber_image_2025-07-18_09-21-47-670-600x800.jpg 600w, https:\/\/www.liceulprometeuprotalent.md\/wp-content\/uploads\/2025\/08\/viber_image_2025-07-18_09-21-47-670-768x1024.jpg 768w, https:\/\/www.liceulprometeuprotalent.md\/wp-content\/uploads\/2025\/08\/viber_image_2025-07-18_09-21-47-670-800x1067.jpg 800w, https:\/\/www.liceulprometeuprotalent.md\/wp-content\/uploads\/2025\/08\/viber_image_2025-07-18_09-21-47-670-1152x1536.jpg 1152w, https:\/\/www.liceulprometeuprotalent.md\/wp-content\/uploads\/2025\/08\/viber_image_2025-07-18_09-21-47-670.jpg 1200w\" sizes=\"(max-width: 400px) 100vw, 400px\" \/> <img decoding=\"async\" class=\"alignnone wp-image-8866 size-fusion-400\" src=\"https:\/\/www.liceulprometeuprotalent.md\/wp-content\/uploads\/2025\/08\/viber_image_2025-07-18_09-21-47-565-400x533.jpg\" alt=\"\" width=\"400\" height=\"533\" srcset=\"https:\/\/www.liceulprometeuprotalent.md\/wp-content\/uploads\/2025\/08\/viber_image_2025-07-18_09-21-47-565-200x267.jpg 200w, https:\/\/www.liceulprometeuprotalent.md\/wp-content\/uploads\/2025\/08\/viber_image_2025-07-18_09-21-47-565-225x300.jpg 225w, https:\/\/www.liceulprometeuprotalent.md\/wp-content\/uploads\/2025\/08\/viber_image_2025-07-18_09-21-47-565-400x533.jpg 400w, https:\/\/www.liceulprometeuprotalent.md\/wp-content\/uploads\/2025\/08\/viber_image_2025-07-18_09-21-47-565-600x800.jpg 600w, https:\/\/www.liceulprometeuprotalent.md\/wp-content\/uploads\/2025\/08\/viber_image_2025-07-18_09-21-47-565-768x1024.jpg 768w, https:\/\/www.liceulprometeuprotalent.md\/wp-content\/uploads\/2025\/08\/viber_image_2025-07-18_09-21-47-565-800x1067.jpg 800w, https:\/\/www.liceulprometeuprotalent.md\/wp-content\/uploads\/2025\/08\/viber_image_2025-07-18_09-21-47-565-1152x1536.jpg 1152w, https:\/\/www.liceulprometeuprotalent.md\/wp-content\/uploads\/2025\/08\/viber_image_2025-07-18_09-21-47-565.jpg 1200w\" sizes=\"(max-width: 400px) 100vw, 400px\" \/> <img decoding=\"async\" class=\"alignnone wp-image-8867 size-fusion-400\" src=\"https:\/\/www.liceulprometeuprotalent.md\/wp-content\/uploads\/2025\/08\/viber_image_2025-07-18_09-21-47-447-400x300.jpg\" alt=\"\" width=\"400\" height=\"300\" srcset=\"https:\/\/www.liceulprometeuprotalent.md\/wp-content\/uploads\/2025\/08\/viber_image_2025-07-18_09-21-47-447-200x150.jpg 200w, https:\/\/www.liceulprometeuprotalent.md\/wp-content\/uploads\/2025\/08\/viber_image_2025-07-18_09-21-47-447-300x225.jpg 300w, https:\/\/www.liceulprometeuprotalent.md\/wp-content\/uploads\/2025\/08\/viber_image_2025-07-18_09-21-47-447-400x300.jpg 400w, https:\/\/www.liceulprometeuprotalent.md\/wp-content\/uploads\/2025\/08\/viber_image_2025-07-18_09-21-47-447-600x450.jpg 600w, https:\/\/www.liceulprometeuprotalent.md\/wp-content\/uploads\/2025\/08\/viber_image_2025-07-18_09-21-47-447-768x576.jpg 768w, https:\/\/www.liceulprometeuprotalent.md\/wp-content\/uploads\/2025\/08\/viber_image_2025-07-18_09-21-47-447-800x600.jpg 800w, https:\/\/www.liceulprometeuprotalent.md\/wp-content\/uploads\/2025\/08\/viber_image_2025-07-18_09-21-47-447-1024x768.jpg 1024w, https:\/\/www.liceulprometeuprotalent.md\/wp-content\/uploads\/2025\/08\/viber_image_2025-07-18_09-21-47-447-1200x900.jpg 1200w, https:\/\/www.liceulprometeuprotalent.md\/wp-content\/uploads\/2025\/08\/viber_image_2025-07-18_09-21-47-447-1536x1152.jpg 1536w, https:\/\/www.liceulprometeuprotalent.md\/wp-content\/uploads\/2025\/08\/viber_image_2025-07-18_09-21-47-447.jpg 1600w\" sizes=\"(max-width: 400px) 100vw, 400px\" \/><\/p>\n","protected":false},"excerpt":{"rendered":"<p>Dup\u0103 participarea la mai multe turnee \u0219i competi\u021bii \u00een prim\u0103vara acestui an, rezultate, de regul\u0103, cu distinc\u021bii de prim\u0103 m\u0103rime (vezi site-ul www.liceulprometeuprotalent.md), iat\u0103 c\u0103 \u0219i \u00een vacan\u021ba de var\u0103 Amelia \u0218eptelici, eleva clasei a III-a \u201eE\u201d (dirigint\u0103 doamna Liliana Perjuc, \u00eenv\u0103\u021b\u0103toare, grad didactic I) a Liceului de Creativitate \u0219i Inventic\u0103 \u201ePrometeu-Protalent\u201d, continu\u0103 s\u0103-\u0219i suplineasc\u0103 [&hellip;]<\/p>\n","protected":false},"author":1,"featured_media":8867,"comment_status":"open","ping_status":"open","sticky":false,"template":"","format":"standard","meta":{"_price":"","_stock":"","_tribe_ticket_header":"","_tribe_default_ticket_provider":"","_tribe_ticket_capacity":"0","_ticket_start_date":"","_ticket_end_date":"","_tribe_ticket_show_description":"","_tribe_ticket_show_not_going":false,"_tribe_ticket_use_global_stock":"","_tribe_ticket_global_stock_level":"","_global_stock_mode":"","_global_stock_cap":"","_tribe_rsvp_for_event":"","_tribe_ticket_going_count":"","_tribe_ticket_not_going_count":"","_tribe_tickets_list":"[]","_tribe_ticket_has_attendee_info_fields":false,"footnotes":""},"categories":[89,80],"tags":[],"class_list":["post-8861","post","type-post","status-publish","format-standard","has-post-thumbnail","hentry","category-blog","category-toate-categoriile"],"_links":{"self":[{"href":"https:\/\/www.liceulprometeuprotalent.md\/index.php?rest_route=\/wp\/v2\/posts\/8861","targetHints":{"allow":["GET"]}}],"collection":[{"href":"https:\/\/www.liceulprometeuprotalent.md\/index.php?rest_route=\/wp\/v2\/posts"}],"about":[{"href":"https:\/\/www.liceulprometeuprotalent.md\/index.php?rest_route=\/wp\/v2\/types\/post"}],"author":[{"embeddable":true,"href":"https:\/\/www.liceulprometeuprotalent.md\/index.php?rest_route=\/wp\/v2\/users\/1"}],"replies":[{"embeddable":true,"href":"https:\/\/www.liceulprometeuprotalent.md\/index.php?rest_route=%2Fwp%2Fv2%2Fcomments&post=8861"}],"version-history":[{"count":1,"href":"https:\/\/www.liceulprometeuprotalent.md\/index.php?rest_route=\/wp\/v2\/posts\/8861\/revisions"}],"predecessor-version":[{"id":8868,"href":"https:\/\/www.liceulprometeuprotalent.md\/index.php?rest_route=\/wp\/v2\/posts\/8861\/revisions\/8868"}],"wp:featuredmedia":[{"embeddable":true,"href":"https:\/\/www.liceulprometeuprotalent.md\/index.php?rest_route=\/wp\/v2\/media\/8867"}],"wp:attachment":[{"href":"https:\/\/www.liceulprometeuprotalent.md\/index.php?rest_route=%2Fwp%2Fv2%2Fmedia&parent=8861"}],"wp:term":[{"taxonomy":"category","embeddable":true,"href":"https:\/\/www.liceulprometeuprotalent.md\/index.php?rest_route=%2Fwp%2Fv2%2Fcategories&post=8861"},{"taxonomy":"post_tag","embeddable":true,"href":"https:\/\/www.liceulprometeuprotalent.md\/index.php?rest_route=%2Fwp%2Fv2%2Ftags&post=8861"}],"curies":[{"name":"wp","href":"https:\/\/api.w.org\/{rel}","templated":true}]}}