{"id":8875,"date":"2025-08-04T09:23:52","date_gmt":"2025-08-04T09:23:52","guid":{"rendered":"https:\/\/www.liceulprometeuprotalent.md\/?p=8875"},"modified":"2025-08-04T09:23:52","modified_gmt":"2025-08-04T09:23:52","slug":"iana-onica-medaliata-cu-aur-si-argint","status":"publish","type":"post","link":"https:\/\/www.liceulprometeuprotalent.md\/?p=8875","title":{"rendered":"Iana Onic\u0103 \u2013 medaliat\u0103 cu aur \u0219i argint"},"content":{"rendered":"<p>\u00cen a doua decad\u0103 a lunii lui cuptor 2025, Iana Onic\u0103, eleva clasei a VIII-a a Liceului de Creativitate \u0219i Inventic\u0103 \u201ePrometeu-Protalent\u201d, a revenit de la concursul de badminton \u201eRuse Summer\u201d, care a avut loc \u00een ora\u0219ul Ruse, Bulgaria, cu o medalie de aur la proba dublu feminin (partener\u0103 Sonya Stancu din Gala\u021bi) \u0219i 2 medalii de argint la proba simplu (singura pe teren) \u0219i proba dublu feminin Under 17. Iana a participat la competi\u021bie din partea Rom\u00e2niei, fiind membr\u0103 a Clubului CS\u0218 One\u0219ti.<br \/>\nTalentata noastr\u0103 sportiv\u0103 nu se afl\u0103 la primele victorii. Ea practic\u0103 badmintonul de 6 ani, are aptitudini deosebite \u0219i a concurat la competi\u021bii interna\u021bionale din Rom\u00e2nia \u0219i Ucraina, unde a acumulat punctaj maxim, fiind distins\u0103 cu Cupe ale concursurilor.<br \/>\nDin anul 2024, Iana a intrat \u00een circuitul sportiv rom\u00e2nesc \u0219i a fost invitat\u0103 s\u0103 joace pentru un club sportiv din Rom\u00e2nia. Din anul 2025, ea face parte din Lotul Na\u021bional al Rom\u00e2niei \u0219i merge la fiecare dou\u0103-trei luni la competi\u021bii \u00een ora\u0219ele Bra\u0219ov, Bucure\u0219ti, Gala\u021bi. \u00cen luna iunie curent a participat la competi\u021bii europene de badminton \u00een Serbia \u015fi Croa\u021bia, de unde s-a \u00eentors cu medalia de bronz la categoria dublu feminin sub 15 ani.<br \/>\nIana face c\u00e2te 5-6 antrenamente s\u0103pt\u0103m\u00e2nal. Ca s\u0103 ob\u021bii succese e nevoie de foarte mult\u0103 munc\u0103, disciplin\u0103 \u0219i organizare, iar Iana, precum ne demonstreaz\u0103 permanent, reu\u015fe\u0219te s\u0103 fac\u0103 fa\u021b\u0103 cu brio at\u00e2t cerin\u021belor programei \u0219colare, c\u00e2t \u015fi antrenamentelor intense.<br \/>\n\u00cen Republica Moldova, Iana se antreneaz\u0103 sub egida mai multor antrenori la Clubul sportiv Altius, iar \u00een Rom\u00e2nia \u2013 la Clubul de badminton One\u0219ti, unde este ghidat\u0103 de antrenorul \u0218tefan Maftei.<br \/>\nPasiunea pentru badminton, i-a fost cultivat\u0103 de tata, regizorul Ian Onic\u0103, care ni\u0219te ani \u00een urm\u0103 a f\u0103cut parte, la r\u00e2ndul s\u0103u, din Lotul Na\u021bional al Republicii Moldova.<br \/>\nBravo, Iana! Apreciem munca, pasiunea \u0219i dedicarea ta pentru acest sport fascinant. E\u0219ti m\u00e2ndria familiei, a colegilor \u0219i a cadrelor didactice de la Liceul \u201ePrometeu-Protalent\u201d!<br \/>\nExprim\u0103m calde mul\u021bumiri p\u0103rin\u021bilor \u0219i tuturor celor care sus\u021bin minunata ta pasiune.<br \/>\nA\u0219tept\u0103m noi succese \u0219i noi victorii \u00een activitatea ta sportiv\u0103 \u0219i \u0219colar\u0103. <img decoding=\"async\" class=\"alignnone size-full wp-image-8876\" src=\"https:\/\/www.liceulprometeuprotalent.md\/wp-content\/uploads\/2025\/08\/523341229_24334985812764526_8015439956492616562_n.jpg\" alt=\"\" width=\"1152\" height=\"2048\" srcset=\"https:\/\/www.liceulprometeuprotalent.md\/wp-content\/uploads\/2025\/08\/523341229_24334985812764526_8015439956492616562_n-169x300.jpg 169w, https:\/\/www.liceulprometeuprotalent.md\/wp-content\/uploads\/2025\/08\/523341229_24334985812764526_8015439956492616562_n-200x356.jpg 200w, https:\/\/www.liceulprometeuprotalent.md\/wp-content\/uploads\/2025\/08\/523341229_24334985812764526_8015439956492616562_n-400x711.jpg 400w, https:\/\/www.liceulprometeuprotalent.md\/wp-content\/uploads\/2025\/08\/523341229_24334985812764526_8015439956492616562_n-576x1024.jpg 576w, https:\/\/www.liceulprometeuprotalent.md\/wp-content\/uploads\/2025\/08\/523341229_24334985812764526_8015439956492616562_n-600x1067.jpg 600w, https:\/\/www.liceulprometeuprotalent.md\/wp-content\/uploads\/2025\/08\/523341229_24334985812764526_8015439956492616562_n-768x1365.jpg 768w, https:\/\/www.liceulprometeuprotalent.md\/wp-content\/uploads\/2025\/08\/523341229_24334985812764526_8015439956492616562_n-800x1422.jpg 800w, https:\/\/www.liceulprometeuprotalent.md\/wp-content\/uploads\/2025\/08\/523341229_24334985812764526_8015439956492616562_n-864x1536.jpg 864w, https:\/\/www.liceulprometeuprotalent.md\/wp-content\/uploads\/2025\/08\/523341229_24334985812764526_8015439956492616562_n.jpg 1152w\" sizes=\"(max-width: 1152px) 100vw, 1152px\" \/> <img decoding=\"async\" class=\"alignnone size-full wp-image-8877\" src=\"https:\/\/www.liceulprometeuprotalent.md\/wp-content\/uploads\/2025\/08\/522744802_24334985999431174_4455102380774613534_n.jpg\" alt=\"\" width=\"2048\" height=\"1152\" srcset=\"https:\/\/www.liceulprometeuprotalent.md\/wp-content\/uploads\/2025\/08\/522744802_24334985999431174_4455102380774613534_n-200x113.jpg 200w, https:\/\/www.liceulprometeuprotalent.md\/wp-content\/uploads\/2025\/08\/522744802_24334985999431174_4455102380774613534_n-300x169.jpg 300w, https:\/\/www.liceulprometeuprotalent.md\/wp-content\/uploads\/2025\/08\/522744802_24334985999431174_4455102380774613534_n-400x225.jpg 400w, https:\/\/www.liceulprometeuprotalent.md\/wp-content\/uploads\/2025\/08\/522744802_24334985999431174_4455102380774613534_n-600x338.jpg 600w, https:\/\/www.liceulprometeuprotalent.md\/wp-content\/uploads\/2025\/08\/522744802_24334985999431174_4455102380774613534_n-768x432.jpg 768w, https:\/\/www.liceulprometeuprotalent.md\/wp-content\/uploads\/2025\/08\/522744802_24334985999431174_4455102380774613534_n-800x450.jpg 800w, https:\/\/www.liceulprometeuprotalent.md\/wp-content\/uploads\/2025\/08\/522744802_24334985999431174_4455102380774613534_n-1024x576.jpg 1024w, https:\/\/www.liceulprometeuprotalent.md\/wp-content\/uploads\/2025\/08\/522744802_24334985999431174_4455102380774613534_n-1200x675.jpg 1200w, https:\/\/www.liceulprometeuprotalent.md\/wp-content\/uploads\/2025\/08\/522744802_24334985999431174_4455102380774613534_n-1536x864.jpg 1536w, https:\/\/www.liceulprometeuprotalent.md\/wp-content\/uploads\/2025\/08\/522744802_24334985999431174_4455102380774613534_n.jpg 2048w\" sizes=\"(max-width: 2048px) 100vw, 2048px\" \/> <img decoding=\"async\" class=\"alignnone size-full wp-image-8878\" src=\"https:\/\/www.liceulprometeuprotalent.md\/wp-content\/uploads\/2025\/08\/522641918_24334985599431214_4309294704122264251_n.jpg\" alt=\"\" width=\"1152\" height=\"2048\" srcset=\"https:\/\/www.liceulprometeuprotalent.md\/wp-content\/uploads\/2025\/08\/522641918_24334985599431214_4309294704122264251_n-169x300.jpg 169w, https:\/\/www.liceulprometeuprotalent.md\/wp-content\/uploads\/2025\/08\/522641918_24334985599431214_4309294704122264251_n-200x356.jpg 200w, https:\/\/www.liceulprometeuprotalent.md\/wp-content\/uploads\/2025\/08\/522641918_24334985599431214_4309294704122264251_n-400x711.jpg 400w, https:\/\/www.liceulprometeuprotalent.md\/wp-content\/uploads\/2025\/08\/522641918_24334985599431214_4309294704122264251_n-576x1024.jpg 576w, https:\/\/www.liceulprometeuprotalent.md\/wp-content\/uploads\/2025\/08\/522641918_24334985599431214_4309294704122264251_n-600x1067.jpg 600w, https:\/\/www.liceulprometeuprotalent.md\/wp-content\/uploads\/2025\/08\/522641918_24334985599431214_4309294704122264251_n-768x1365.jpg 768w, https:\/\/www.liceulprometeuprotalent.md\/wp-content\/uploads\/2025\/08\/522641918_24334985599431214_4309294704122264251_n-800x1422.jpg 800w, https:\/\/www.liceulprometeuprotalent.md\/wp-content\/uploads\/2025\/08\/522641918_24334985599431214_4309294704122264251_n-864x1536.jpg 864w, https:\/\/www.liceulprometeuprotalent.md\/wp-content\/uploads\/2025\/08\/522641918_24334985599431214_4309294704122264251_n.jpg 1152w\" sizes=\"(max-width: 1152px) 100vw, 1152px\" \/> <img decoding=\"async\" class=\"alignnone size-full wp-image-8879\" src=\"https:\/\/www.liceulprometeuprotalent.md\/wp-content\/uploads\/2025\/08\/97377c3ed87a91176f8930b7c1ae8a11_XL.jpg\" alt=\"\" width=\"850\" height=\"1511\" srcset=\"https:\/\/www.liceulprometeuprotalent.md\/wp-content\/uploads\/2025\/08\/97377c3ed87a91176f8930b7c1ae8a11_XL-169x300.jpg 169w, https:\/\/www.liceulprometeuprotalent.md\/wp-content\/uploads\/2025\/08\/97377c3ed87a91176f8930b7c1ae8a11_XL-200x356.jpg 200w, https:\/\/www.liceulprometeuprotalent.md\/wp-content\/uploads\/2025\/08\/97377c3ed87a91176f8930b7c1ae8a11_XL-400x711.jpg 400w, https:\/\/www.liceulprometeuprotalent.md\/wp-content\/uploads\/2025\/08\/97377c3ed87a91176f8930b7c1ae8a11_XL-576x1024.jpg 576w, https:\/\/www.liceulprometeuprotalent.md\/wp-content\/uploads\/2025\/08\/97377c3ed87a91176f8930b7c1ae8a11_XL-600x1067.jpg 600w, https:\/\/www.liceulprometeuprotalent.md\/wp-content\/uploads\/2025\/08\/97377c3ed87a91176f8930b7c1ae8a11_XL-768x1365.jpg 768w, https:\/\/www.liceulprometeuprotalent.md\/wp-content\/uploads\/2025\/08\/97377c3ed87a91176f8930b7c1ae8a11_XL-800x1422.jpg 800w, https:\/\/www.liceulprometeuprotalent.md\/wp-content\/uploads\/2025\/08\/97377c3ed87a91176f8930b7c1ae8a11_XL.jpg 850w\" sizes=\"(max-width: 850px) 100vw, 850px\" \/><\/p>\n","protected":false},"excerpt":{"rendered":"<p>\u00cen a doua decad\u0103 a lunii lui cuptor 2025, Iana Onic\u0103, eleva clasei a VIII-a a Liceului de Creativitate \u0219i Inventic\u0103 \u201ePrometeu-Protalent\u201d, a revenit de la concursul de badminton \u201eRuse Summer\u201d, care a avut loc \u00een ora\u0219ul Ruse, Bulgaria, cu o medalie de aur la proba dublu feminin (partener\u0103 Sonya Stancu din Gala\u021bi) \u0219i 2 [&hellip;]<\/p>\n","protected":false},"author":1,"featured_media":8877,"comment_status":"open","ping_status":"open","sticky":false,"template":"","format":"standard","meta":{"_price":"","_stock":"","_tribe_ticket_header":"","_tribe_default_ticket_provider":"","_tribe_ticket_capacity":"0","_ticket_start_date":"","_ticket_end_date":"","_tribe_ticket_show_description":"","_tribe_ticket_show_not_going":false,"_tribe_ticket_use_global_stock":"","_tribe_ticket_global_stock_level":"","_global_stock_mode":"","_global_stock_cap":"","_tribe_rsvp_for_event":"","_tribe_ticket_going_count":"","_tribe_ticket_not_going_count":"","_tribe_tickets_list":"[]","_tribe_ticket_has_attendee_info_fields":false,"footnotes":""},"categories":[89,80],"tags":[],"class_list":["post-8875","post","type-post","status-publish","format-standard","has-post-thumbnail","hentry","category-blog","category-toate-categoriile"],"_links":{"self":[{"href":"https:\/\/www.liceulprometeuprotalent.md\/index.php?rest_route=\/wp\/v2\/posts\/8875","targetHints":{"allow":["GET"]}}],"collection":[{"href":"https:\/\/www.liceulprometeuprotalent.md\/index.php?rest_route=\/wp\/v2\/posts"}],"about":[{"href":"https:\/\/www.liceulprometeuprotalent.md\/index.php?rest_route=\/wp\/v2\/types\/post"}],"author":[{"embeddable":true,"href":"https:\/\/www.liceulprometeuprotalent.md\/index.php?rest_route=\/wp\/v2\/users\/1"}],"replies":[{"embeddable":true,"href":"https:\/\/www.liceulprometeuprotalent.md\/index.php?rest_route=%2Fwp%2Fv2%2Fcomments&post=8875"}],"version-history":[{"count":1,"href":"https:\/\/www.liceulprometeuprotalent.md\/index.php?rest_route=\/wp\/v2\/posts\/8875\/revisions"}],"predecessor-version":[{"id":8880,"href":"https:\/\/www.liceulprometeuprotalent.md\/index.php?rest_route=\/wp\/v2\/posts\/8875\/revisions\/8880"}],"wp:featuredmedia":[{"embeddable":true,"href":"https:\/\/www.liceulprometeuprotalent.md\/index.php?rest_route=\/wp\/v2\/media\/8877"}],"wp:attachment":[{"href":"https:\/\/www.liceulprometeuprotalent.md\/index.php?rest_route=%2Fwp%2Fv2%2Fmedia&parent=8875"}],"wp:term":[{"taxonomy":"category","embeddable":true,"href":"https:\/\/www.liceulprometeuprotalent.md\/index.php?rest_route=%2Fwp%2Fv2%2Fcategories&post=8875"},{"taxonomy":"post_tag","embeddable":true,"href":"https:\/\/www.liceulprometeuprotalent.md\/index.php?rest_route=%2Fwp%2Fv2%2Ftags&post=8875"}],"curies":[{"name":"wp","href":"https:\/\/api.w.org\/{rel}","templated":true}]}}