{"id":8882,"date":"2025-08-21T09:11:58","date_gmt":"2025-08-21T09:11:58","guid":{"rendered":"https:\/\/www.liceulprometeuprotalent.md\/?p=8882"},"modified":"2025-08-21T09:11:58","modified_gmt":"2025-08-21T09:11:58","slug":"vedetele-noastre-de-cinema","status":"publish","type":"post","link":"https:\/\/www.liceulprometeuprotalent.md\/?p=8882","title":{"rendered":"Vedetele noastre de cinema"},"content":{"rendered":"<p>Gabriel Li\u021bcan, elevul clasei a VIII-a \u201eC\u201d, \u00eempreun\u0103 cu mentorul s\u0103u, doamna Diana Decusear\u0103-Onic\u0103, artist\u0103 a poporului, \u0219efa Cercului de dic\u021bie \u0219i arta vorbirii a Liceului de Creativitate \u0219i Inventic\u0103 \u201ePrometeu-Protalent\u201d, au fost vedetele Festivalului Serile Filmului Rom\u00e2nesc, care a avut loc la Ia\u0219i, \u00een perioada 6-10 august 2025. Ei sunt protagoni\u0219tii filmului \u201eMario, Maria, Marinel\u201d, proiectat \u00een avanpremier\u0103 \u00een seara zilei de 9 august, la Casa de cultur\u0103 Mihai Ursachi.<\/p>\n<p>Aplauzele publicului \u0219i aprecierile exper\u021bilor, exprimate de pe scena Festivalului, au fost dovada c\u0103 filmul este unul reu\u0219it \u0219i a impresionat foarte mult.<\/p>\n<p>\u00cen cadrul proaspetei pelicule, Gabriel joac\u0103 rolul lui Marinel, iar doamna Decusear\u0103-Onic\u0103 \u2013 rolul Mariei, roluri centrale, expresiv realizate. \u00centr-un rol episodic a o vom descoperi \u0219i pe Iana Onic\u0103, colega de clas\u0103 a lui Gabriel Li\u021bcan \u0219i fiica doamnei Decusear\u0103-Onic\u0103. Pe ecrane va putea fi v\u0103zut\u0103 \u0219i vestita c\u00e2nt\u0103rea\u021b\u0103 de oper\u0103, Valentina Naforni\u021b\u0103, care aduce \u00een film o parte din povestea ei de via\u021b\u0103.<\/p>\n<p>Subiectul peliculei este unul de actualitate, e o poveste despre condi\u021bia femeii \u00een societate, despre onoare, la\u0219itate \u0219i prejudec\u0103\u021bi. Regizoarea filmului, Violeta Gorgos, a mul\u021bumit actorilor, dar \u0219i echipei de crea\u021bie care a lucrat la realizarea acestui film.<\/p>\n<p>La Chi\u0219in\u0103u, lansarea oficial\u0103 a filmului va avea loc pe 4 septembrie 2025, la cinematograful Patria.<\/p>\n<p>V\u0103 dorim succese, dragii no\u0219tri! A\u0219tept\u0103m cu ner\u0103bdare s\u0103 v\u0103 admir\u0103m jocul pe marele ecran.<\/p>\n<p style=\"text-align: center;\"><img decoding=\"async\" class=\"alignnone wp-image-8883 size-fusion-400\" src=\"https:\/\/www.liceulprometeuprotalent.md\/wp-content\/uploads\/2025\/08\/529965972_24675464922057117_9117318916190489797_n-400x600.jpg\" alt=\"\" width=\"400\" height=\"600\" srcset=\"https:\/\/www.liceulprometeuprotalent.md\/wp-content\/uploads\/2025\/08\/529965972_24675464922057117_9117318916190489797_n-200x300.jpg 200w, https:\/\/www.liceulprometeuprotalent.md\/wp-content\/uploads\/2025\/08\/529965972_24675464922057117_9117318916190489797_n-400x600.jpg 400w, https:\/\/www.liceulprometeuprotalent.md\/wp-content\/uploads\/2025\/08\/529965972_24675464922057117_9117318916190489797_n-600x900.jpg 600w, https:\/\/www.liceulprometeuprotalent.md\/wp-content\/uploads\/2025\/08\/529965972_24675464922057117_9117318916190489797_n-683x1024.jpg 683w, https:\/\/www.liceulprometeuprotalent.md\/wp-content\/uploads\/2025\/08\/529965972_24675464922057117_9117318916190489797_n-768x1152.jpg 768w, https:\/\/www.liceulprometeuprotalent.md\/wp-content\/uploads\/2025\/08\/529965972_24675464922057117_9117318916190489797_n-800x1200.jpg 800w, https:\/\/www.liceulprometeuprotalent.md\/wp-content\/uploads\/2025\/08\/529965972_24675464922057117_9117318916190489797_n-1024x1536.jpg 1024w, https:\/\/www.liceulprometeuprotalent.md\/wp-content\/uploads\/2025\/08\/529965972_24675464922057117_9117318916190489797_n-1200x1800.jpg 1200w, https:\/\/www.liceulprometeuprotalent.md\/wp-content\/uploads\/2025\/08\/529965972_24675464922057117_9117318916190489797_n.jpg 1365w\" sizes=\"(max-width: 400px) 100vw, 400px\" \/> <img decoding=\"async\" class=\"alignnone wp-image-8884 size-fusion-400\" src=\"https:\/\/www.liceulprometeuprotalent.md\/wp-content\/uploads\/2025\/08\/530698208_24666923399577936_6155027625427341653_n-400x300.jpg\" alt=\"\" width=\"400\" height=\"300\" srcset=\"https:\/\/www.liceulprometeuprotalent.md\/wp-content\/uploads\/2025\/08\/530698208_24666923399577936_6155027625427341653_n-200x150.jpg 200w, https:\/\/www.liceulprometeuprotalent.md\/wp-content\/uploads\/2025\/08\/530698208_24666923399577936_6155027625427341653_n-300x225.jpg 300w, https:\/\/www.liceulprometeuprotalent.md\/wp-content\/uploads\/2025\/08\/530698208_24666923399577936_6155027625427341653_n-400x300.jpg 400w, https:\/\/www.liceulprometeuprotalent.md\/wp-content\/uploads\/2025\/08\/530698208_24666923399577936_6155027625427341653_n-600x450.jpg 600w, https:\/\/www.liceulprometeuprotalent.md\/wp-content\/uploads\/2025\/08\/530698208_24666923399577936_6155027625427341653_n-768x576.jpg 768w, https:\/\/www.liceulprometeuprotalent.md\/wp-content\/uploads\/2025\/08\/530698208_24666923399577936_6155027625427341653_n-800x600.jpg 800w, https:\/\/www.liceulprometeuprotalent.md\/wp-content\/uploads\/2025\/08\/530698208_24666923399577936_6155027625427341653_n-1024x768.jpg 1024w, https:\/\/www.liceulprometeuprotalent.md\/wp-content\/uploads\/2025\/08\/530698208_24666923399577936_6155027625427341653_n-1200x900.jpg 1200w, https:\/\/www.liceulprometeuprotalent.md\/wp-content\/uploads\/2025\/08\/530698208_24666923399577936_6155027625427341653_n-1536x1152.jpg 1536w, https:\/\/www.liceulprometeuprotalent.md\/wp-content\/uploads\/2025\/08\/530698208_24666923399577936_6155027625427341653_n.jpg 1600w\" sizes=\"(max-width: 400px) 100vw, 400px\" \/><\/p>\n","protected":false},"excerpt":{"rendered":"<p>Gabriel Li\u021bcan, elevul clasei a VIII-a \u201eC\u201d, \u00eempreun\u0103 cu mentorul s\u0103u, doamna Diana Decusear\u0103-Onic\u0103, artist\u0103 a poporului, \u0219efa Cercului de dic\u021bie \u0219i arta vorbirii a Liceului de Creativitate \u0219i Inventic\u0103 \u201ePrometeu-Protalent\u201d, au fost vedetele Festivalului Serile Filmului Rom\u00e2nesc, care a avut loc la Ia\u0219i, \u00een perioada 6-10 august 2025. Ei sunt protagoni\u0219tii filmului \u201eMario, Maria, [&hellip;]<\/p>\n","protected":false},"author":1,"featured_media":8884,"comment_status":"open","ping_status":"open","sticky":false,"template":"","format":"standard","meta":{"_price":"","_stock":"","_tribe_ticket_header":"","_tribe_default_ticket_provider":"","_tribe_ticket_capacity":"0","_ticket_start_date":"","_ticket_end_date":"","_tribe_ticket_show_description":"","_tribe_ticket_show_not_going":false,"_tribe_ticket_use_global_stock":"","_tribe_ticket_global_stock_level":"","_global_stock_mode":"","_global_stock_cap":"","_tribe_rsvp_for_event":"","_tribe_ticket_going_count":"","_tribe_ticket_not_going_count":"","_tribe_tickets_list":"[]","_tribe_ticket_has_attendee_info_fields":false,"footnotes":""},"categories":[89,80,1],"tags":[],"class_list":["post-8882","post","type-post","status-publish","format-standard","has-post-thumbnail","hentry","category-blog","category-toate-categoriile","category-uncategorized"],"_links":{"self":[{"href":"https:\/\/www.liceulprometeuprotalent.md\/index.php?rest_route=\/wp\/v2\/posts\/8882","targetHints":{"allow":["GET"]}}],"collection":[{"href":"https:\/\/www.liceulprometeuprotalent.md\/index.php?rest_route=\/wp\/v2\/posts"}],"about":[{"href":"https:\/\/www.liceulprometeuprotalent.md\/index.php?rest_route=\/wp\/v2\/types\/post"}],"author":[{"embeddable":true,"href":"https:\/\/www.liceulprometeuprotalent.md\/index.php?rest_route=\/wp\/v2\/users\/1"}],"replies":[{"embeddable":true,"href":"https:\/\/www.liceulprometeuprotalent.md\/index.php?rest_route=%2Fwp%2Fv2%2Fcomments&post=8882"}],"version-history":[{"count":1,"href":"https:\/\/www.liceulprometeuprotalent.md\/index.php?rest_route=\/wp\/v2\/posts\/8882\/revisions"}],"predecessor-version":[{"id":8885,"href":"https:\/\/www.liceulprometeuprotalent.md\/index.php?rest_route=\/wp\/v2\/posts\/8882\/revisions\/8885"}],"wp:featuredmedia":[{"embeddable":true,"href":"https:\/\/www.liceulprometeuprotalent.md\/index.php?rest_route=\/wp\/v2\/media\/8884"}],"wp:attachment":[{"href":"https:\/\/www.liceulprometeuprotalent.md\/index.php?rest_route=%2Fwp%2Fv2%2Fmedia&parent=8882"}],"wp:term":[{"taxonomy":"category","embeddable":true,"href":"https:\/\/www.liceulprometeuprotalent.md\/index.php?rest_route=%2Fwp%2Fv2%2Fcategories&post=8882"},{"taxonomy":"post_tag","embeddable":true,"href":"https:\/\/www.liceulprometeuprotalent.md\/index.php?rest_route=%2Fwp%2Fv2%2Ftags&post=8882"}],"curies":[{"name":"wp","href":"https:\/\/api.w.org\/{rel}","templated":true}]}}