{"id":8887,"date":"2025-09-02T11:49:15","date_gmt":"2025-09-02T11:49:15","guid":{"rendered":"https:\/\/www.liceulprometeuprotalent.md\/?p=8887"},"modified":"2025-09-02T11:49:15","modified_gmt":"2025-09-02T11:49:15","slug":"succese-remarcabile-la-un-concurs-elitar","status":"publish","type":"post","link":"https:\/\/www.liceulprometeuprotalent.md\/?p=8887","title":{"rendered":"Succese remarcabile la un concurs elitar"},"content":{"rendered":"<p>Laura Boclinc\u0103 \u0219i Daniela Ungureanu, eleve la Liceul de Creativitate \u0219i Inventic\u0103 \u201ePrometeu-Protalent\u201d, au fost distinse cu dou\u0103 men\u021biuni de onoare la Olimpiada Interna\u021bional\u0103 de Limba Englez\u0103, care a avut loc \u00een ora\u0219ul Deva, Rom\u00e2nia, \u00een perioada 24-31 august 2025. Echipa noastr\u0103, din care au mai f\u0103cut parte elevii Rare\u0219 Miron \u0219i Vitalia Butucel, au concurat cu 110 elevi din 12 \u021b\u0103ri \u0219i au avut fericita ocazie s\u0103-\u0219i demonstreze bun\u0103 cunoa\u0219tere a limbii engleze. Ei au tr\u0103it o experien\u021b\u0103 memorabil\u0103, inedit\u0103, ce le-a oferit emo\u021bia competi\u021biei \u00eentr-un mediu academic performant. Pe tot parcursul Olimpiadei, elevii s-au bucurat de aten\u021bia \u0219i ospitalitatea a peste 150 de voluntari de la Colegiul Na\u021bional \u201eDecebal\u201d, gazda prestigiosului eveniment.<\/p>\n<p>Echipa Liceului \u201ePrometeu-Protalent\u201d a concurat de sine st\u0103t\u0103tor al\u0103turi de lotul olimpic na\u021bional la limba englez\u0103 a Republicii Moldova \u0219i echipa \u0219colii de limba englez\u0103 \u201eLinguata\u201d din Chi\u0219in\u0103u, eviden\u021biindu-se prin performan\u021b\u0103, promptitudine \u0219i inteligen\u021b\u0103. Ea a fost \u00eenso\u021bit\u0103 la aceast\u0103 important\u0103 competi\u021bie de distinsele profesoare de limba englez\u0103, doamnele Natalia Dubencu, Claudia Sanduleac \u0219i Nelly Portas, care au reu\u0219it s\u0103 men\u021bin\u0103 o bun\u0103 stare de spirit a elevilor competitori, \u00eencuraj\u00e2ndu-i \u0219i sus\u021bin\u00e2ndu-i pe tot parcursul Olimpiadei. Participarea a fost posibil\u0103 gra\u021bie suportului administra\u021biei institu\u021biei noastre.<\/p>\n<p>Felicit\u0103ri, dragi elevi, iubitori ai limbii engleze! V\u0103 dorim succese \u00een continuare!<\/p>\n<p>Exprim\u0103m mul\u021bumiri cordiale doamnelor profesoare de limba englez\u0103. Apreciem dedicarea \u0219i implicarea domniilor lor la preg\u0103tirea echipei noastre pentru acest frumos \u0219i util concurs elitar.<\/p>\n<p>Felicit\u0103ri cordiale p\u0103rin\u021bilor pentru frumoasa colaborare copil\/p\u0103rinte\/\u0219coal\u0103!<\/p>\n<p><img decoding=\"async\" class=\"alignnone wp-image-8888 size-fusion-400\" src=\"https:\/\/www.liceulprometeuprotalent.md\/wp-content\/uploads\/2025\/09\/538104633_24738730009044969_6572378961895741637_n-1-400x301.jpg\" alt=\"\" width=\"400\" height=\"301\" srcset=\"https:\/\/www.liceulprometeuprotalent.md\/wp-content\/uploads\/2025\/09\/538104633_24738730009044969_6572378961895741637_n-1-200x151.jpg 200w, https:\/\/www.liceulprometeuprotalent.md\/wp-content\/uploads\/2025\/09\/538104633_24738730009044969_6572378961895741637_n-1-300x226.jpg 300w, https:\/\/www.liceulprometeuprotalent.md\/wp-content\/uploads\/2025\/09\/538104633_24738730009044969_6572378961895741637_n-1-400x301.jpg 400w, https:\/\/www.liceulprometeuprotalent.md\/wp-content\/uploads\/2025\/09\/538104633_24738730009044969_6572378961895741637_n-1-600x452.jpg 600w, https:\/\/www.liceulprometeuprotalent.md\/wp-content\/uploads\/2025\/09\/538104633_24738730009044969_6572378961895741637_n-1-768x578.jpg 768w, https:\/\/www.liceulprometeuprotalent.md\/wp-content\/uploads\/2025\/09\/538104633_24738730009044969_6572378961895741637_n-1-800x602.jpg 800w, https:\/\/www.liceulprometeuprotalent.md\/wp-content\/uploads\/2025\/09\/538104633_24738730009044969_6572378961895741637_n-1-1024x771.jpg 1024w, https:\/\/www.liceulprometeuprotalent.md\/wp-content\/uploads\/2025\/09\/538104633_24738730009044969_6572378961895741637_n-1-1200x904.jpg 1200w, https:\/\/www.liceulprometeuprotalent.md\/wp-content\/uploads\/2025\/09\/538104633_24738730009044969_6572378961895741637_n-1-1536x1157.jpg 1536w\" sizes=\"(max-width: 400px) 100vw, 400px\" \/> <img decoding=\"async\" class=\"alignnone wp-image-8889 size-fusion-400\" src=\"https:\/\/www.liceulprometeuprotalent.md\/wp-content\/uploads\/2025\/09\/540539507_24746750328242937_4277718618288788958_n-400x301.jpg\" alt=\"\" width=\"400\" height=\"301\" srcset=\"https:\/\/www.liceulprometeuprotalent.md\/wp-content\/uploads\/2025\/09\/540539507_24746750328242937_4277718618288788958_n-200x151.jpg 200w, https:\/\/www.liceulprometeuprotalent.md\/wp-content\/uploads\/2025\/09\/540539507_24746750328242937_4277718618288788958_n-300x226.jpg 300w, https:\/\/www.liceulprometeuprotalent.md\/wp-content\/uploads\/2025\/09\/540539507_24746750328242937_4277718618288788958_n-400x301.jpg 400w, https:\/\/www.liceulprometeuprotalent.md\/wp-content\/uploads\/2025\/09\/540539507_24746750328242937_4277718618288788958_n-600x452.jpg 600w, https:\/\/www.liceulprometeuprotalent.md\/wp-content\/uploads\/2025\/09\/540539507_24746750328242937_4277718618288788958_n-768x578.jpg 768w, https:\/\/www.liceulprometeuprotalent.md\/wp-content\/uploads\/2025\/09\/540539507_24746750328242937_4277718618288788958_n-800x602.jpg 800w, https:\/\/www.liceulprometeuprotalent.md\/wp-content\/uploads\/2025\/09\/540539507_24746750328242937_4277718618288788958_n-1024x771.jpg 1024w, https:\/\/www.liceulprometeuprotalent.md\/wp-content\/uploads\/2025\/09\/540539507_24746750328242937_4277718618288788958_n-1200x904.jpg 1200w, https:\/\/www.liceulprometeuprotalent.md\/wp-content\/uploads\/2025\/09\/540539507_24746750328242937_4277718618288788958_n-1536x1157.jpg 1536w\" sizes=\"(max-width: 400px) 100vw, 400px\" \/> <img decoding=\"async\" class=\"alignnone wp-image-8890 size-fusion-400\" src=\"https:\/\/www.liceulprometeuprotalent.md\/wp-content\/uploads\/2025\/09\/540973935_3741276356004962_6030261604141126929_n-400x533.jpg\" alt=\"\" width=\"400\" height=\"533\" srcset=\"https:\/\/www.liceulprometeuprotalent.md\/wp-content\/uploads\/2025\/09\/540973935_3741276356004962_6030261604141126929_n-200x267.jpg 200w, https:\/\/www.liceulprometeuprotalent.md\/wp-content\/uploads\/2025\/09\/540973935_3741276356004962_6030261604141126929_n-225x300.jpg 225w, https:\/\/www.liceulprometeuprotalent.md\/wp-content\/uploads\/2025\/09\/540973935_3741276356004962_6030261604141126929_n-400x533.jpg 400w, https:\/\/www.liceulprometeuprotalent.md\/wp-content\/uploads\/2025\/09\/540973935_3741276356004962_6030261604141126929_n-600x800.jpg 600w, https:\/\/www.liceulprometeuprotalent.md\/wp-content\/uploads\/2025\/09\/540973935_3741276356004962_6030261604141126929_n-768x1024.jpg 768w, https:\/\/www.liceulprometeuprotalent.md\/wp-content\/uploads\/2025\/09\/540973935_3741276356004962_6030261604141126929_n-800x1067.jpg 800w, https:\/\/www.liceulprometeuprotalent.md\/wp-content\/uploads\/2025\/09\/540973935_3741276356004962_6030261604141126929_n-1152x1536.jpg 1152w, https:\/\/www.liceulprometeuprotalent.md\/wp-content\/uploads\/2025\/09\/540973935_3741276356004962_6030261604141126929_n-1200x1600.jpg 1200w, https:\/\/www.liceulprometeuprotalent.md\/wp-content\/uploads\/2025\/09\/540973935_3741276356004962_6030261604141126929_n.jpg 1536w\" sizes=\"(max-width: 400px) 100vw, 400px\" \/><\/p>\n","protected":false},"excerpt":{"rendered":"<p>Laura Boclinc\u0103 \u0219i Daniela Ungureanu, eleve la Liceul de Creativitate \u0219i Inventic\u0103 \u201ePrometeu-Protalent\u201d, au fost distinse cu dou\u0103 men\u021biuni de onoare la Olimpiada Interna\u021bional\u0103 de Limba Englez\u0103, care a avut loc \u00een ora\u0219ul Deva, Rom\u00e2nia, \u00een perioada 24-31 august 2025. Echipa noastr\u0103, din care au mai f\u0103cut parte elevii Rare\u0219 Miron \u0219i Vitalia Butucel, au [&hellip;]<\/p>\n","protected":false},"author":1,"featured_media":8888,"comment_status":"open","ping_status":"open","sticky":false,"template":"","format":"standard","meta":{"_price":"","_stock":"","_tribe_ticket_header":"","_tribe_default_ticket_provider":"","_tribe_ticket_capacity":"0","_ticket_start_date":"","_ticket_end_date":"","_tribe_ticket_show_description":"","_tribe_ticket_show_not_going":false,"_tribe_ticket_use_global_stock":"","_tribe_ticket_global_stock_level":"","_global_stock_mode":"","_global_stock_cap":"","_tribe_rsvp_for_event":"","_tribe_ticket_going_count":"","_tribe_ticket_not_going_count":"","_tribe_tickets_list":"[]","_tribe_ticket_has_attendee_info_fields":false,"footnotes":""},"categories":[89,80,1],"tags":[],"class_list":["post-8887","post","type-post","status-publish","format-standard","has-post-thumbnail","hentry","category-blog","category-toate-categoriile","category-uncategorized"],"_links":{"self":[{"href":"https:\/\/www.liceulprometeuprotalent.md\/index.php?rest_route=\/wp\/v2\/posts\/8887","targetHints":{"allow":["GET"]}}],"collection":[{"href":"https:\/\/www.liceulprometeuprotalent.md\/index.php?rest_route=\/wp\/v2\/posts"}],"about":[{"href":"https:\/\/www.liceulprometeuprotalent.md\/index.php?rest_route=\/wp\/v2\/types\/post"}],"author":[{"embeddable":true,"href":"https:\/\/www.liceulprometeuprotalent.md\/index.php?rest_route=\/wp\/v2\/users\/1"}],"replies":[{"embeddable":true,"href":"https:\/\/www.liceulprometeuprotalent.md\/index.php?rest_route=%2Fwp%2Fv2%2Fcomments&post=8887"}],"version-history":[{"count":1,"href":"https:\/\/www.liceulprometeuprotalent.md\/index.php?rest_route=\/wp\/v2\/posts\/8887\/revisions"}],"predecessor-version":[{"id":8891,"href":"https:\/\/www.liceulprometeuprotalent.md\/index.php?rest_route=\/wp\/v2\/posts\/8887\/revisions\/8891"}],"wp:featuredmedia":[{"embeddable":true,"href":"https:\/\/www.liceulprometeuprotalent.md\/index.php?rest_route=\/wp\/v2\/media\/8888"}],"wp:attachment":[{"href":"https:\/\/www.liceulprometeuprotalent.md\/index.php?rest_route=%2Fwp%2Fv2%2Fmedia&parent=8887"}],"wp:term":[{"taxonomy":"category","embeddable":true,"href":"https:\/\/www.liceulprometeuprotalent.md\/index.php?rest_route=%2Fwp%2Fv2%2Fcategories&post=8887"},{"taxonomy":"post_tag","embeddable":true,"href":"https:\/\/www.liceulprometeuprotalent.md\/index.php?rest_route=%2Fwp%2Fv2%2Ftags&post=8887"}],"curies":[{"name":"wp","href":"https:\/\/api.w.org\/{rel}","templated":true}]}}