{"id":8900,"date":"2025-09-11T08:29:44","date_gmt":"2025-09-11T08:29:44","guid":{"rendered":"https:\/\/www.liceulprometeuprotalent.md\/?p=8900"},"modified":"2025-09-11T08:29:44","modified_gmt":"2025-09-11T08:29:44","slug":"nicole-muntean-marea-speranta-a-gimnasticii-ritmice","status":"publish","type":"post","link":"https:\/\/www.liceulprometeuprotalent.md\/?p=8900","title":{"rendered":"Nicole Muntean &#8211; marea speran\u021b\u0103 a gimnasticii ritmice"},"content":{"rendered":"<p>Gimnasta Nicole Muntean din clasa a II-a \u201eC\u201d (\u00eenv\u0103\u021b\u0103toare doamna Nelea Vicol) a Liceului de Creativitate \u0219i Inventic\u0103 \u201ePrometeu-Protalent\u201d a ob\u021binut locul I la Turneul Interna\u021bional de Gimnastic\u0103 Ritmic\u0103 \u201eCump\u0103na Trophy\u201d, edi\u021bia a II-a, care a avut loc \u00een ora\u0219ul Constan\u021ba, Rom\u00e2nia.<\/p>\n<p>Competi\u021bia s-a desf\u0103\u0219urat \u00een Sala Sporturilor \u201eSimona Am\u00e2nar\u201d, \u00een ziua de 30 august 2025. Nicole, al\u0103turi de alte gimnaste, a adus \u00een fa\u021ba publicului prezent frumuse\u021be \u0219i elegan\u021b\u0103. A fost o s\u0103rb\u0103toare veritabil\u0103 a tinere\u021bii, pasiunii \u0219i perseveren\u021bei, un fascinant spectacol sportiv, precum apreciaz\u0103 exper\u021bii.<\/p>\n<p>Turneul \u201eCump\u0103na Trophy\u201d a reunit la Constan\u021ba nou\u0103 cluburi de elit\u0103 din Rom\u00e2nia \u0219i Republica Moldova, reprezentate de peste 130 de gimnaste cu v\u00e2rste cuprinse \u00eentre 6 \u0219i 20 de ani. Nicole a f\u0103cut parte din echipa USEFS (Universitatea de Stat de Educa\u021bie Fizic\u0103 \u0219i Sport) din Republica Moldova. Nu este prima victorie a colegei noastre. Ea a participat la mai multe concursuri \u0219i de fiecare dat\u0103 a ocupat locuri de frunte, devenind o mare speran\u021b\u0103 a acestui gen de sport.<br \/>\nDespre Turneul \u201eCump\u0103na Trophy\u201d se spune c\u0103 nu este doar o competi\u021bie, ci un \u201elaborator\u201d al excelen\u021bei sportive, unde fiecare figur\u0103, fiecare exerci\u021biu \u0219i fiecare pas devin expresii ale disciplinei \u0219i creativit\u0103\u021bii. Scopul central al turneului este de a oferi gimnastelor ocazia de a-\u0219i perfec\u021biona programele, preg\u0103tindu-se pentru alte \u0219i alte competi\u021bii prestigioase.<\/p>\n<p>\u201ePublicul a fost martor la un spectacol al gra\u021biei \u0219i al for\u021bei interioare, unde emo\u021bia artistic\u0103 se \u00eemplete\u0219te cu performan\u021ba sportiv\u0103, unde viitorul gimnasticii ritmice se scrie cu fiecare\u00a0 piruet\u0103 \u0219i cu fiecare z\u00e2mbet al gimnastelor\u201d, a transmis Prim\u0103ria Cump\u0103na, principalul organizator al frumosului eveniment.<\/p>\n<p>Felicit\u0103ri, drag\u0103 Nicole! Ne bucur\u0103m mult pentru succesele tale! \u00ce\u021bi dorim noi \u0219i noi victorii!<\/p>\n<p>Felicit\u0103ri, minuna\u021bilor p\u0103rin\u021bi ai Nicolei! Apreciem mult dedicarea Dvs., inclusiv suportul emo\u021bional \u0219i \u00eencurajarea permanent\u0103 a dnei \u00eenv\u0103\u021b\u0103toare Nelea Vicol.<br \/>\n<img decoding=\"async\" class=\"alignnone size-full wp-image-8901\" src=\"https:\/\/www.liceulprometeuprotalent.md\/wp-content\/uploads\/2025\/09\/viber_image_2025-09-08_12-44-45-435.jpg\" alt=\"\" width=\"1200\" height=\"1600\" srcset=\"https:\/\/www.liceulprometeuprotalent.md\/wp-content\/uploads\/2025\/09\/viber_image_2025-09-08_12-44-45-435-200x267.jpg 200w, https:\/\/www.liceulprometeuprotalent.md\/wp-content\/uploads\/2025\/09\/viber_image_2025-09-08_12-44-45-435-225x300.jpg 225w, https:\/\/www.liceulprometeuprotalent.md\/wp-content\/uploads\/2025\/09\/viber_image_2025-09-08_12-44-45-435-400x533.jpg 400w, https:\/\/www.liceulprometeuprotalent.md\/wp-content\/uploads\/2025\/09\/viber_image_2025-09-08_12-44-45-435-600x800.jpg 600w, https:\/\/www.liceulprometeuprotalent.md\/wp-content\/uploads\/2025\/09\/viber_image_2025-09-08_12-44-45-435-768x1024.jpg 768w, https:\/\/www.liceulprometeuprotalent.md\/wp-content\/uploads\/2025\/09\/viber_image_2025-09-08_12-44-45-435-800x1067.jpg 800w, https:\/\/www.liceulprometeuprotalent.md\/wp-content\/uploads\/2025\/09\/viber_image_2025-09-08_12-44-45-435-1152x1536.jpg 1152w, https:\/\/www.liceulprometeuprotalent.md\/wp-content\/uploads\/2025\/09\/viber_image_2025-09-08_12-44-45-435.jpg 1200w\" sizes=\"(max-width: 1200px) 100vw, 1200px\" \/><\/p>\n","protected":false},"excerpt":{"rendered":"<p>Gimnasta Nicole Muntean din clasa a II-a \u201eC\u201d (\u00eenv\u0103\u021b\u0103toare doamna Nelea Vicol) a Liceului de Creativitate \u0219i Inventic\u0103 \u201ePrometeu-Protalent\u201d a ob\u021binut locul I la Turneul Interna\u021bional de Gimnastic\u0103 Ritmic\u0103 \u201eCump\u0103na Trophy\u201d, edi\u021bia a II-a, care a avut loc \u00een ora\u0219ul Constan\u021ba, Rom\u00e2nia. Competi\u021bia s-a desf\u0103\u0219urat \u00een Sala Sporturilor \u201eSimona Am\u00e2nar\u201d, \u00een ziua de 30 august [&hellip;]<\/p>\n","protected":false},"author":1,"featured_media":8901,"comment_status":"open","ping_status":"open","sticky":false,"template":"","format":"standard","meta":{"_price":"","_stock":"","_tribe_ticket_header":"","_tribe_default_ticket_provider":"","_tribe_ticket_capacity":"0","_ticket_start_date":"","_ticket_end_date":"","_tribe_ticket_show_description":"","_tribe_ticket_show_not_going":false,"_tribe_ticket_use_global_stock":"","_tribe_ticket_global_stock_level":"","_global_stock_mode":"","_global_stock_cap":"","_tribe_rsvp_for_event":"","_tribe_ticket_going_count":"","_tribe_ticket_not_going_count":"","_tribe_tickets_list":"[]","_tribe_ticket_has_attendee_info_fields":false,"footnotes":""},"categories":[89,80,1],"tags":[],"class_list":["post-8900","post","type-post","status-publish","format-standard","has-post-thumbnail","hentry","category-blog","category-toate-categoriile","category-uncategorized"],"_links":{"self":[{"href":"https:\/\/www.liceulprometeuprotalent.md\/index.php?rest_route=\/wp\/v2\/posts\/8900","targetHints":{"allow":["GET"]}}],"collection":[{"href":"https:\/\/www.liceulprometeuprotalent.md\/index.php?rest_route=\/wp\/v2\/posts"}],"about":[{"href":"https:\/\/www.liceulprometeuprotalent.md\/index.php?rest_route=\/wp\/v2\/types\/post"}],"author":[{"embeddable":true,"href":"https:\/\/www.liceulprometeuprotalent.md\/index.php?rest_route=\/wp\/v2\/users\/1"}],"replies":[{"embeddable":true,"href":"https:\/\/www.liceulprometeuprotalent.md\/index.php?rest_route=%2Fwp%2Fv2%2Fcomments&post=8900"}],"version-history":[{"count":1,"href":"https:\/\/www.liceulprometeuprotalent.md\/index.php?rest_route=\/wp\/v2\/posts\/8900\/revisions"}],"predecessor-version":[{"id":8902,"href":"https:\/\/www.liceulprometeuprotalent.md\/index.php?rest_route=\/wp\/v2\/posts\/8900\/revisions\/8902"}],"wp:featuredmedia":[{"embeddable":true,"href":"https:\/\/www.liceulprometeuprotalent.md\/index.php?rest_route=\/wp\/v2\/media\/8901"}],"wp:attachment":[{"href":"https:\/\/www.liceulprometeuprotalent.md\/index.php?rest_route=%2Fwp%2Fv2%2Fmedia&parent=8900"}],"wp:term":[{"taxonomy":"category","embeddable":true,"href":"https:\/\/www.liceulprometeuprotalent.md\/index.php?rest_route=%2Fwp%2Fv2%2Fcategories&post=8900"},{"taxonomy":"post_tag","embeddable":true,"href":"https:\/\/www.liceulprometeuprotalent.md\/index.php?rest_route=%2Fwp%2Fv2%2Ftags&post=8900"}],"curies":[{"name":"wp","href":"https:\/\/api.w.org\/{rel}","templated":true}]}}