{"id":8903,"date":"2025-09-12T08:12:30","date_gmt":"2025-09-12T08:12:30","guid":{"rendered":"https:\/\/www.liceulprometeuprotalent.md\/?p=8903"},"modified":"2025-09-12T08:12:30","modified_gmt":"2025-09-12T08:12:30","slug":"securitatea-vietii-elevilor-o-prioritate","status":"publish","type":"post","link":"https:\/\/www.liceulprometeuprotalent.md\/?p=8903","title":{"rendered":"Securitatea vie\u021bii elevilor \u2013 o prioritate"},"content":{"rendered":"<p>Securitatea vie\u021bii elevilor \u2013 acesta a fost scopul \u00eent\u00e2lnirii claselor I-a \u2013 a IV-a ale Liceului de creativitate \u0219i Inventic\u0103 \u201ePrometeu-Protalent\u201d cu un grup de angaja\u021bi ai Sec\u021biei de Securitate Public\u0103 a IP Buiucani din municipiul Chi\u0219in\u0103u, \u00een frunte cu doamna Ionela Dosca-Junc\u0103, ofi\u021ber de pres\u0103 al INSP. \u00cent\u00e2lnirea a avut loc pe data de 11 septembrie 2025, \u00een incinta Liceului \u201ePrometeu-Protalent\u201d.<\/p>\n<p>\u00centr-o atmosfer\u0103 animat\u0103, completat\u0103 cu toate atributele regulilor de securitate, elevii \u0219i-au \u00eemprosp\u0103tat cuno\u0219tin\u021bele privind protec\u021bia vie\u021bii lor \u0219i a celor din jur. Ei au r\u0103spuns f\u0103r\u0103 de gre\u0219 la \u00eentreb\u0103ri deja cunoscute, confirm\u00e2nd eficien\u021ba instruirii lor at\u00e2t de acas\u0103, c\u00e2t \u0219i de la liceu.<\/p>\n<p>Pentru memorarea c\u00e2t mai bun\u0103 a acestei \u00eent\u00e2lniri deosebit de utile, elevii au probat haine de poli\u021bist, au rev\u0103zut semnele de circula\u021bie \u0219i au urcat \u00een ma\u0219inile poli\u021biei, tr\u0103ind emo\u021bii dintre cele mai frumoase.<\/p>\n<p>Mul\u021bumim doamnei Ionela Dosca-Junc\u0103, ofi\u021ber de pres\u0103 al INSP, \u0219i colegilor, care, plini de jovialitate, i-au sensibilizat pe elevi fa\u021b\u0103 de regulile de securitate.<\/p>\n<p>Mul\u021bumim pentru grij\u0103 \u0219i responsabilitate doamnei Cristina Brunchi, \u00eenv\u0103\u021b\u0103toare, director adjunct pentru educa\u021bie, treapta primar\u0103 \u0219i tuturor \u00eenv\u0103\u021b\u0103toarelor claselor I-a \u2013 a IV, prezente \u00eempreun\u0103 cu elevii la aceast\u0103 \u00eent\u00e2lnire.<\/p>\n<div id=\"attachment_8904\" style=\"width: 410px\" class=\"wp-caption alignnone\"><img decoding=\"async\" aria-describedby=\"caption-attachment-8904\" class=\"wp-image-8904 size-fusion-400\" src=\"https:\/\/www.liceulprometeuprotalent.md\/wp-content\/uploads\/2025\/09\/IMG20250911100815-400x301.jpg\" alt=\"\" width=\"400\" height=\"301\" srcset=\"https:\/\/www.liceulprometeuprotalent.md\/wp-content\/uploads\/2025\/09\/IMG20250911100815-200x151.jpg 200w, https:\/\/www.liceulprometeuprotalent.md\/wp-content\/uploads\/2025\/09\/IMG20250911100815-300x226.jpg 300w, https:\/\/www.liceulprometeuprotalent.md\/wp-content\/uploads\/2025\/09\/IMG20250911100815-400x301.jpg 400w, https:\/\/www.liceulprometeuprotalent.md\/wp-content\/uploads\/2025\/09\/IMG20250911100815-600x452.jpg 600w, https:\/\/www.liceulprometeuprotalent.md\/wp-content\/uploads\/2025\/09\/IMG20250911100815-768x578.jpg 768w, https:\/\/www.liceulprometeuprotalent.md\/wp-content\/uploads\/2025\/09\/IMG20250911100815-800x602.jpg 800w, https:\/\/www.liceulprometeuprotalent.md\/wp-content\/uploads\/2025\/09\/IMG20250911100815-1024x771.jpg 1024w, https:\/\/www.liceulprometeuprotalent.md\/wp-content\/uploads\/2025\/09\/IMG20250911100815-1200x904.jpg 1200w, https:\/\/www.liceulprometeuprotalent.md\/wp-content\/uploads\/2025\/09\/IMG20250911100815-1536x1157.jpg 1536w\" sizes=\"(max-width: 400px) 100vw, 400px\" \/><p id=\"caption-attachment-8904\" class=\"wp-caption-text\">oplus_0<\/p><\/div>\n<div id=\"attachment_8905\" style=\"width: 410px\" class=\"wp-caption alignnone\"><img decoding=\"async\" aria-describedby=\"caption-attachment-8905\" class=\"wp-image-8905 size-fusion-400\" src=\"https:\/\/www.liceulprometeuprotalent.md\/wp-content\/uploads\/2025\/09\/IMG20250911101133-400x301.jpg\" alt=\"\" width=\"400\" height=\"301\" srcset=\"https:\/\/www.liceulprometeuprotalent.md\/wp-content\/uploads\/2025\/09\/IMG20250911101133-200x151.jpg 200w, https:\/\/www.liceulprometeuprotalent.md\/wp-content\/uploads\/2025\/09\/IMG20250911101133-300x226.jpg 300w, https:\/\/www.liceulprometeuprotalent.md\/wp-content\/uploads\/2025\/09\/IMG20250911101133-400x301.jpg 400w, https:\/\/www.liceulprometeuprotalent.md\/wp-content\/uploads\/2025\/09\/IMG20250911101133-600x452.jpg 600w, https:\/\/www.liceulprometeuprotalent.md\/wp-content\/uploads\/2025\/09\/IMG20250911101133-768x578.jpg 768w, https:\/\/www.liceulprometeuprotalent.md\/wp-content\/uploads\/2025\/09\/IMG20250911101133-800x602.jpg 800w, https:\/\/www.liceulprometeuprotalent.md\/wp-content\/uploads\/2025\/09\/IMG20250911101133-1024x771.jpg 1024w, https:\/\/www.liceulprometeuprotalent.md\/wp-content\/uploads\/2025\/09\/IMG20250911101133-1200x904.jpg 1200w, https:\/\/www.liceulprometeuprotalent.md\/wp-content\/uploads\/2025\/09\/IMG20250911101133-1536x1157.jpg 1536w\" sizes=\"(max-width: 400px) 100vw, 400px\" \/><p id=\"caption-attachment-8905\" class=\"wp-caption-text\">oplus_0<\/p><\/div>\n<div id=\"attachment_8906\" style=\"width: 410px\" class=\"wp-caption alignnone\"><img decoding=\"async\" aria-describedby=\"caption-attachment-8906\" class=\"wp-image-8906 size-fusion-400\" src=\"https:\/\/www.liceulprometeuprotalent.md\/wp-content\/uploads\/2025\/09\/IMG20250911101750-400x301.jpg\" alt=\"\" width=\"400\" height=\"301\" srcset=\"https:\/\/www.liceulprometeuprotalent.md\/wp-content\/uploads\/2025\/09\/IMG20250911101750-200x151.jpg 200w, https:\/\/www.liceulprometeuprotalent.md\/wp-content\/uploads\/2025\/09\/IMG20250911101750-300x226.jpg 300w, https:\/\/www.liceulprometeuprotalent.md\/wp-content\/uploads\/2025\/09\/IMG20250911101750-400x301.jpg 400w, https:\/\/www.liceulprometeuprotalent.md\/wp-content\/uploads\/2025\/09\/IMG20250911101750-600x452.jpg 600w, https:\/\/www.liceulprometeuprotalent.md\/wp-content\/uploads\/2025\/09\/IMG20250911101750-768x578.jpg 768w, https:\/\/www.liceulprometeuprotalent.md\/wp-content\/uploads\/2025\/09\/IMG20250911101750-800x602.jpg 800w, https:\/\/www.liceulprometeuprotalent.md\/wp-content\/uploads\/2025\/09\/IMG20250911101750-1024x771.jpg 1024w, https:\/\/www.liceulprometeuprotalent.md\/wp-content\/uploads\/2025\/09\/IMG20250911101750-1200x904.jpg 1200w, https:\/\/www.liceulprometeuprotalent.md\/wp-content\/uploads\/2025\/09\/IMG20250911101750-1536x1157.jpg 1536w\" sizes=\"(max-width: 400px) 100vw, 400px\" \/><p id=\"caption-attachment-8906\" class=\"wp-caption-text\">oplus_0<\/p><\/div>\n<div id=\"attachment_8907\" style=\"width: 410px\" class=\"wp-caption alignnone\"><img decoding=\"async\" aria-describedby=\"caption-attachment-8907\" class=\"wp-image-8907 size-fusion-400\" src=\"https:\/\/www.liceulprometeuprotalent.md\/wp-content\/uploads\/2025\/09\/IMG20250911102339-400x301.jpg\" alt=\"\" width=\"400\" height=\"301\" srcset=\"https:\/\/www.liceulprometeuprotalent.md\/wp-content\/uploads\/2025\/09\/IMG20250911102339-200x151.jpg 200w, https:\/\/www.liceulprometeuprotalent.md\/wp-content\/uploads\/2025\/09\/IMG20250911102339-300x226.jpg 300w, https:\/\/www.liceulprometeuprotalent.md\/wp-content\/uploads\/2025\/09\/IMG20250911102339-400x301.jpg 400w, https:\/\/www.liceulprometeuprotalent.md\/wp-content\/uploads\/2025\/09\/IMG20250911102339-600x452.jpg 600w, https:\/\/www.liceulprometeuprotalent.md\/wp-content\/uploads\/2025\/09\/IMG20250911102339-768x578.jpg 768w, https:\/\/www.liceulprometeuprotalent.md\/wp-content\/uploads\/2025\/09\/IMG20250911102339-800x602.jpg 800w, https:\/\/www.liceulprometeuprotalent.md\/wp-content\/uploads\/2025\/09\/IMG20250911102339-1024x771.jpg 1024w, https:\/\/www.liceulprometeuprotalent.md\/wp-content\/uploads\/2025\/09\/IMG20250911102339-1200x904.jpg 1200w, https:\/\/www.liceulprometeuprotalent.md\/wp-content\/uploads\/2025\/09\/IMG20250911102339-1536x1157.jpg 1536w\" sizes=\"(max-width: 400px) 100vw, 400px\" \/><p id=\"caption-attachment-8907\" class=\"wp-caption-text\">oplus_0<\/p><\/div>\n","protected":false},"excerpt":{"rendered":"<p>Securitatea vie\u021bii elevilor \u2013 acesta a fost scopul \u00eent\u00e2lnirii claselor I-a \u2013 a IV-a ale Liceului de creativitate \u0219i Inventic\u0103 \u201ePrometeu-Protalent\u201d cu un grup de angaja\u021bi ai Sec\u021biei de Securitate Public\u0103 a IP Buiucani din municipiul Chi\u0219in\u0103u, \u00een frunte cu doamna Ionela Dosca-Junc\u0103, ofi\u021ber de pres\u0103 al INSP. \u00cent\u00e2lnirea a avut loc pe data de [&hellip;]<\/p>\n","protected":false},"author":1,"featured_media":8904,"comment_status":"open","ping_status":"open","sticky":false,"template":"","format":"standard","meta":{"_price":"","_stock":"","_tribe_ticket_header":"","_tribe_default_ticket_provider":"","_tribe_ticket_capacity":"0","_ticket_start_date":"","_ticket_end_date":"","_tribe_ticket_show_description":"","_tribe_ticket_show_not_going":false,"_tribe_ticket_use_global_stock":"","_tribe_ticket_global_stock_level":"","_global_stock_mode":"","_global_stock_cap":"","_tribe_rsvp_for_event":"","_tribe_ticket_going_count":"","_tribe_ticket_not_going_count":"","_tribe_tickets_list":"[]","_tribe_ticket_has_attendee_info_fields":false,"footnotes":""},"categories":[89,80,1],"tags":[],"class_list":["post-8903","post","type-post","status-publish","format-standard","has-post-thumbnail","hentry","category-blog","category-toate-categoriile","category-uncategorized"],"_links":{"self":[{"href":"https:\/\/www.liceulprometeuprotalent.md\/index.php?rest_route=\/wp\/v2\/posts\/8903","targetHints":{"allow":["GET"]}}],"collection":[{"href":"https:\/\/www.liceulprometeuprotalent.md\/index.php?rest_route=\/wp\/v2\/posts"}],"about":[{"href":"https:\/\/www.liceulprometeuprotalent.md\/index.php?rest_route=\/wp\/v2\/types\/post"}],"author":[{"embeddable":true,"href":"https:\/\/www.liceulprometeuprotalent.md\/index.php?rest_route=\/wp\/v2\/users\/1"}],"replies":[{"embeddable":true,"href":"https:\/\/www.liceulprometeuprotalent.md\/index.php?rest_route=%2Fwp%2Fv2%2Fcomments&post=8903"}],"version-history":[{"count":1,"href":"https:\/\/www.liceulprometeuprotalent.md\/index.php?rest_route=\/wp\/v2\/posts\/8903\/revisions"}],"predecessor-version":[{"id":8908,"href":"https:\/\/www.liceulprometeuprotalent.md\/index.php?rest_route=\/wp\/v2\/posts\/8903\/revisions\/8908"}],"wp:featuredmedia":[{"embeddable":true,"href":"https:\/\/www.liceulprometeuprotalent.md\/index.php?rest_route=\/wp\/v2\/media\/8904"}],"wp:attachment":[{"href":"https:\/\/www.liceulprometeuprotalent.md\/index.php?rest_route=%2Fwp%2Fv2%2Fmedia&parent=8903"}],"wp:term":[{"taxonomy":"category","embeddable":true,"href":"https:\/\/www.liceulprometeuprotalent.md\/index.php?rest_route=%2Fwp%2Fv2%2Fcategories&post=8903"},{"taxonomy":"post_tag","embeddable":true,"href":"https:\/\/www.liceulprometeuprotalent.md\/index.php?rest_route=%2Fwp%2Fv2%2Ftags&post=8903"}],"curies":[{"name":"wp","href":"https:\/\/api.w.org\/{rel}","templated":true}]}}