{"id":8909,"date":"2025-09-15T12:07:37","date_gmt":"2025-09-15T12:07:37","guid":{"rendered":"https:\/\/www.liceulprometeuprotalent.md\/?p=8909"},"modified":"2025-09-15T12:07:37","modified_gmt":"2025-09-15T12:07:37","slug":"act-de-caritate-la-inceput-de-an-scolar","status":"publish","type":"post","link":"https:\/\/www.liceulprometeuprotalent.md\/?p=8909","title":{"rendered":"Act de caritate la \u00eenceput de an \u0219colar"},"content":{"rendered":"<p>Peste 20 de ghiozdane, pline cu rechizite \u0219colare, au colectat elevii Liceului de Creativitate \u0219i Inventic\u0103 \u201ePrometeu-Protalent\u201d pentru colegii lor, elevi din clasa I, din satele Zolotievca \u0219i Bulboaca din raionul Anenii Noi. Ghiozdanele sunt predestinate copiilor din familii vulnerabile.<\/p>\n<p>Este al doilea an consecutiv, c\u00e2nd elevii Liceului \u201ePrometeu-Protalent\u201d se implic\u0103 la implementarea proiectului de caritate \u201eUn ghiozdan pentru un elev din clasa I\u201d.<\/p>\n<p>Proiectul este ini\u021biat de Clubul Interact Chi\u0219in\u0103u, un ONG sus\u021binut de Rotary Club \u0219i Rotaract Chi\u0219in\u0103u. Membru al Clubul Interact Chi\u0219in\u0103u, condus de t\u00e2n\u0103rul Alexandru Siviroveanu, este \u0219i colegul nostru, Claudiu B\u00eelici din clasa a XII-a \u201eB\u201d.<\/p>\n<p>Tinerii din aceast\u0103 organiza\u021bie au oportunitatea s\u0103 participe \u0219i s\u0103 implementeze diverse ini\u021biative de voluntariat, acumul\u00e2nd experien\u021b\u0103 \u0219i contribuind la schimbarea spre bine a societ\u0103\u021bii.<\/p>\n<p>Clubul Interact Chi\u0219in\u0103u este parte a unei re\u021bele globale, conduse strict de tineri p\u00e2n\u0103 la 19 ani, care ofer\u0103 oportunit\u0103\u021bi \u0219i ajutor comunit\u0103\u021bilor locale de tineri.<\/p>\n<p>Bravo, dragi liceeni! Bravo, Claudiu B\u0103lici! Generozitatea voastr\u0103 ne emo\u021bioneaz\u0103 \u0219i ne descoper\u0103 sufletul vostru frumos.<\/p>\n<p>Admira\u021bie pentru tinerii din Clubul Interact Chi\u0219in\u0103u! Doar particip\u00e2nd consecvent la treburile cet\u0103\u021bii, vom putea construi o via\u021b\u0103 demn\u0103 pentru to\u021bi.<\/p>\n<p>Mul\u021bumim cadrelor didactice pentru \u00eendemnul cre\u0219tinesc la s\u0103v\u00e2r\u0219irea actelor de caritate. Mul\u021bumim \u00een mod special doamnei Angela Miron, director adjunct pentru educa\u021bie, care a coordonat aceast\u0103 l\u0103udabil\u0103 activitate.<\/p>\n<p><img decoding=\"async\" class=\"alignnone size-full wp-image-8910\" src=\"https:\/\/www.liceulprometeuprotalent.md\/wp-content\/uploads\/2025\/09\/viber_image_2025-09-15_10-01-18-361.jpg\" alt=\"\" width=\"1600\" height=\"1200\" srcset=\"https:\/\/www.liceulprometeuprotalent.md\/wp-content\/uploads\/2025\/09\/viber_image_2025-09-15_10-01-18-361-200x150.jpg 200w, https:\/\/www.liceulprometeuprotalent.md\/wp-content\/uploads\/2025\/09\/viber_image_2025-09-15_10-01-18-361-300x225.jpg 300w, https:\/\/www.liceulprometeuprotalent.md\/wp-content\/uploads\/2025\/09\/viber_image_2025-09-15_10-01-18-361-400x300.jpg 400w, https:\/\/www.liceulprometeuprotalent.md\/wp-content\/uploads\/2025\/09\/viber_image_2025-09-15_10-01-18-361-600x450.jpg 600w, https:\/\/www.liceulprometeuprotalent.md\/wp-content\/uploads\/2025\/09\/viber_image_2025-09-15_10-01-18-361-768x576.jpg 768w, https:\/\/www.liceulprometeuprotalent.md\/wp-content\/uploads\/2025\/09\/viber_image_2025-09-15_10-01-18-361-800x600.jpg 800w, https:\/\/www.liceulprometeuprotalent.md\/wp-content\/uploads\/2025\/09\/viber_image_2025-09-15_10-01-18-361-1024x768.jpg 1024w, https:\/\/www.liceulprometeuprotalent.md\/wp-content\/uploads\/2025\/09\/viber_image_2025-09-15_10-01-18-361-1200x900.jpg 1200w, https:\/\/www.liceulprometeuprotalent.md\/wp-content\/uploads\/2025\/09\/viber_image_2025-09-15_10-01-18-361-1536x1152.jpg 1536w, https:\/\/www.liceulprometeuprotalent.md\/wp-content\/uploads\/2025\/09\/viber_image_2025-09-15_10-01-18-361.jpg 1600w\" sizes=\"(max-width: 1600px) 100vw, 1600px\" \/> <img decoding=\"async\" class=\"alignnone size-full wp-image-8911\" src=\"https:\/\/www.liceulprometeuprotalent.md\/wp-content\/uploads\/2025\/09\/viber_image_2025-09-15_10-01-25-200.jpg\" alt=\"\" width=\"1200\" height=\"1600\" srcset=\"https:\/\/www.liceulprometeuprotalent.md\/wp-content\/uploads\/2025\/09\/viber_image_2025-09-15_10-01-25-200-200x267.jpg 200w, https:\/\/www.liceulprometeuprotalent.md\/wp-content\/uploads\/2025\/09\/viber_image_2025-09-15_10-01-25-200-225x300.jpg 225w, https:\/\/www.liceulprometeuprotalent.md\/wp-content\/uploads\/2025\/09\/viber_image_2025-09-15_10-01-25-200-400x533.jpg 400w, https:\/\/www.liceulprometeuprotalent.md\/wp-content\/uploads\/2025\/09\/viber_image_2025-09-15_10-01-25-200-600x800.jpg 600w, https:\/\/www.liceulprometeuprotalent.md\/wp-content\/uploads\/2025\/09\/viber_image_2025-09-15_10-01-25-200-768x1024.jpg 768w, https:\/\/www.liceulprometeuprotalent.md\/wp-content\/uploads\/2025\/09\/viber_image_2025-09-15_10-01-25-200-800x1067.jpg 800w, https:\/\/www.liceulprometeuprotalent.md\/wp-content\/uploads\/2025\/09\/viber_image_2025-09-15_10-01-25-200-1152x1536.jpg 1152w, https:\/\/www.liceulprometeuprotalent.md\/wp-content\/uploads\/2025\/09\/viber_image_2025-09-15_10-01-25-200.jpg 1200w\" sizes=\"(max-width: 1200px) 100vw, 1200px\" \/><\/p>\n","protected":false},"excerpt":{"rendered":"<p>Peste 20 de ghiozdane, pline cu rechizite \u0219colare, au colectat elevii Liceului de Creativitate \u0219i Inventic\u0103 \u201ePrometeu-Protalent\u201d pentru colegii lor, elevi din clasa I, din satele Zolotievca \u0219i Bulboaca din raionul Anenii Noi. Ghiozdanele sunt predestinate copiilor din familii vulnerabile. Este al doilea an consecutiv, c\u00e2nd elevii Liceului \u201ePrometeu-Protalent\u201d se implic\u0103 la implementarea proiectului de [&hellip;]<\/p>\n","protected":false},"author":1,"featured_media":8911,"comment_status":"open","ping_status":"open","sticky":false,"template":"","format":"standard","meta":{"_price":"","_stock":"","_tribe_ticket_header":"","_tribe_default_ticket_provider":"","_tribe_ticket_capacity":"0","_ticket_start_date":"","_ticket_end_date":"","_tribe_ticket_show_description":"","_tribe_ticket_show_not_going":false,"_tribe_ticket_use_global_stock":"","_tribe_ticket_global_stock_level":"","_global_stock_mode":"","_global_stock_cap":"","_tribe_rsvp_for_event":"","_tribe_ticket_going_count":"","_tribe_ticket_not_going_count":"","_tribe_tickets_list":"[]","_tribe_ticket_has_attendee_info_fields":false,"footnotes":""},"categories":[89,80,1],"tags":[],"class_list":["post-8909","post","type-post","status-publish","format-standard","has-post-thumbnail","hentry","category-blog","category-toate-categoriile","category-uncategorized"],"_links":{"self":[{"href":"https:\/\/www.liceulprometeuprotalent.md\/index.php?rest_route=\/wp\/v2\/posts\/8909","targetHints":{"allow":["GET"]}}],"collection":[{"href":"https:\/\/www.liceulprometeuprotalent.md\/index.php?rest_route=\/wp\/v2\/posts"}],"about":[{"href":"https:\/\/www.liceulprometeuprotalent.md\/index.php?rest_route=\/wp\/v2\/types\/post"}],"author":[{"embeddable":true,"href":"https:\/\/www.liceulprometeuprotalent.md\/index.php?rest_route=\/wp\/v2\/users\/1"}],"replies":[{"embeddable":true,"href":"https:\/\/www.liceulprometeuprotalent.md\/index.php?rest_route=%2Fwp%2Fv2%2Fcomments&post=8909"}],"version-history":[{"count":1,"href":"https:\/\/www.liceulprometeuprotalent.md\/index.php?rest_route=\/wp\/v2\/posts\/8909\/revisions"}],"predecessor-version":[{"id":8912,"href":"https:\/\/www.liceulprometeuprotalent.md\/index.php?rest_route=\/wp\/v2\/posts\/8909\/revisions\/8912"}],"wp:featuredmedia":[{"embeddable":true,"href":"https:\/\/www.liceulprometeuprotalent.md\/index.php?rest_route=\/wp\/v2\/media\/8911"}],"wp:attachment":[{"href":"https:\/\/www.liceulprometeuprotalent.md\/index.php?rest_route=%2Fwp%2Fv2%2Fmedia&parent=8909"}],"wp:term":[{"taxonomy":"category","embeddable":true,"href":"https:\/\/www.liceulprometeuprotalent.md\/index.php?rest_route=%2Fwp%2Fv2%2Fcategories&post=8909"},{"taxonomy":"post_tag","embeddable":true,"href":"https:\/\/www.liceulprometeuprotalent.md\/index.php?rest_route=%2Fwp%2Fv2%2Ftags&post=8909"}],"curies":[{"name":"wp","href":"https:\/\/api.w.org\/{rel}","templated":true}]}}