{"id":8924,"date":"2025-09-23T10:42:47","date_gmt":"2025-09-23T10:42:47","guid":{"rendered":"https:\/\/www.liceulprometeuprotalent.md\/?p=8924"},"modified":"2025-09-23T10:42:47","modified_gmt":"2025-09-23T10:42:47","slug":"eminescu-ne-uneste-o-sarbatoare-de-neuitat","status":"publish","type":"post","link":"https:\/\/www.liceulprometeuprotalent.md\/?p=8924","title":{"rendered":"Eminescu ne une\u0219te \u2013 o s\u0103rb\u0103toare de neuitat"},"content":{"rendered":"<p>S\u00e2mb\u0103t\u0103, 20 septembrie 2025, la Liceul de Creativitate \u0219i Inventic\u0103 \u201ePrometeu-Protalent\u201d a avut loc o s\u0103rb\u0103toare de neuitat \u2013 Festivitatea de premiere a elevilor din Republica Moldova, participan\u021bi la Concursul Interna\u021bional de Crea\u021bie Literar\u0103 \u201eUniversul Cuvintelor\u201d, edi\u021bia a X-a, adresat elevilor din clasele I-a \u2013 a VIII-a, cu tema \u201eAnul Eminescu\u201d.<\/p>\n<p>Festivitatea a debutat cu un palpitant fragment din spectacolul \u201eEminescu s\u0103 ne judece\u201d, realizat de elevii clasei a VII-a a Liceului-gazd\u0103, sub \u00eendrumarea inspirat\u0103 a doamnei Diana Decusear\u0103-Onic\u0103, Artist\u0103 a Poporului, \u0219efa Cercului de dic\u021bie \u0219i arta vorbirii, care a introdus publicul \u00een atmosfera magnific\u0103 a versului eminescian.<\/p>\n<p>Printre cei 358 de participan\u021bi la Concurs, au cucerit locuri de frunte \u0219i elevii Liceului \u201ePrometeu-Protalent\u201d, lucr\u0103rile c\u0103rora au impresionat prestigiosul juriu, format din scriitorii Emilian Marcu, Vasile Fluturel \u0219i \u0218tefania H\u0103nescu \u021augui, membri ai Uniunii Scriitorilor din Rom\u00e2nia.<\/p>\n<p>Numele \u00eenving\u0103torilor sunt:<\/p>\n<p>Premiul III, sec\u021biunea Poezie &#8211; Dumitri\u021ba Ududovici, clasa a VI-a, mentor doamna Angela Miron, profesoar\u0103 de limba \u0219i literatura rom\u00e2n\u0103, grad didactic superior;<\/p>\n<p>Premiul I, sec\u021biunea Proz\u0103 \u2013 Damiana Me\u0219in\u0103, clasa a VIII-a, mentor doamna Angela Lungu, profesoar\u0103 de limba \u0219i literatura rom\u00e2n\u0103, grad didactic superior;<\/p>\n<p>Premiul I, sec\u021biunea Proz\u0103 \u2013 Daria Munteanu, clasa a VIII-a, mentor doamna Angela Lungu, profesoar\u0103 de limba \u0219i literatura rom\u00e2n\u0103, grad didactic superior;<\/p>\n<p>Men\u021biune, sec\u021biunea Proz\u0103 \u2013 Lia Speranza, clasa a V-a, mentor doamna Natalia Ada\u0219an, profesoar\u0103 de limba \u0219i literatura rom\u00e2n\u0103, grad didactic I.<\/p>\n<p>Cu diplome speciale Hors-Concurs au fost apreciate lucr\u0103rile literare semnate de:<\/p>\n<p>Raluca-Cristiana Cazacu, mentor doamna Dina Danilov, profesoar\u0103 de limba \u0219i literatura rom\u00e2n\u0103, grad didactic I;<\/p>\n<p>Mirela Braga, clasa a XI-a, mentor doamna Tatiana Melnic, profesoar\u0103 de limba \u0219i literatura rom\u00e2n\u0103, grad didactic superior;<\/p>\n<p>Patricia Lupu, clasa a XI-a, mentor doamna Tatiana Melnic, profesoar\u0103 de limba \u0219i literatura rom\u00e2n\u0103, grad didactic superior;<\/p>\n<p>Bianca Onic\u0103, clasa a X-a, mentor doamna Tatiana Melnic, profesoar\u0103 de limba \u0219i literatura rom\u00e2n\u0103, grad didactic superior;<\/p>\n<p>Alexandra \u0218eptefra\u021bi, clasa a IX-a, mentor doamna Dina Danilov, profesoar\u0103 de limba \u0219i literatura rom\u00e2n\u0103, grad didactic I.<\/p>\n<p>\u00cen cadrul Festivit\u0103\u021bii a fost lansat\u0103 antologia Concursului \u201eEminescu \u2013 exerci\u021bii de neuitare\u201d, edi\u021bia a X-a (coordonatoare doamna Petronela Anghelu\u021b\u0103), din paginile c\u0103reia c\u00e2\u0219tig\u0103torii au citit \u00een voce fragmente din lucr\u0103rile lor literare.<\/p>\n<p>Men\u021bion\u0103m c\u0103 la Festivitatea de premiere au participat personalit\u0103\u021bi culturale marcante de pe ambele maluri ale Prutului: doamna Petronela ANGHELU\u021a\u0102 (director de proiect, coordonator antologie), domnul Vasile FLUTUREL (membru al juriului concursului), doamna Rodica RODEAN (pre\u0219edinte &#8211; fondator al Asocia\u021biei \u201eUniversul Prieteniei\u201d Ia\u0219i, jurnalist), doamna Elena FLUTUREL (scriitor, jurnalist) \u0219i doamna Ana BANTO\u0218, conf. univ. dr. habilitat \u00een filologie, critic literar, doamna Claudia PARTOLE, scriitoare, jurnalist\u0103, domnul Iano\u0219 \u021aURCANU, scriitor.<\/p>\n<p>Mul\u021bumim tuturor participan\u021bilor, inclusiv doamnelor profesoare de limba \u0219i literatura rom\u00e2n\u0103 de la Liceul nostru, care prin munc\u0103 asidu\u0103 \u0219i dedicare, \u00eei \u00eenscriu pe elevii no\u0219tri printre cele mai promi\u021b\u0103toare talente literare ale momentului.<\/p>\n<p>&nbsp;<\/p>\n<p>&nbsp;<\/p>\n<p><img decoding=\"async\" class=\"alignnone wp-image-8925 size-fusion-400\" src=\"https:\/\/www.liceulprometeuprotalent.md\/wp-content\/uploads\/2025\/09\/viber_image_2025-09-22_11-16-01-275-400x301.jpg\" alt=\"\" width=\"400\" height=\"301\" srcset=\"https:\/\/www.liceulprometeuprotalent.md\/wp-content\/uploads\/2025\/09\/viber_image_2025-09-22_11-16-01-275-200x151.jpg 200w, https:\/\/www.liceulprometeuprotalent.md\/wp-content\/uploads\/2025\/09\/viber_image_2025-09-22_11-16-01-275-300x226.jpg 300w, https:\/\/www.liceulprometeuprotalent.md\/wp-content\/uploads\/2025\/09\/viber_image_2025-09-22_11-16-01-275-400x301.jpg 400w, https:\/\/www.liceulprometeuprotalent.md\/wp-content\/uploads\/2025\/09\/viber_image_2025-09-22_11-16-01-275-600x452.jpg 600w, https:\/\/www.liceulprometeuprotalent.md\/wp-content\/uploads\/2025\/09\/viber_image_2025-09-22_11-16-01-275-768x578.jpg 768w, https:\/\/www.liceulprometeuprotalent.md\/wp-content\/uploads\/2025\/09\/viber_image_2025-09-22_11-16-01-275-800x603.jpg 800w, https:\/\/www.liceulprometeuprotalent.md\/wp-content\/uploads\/2025\/09\/viber_image_2025-09-22_11-16-01-275-1024x771.jpg 1024w, https:\/\/www.liceulprometeuprotalent.md\/wp-content\/uploads\/2025\/09\/viber_image_2025-09-22_11-16-01-275-1200x904.jpg 1200w, https:\/\/www.liceulprometeuprotalent.md\/wp-content\/uploads\/2025\/09\/viber_image_2025-09-22_11-16-01-275-1536x1157.jpg 1536w, https:\/\/www.liceulprometeuprotalent.md\/wp-content\/uploads\/2025\/09\/viber_image_2025-09-22_11-16-01-275.jpg 1600w\" sizes=\"(max-width: 400px) 100vw, 400px\" \/> <img decoding=\"async\" class=\"alignnone wp-image-8926 size-fusion-400\" src=\"https:\/\/www.liceulprometeuprotalent.md\/wp-content\/uploads\/2025\/09\/viber_image_2025-09-22_11-24-15-413-400x301.jpg\" alt=\"\" width=\"400\" height=\"301\" srcset=\"https:\/\/www.liceulprometeuprotalent.md\/wp-content\/uploads\/2025\/09\/viber_image_2025-09-22_11-24-15-413-200x151.jpg 200w, https:\/\/www.liceulprometeuprotalent.md\/wp-content\/uploads\/2025\/09\/viber_image_2025-09-22_11-24-15-413-300x226.jpg 300w, https:\/\/www.liceulprometeuprotalent.md\/wp-content\/uploads\/2025\/09\/viber_image_2025-09-22_11-24-15-413-400x301.jpg 400w, https:\/\/www.liceulprometeuprotalent.md\/wp-content\/uploads\/2025\/09\/viber_image_2025-09-22_11-24-15-413-600x452.jpg 600w, https:\/\/www.liceulprometeuprotalent.md\/wp-content\/uploads\/2025\/09\/viber_image_2025-09-22_11-24-15-413-768x578.jpg 768w, https:\/\/www.liceulprometeuprotalent.md\/wp-content\/uploads\/2025\/09\/viber_image_2025-09-22_11-24-15-413-800x603.jpg 800w, https:\/\/www.liceulprometeuprotalent.md\/wp-content\/uploads\/2025\/09\/viber_image_2025-09-22_11-24-15-413-1024x771.jpg 1024w, https:\/\/www.liceulprometeuprotalent.md\/wp-content\/uploads\/2025\/09\/viber_image_2025-09-22_11-24-15-413-1200x904.jpg 1200w, https:\/\/www.liceulprometeuprotalent.md\/wp-content\/uploads\/2025\/09\/viber_image_2025-09-22_11-24-15-413-1536x1157.jpg 1536w, https:\/\/www.liceulprometeuprotalent.md\/wp-content\/uploads\/2025\/09\/viber_image_2025-09-22_11-24-15-413.jpg 1600w\" sizes=\"(max-width: 400px) 100vw, 400px\" \/> <img decoding=\"async\" class=\"alignnone wp-image-8927 size-fusion-400\" src=\"https:\/\/www.liceulprometeuprotalent.md\/wp-content\/uploads\/2025\/09\/viber_image_2025-09-22_11-24-14-836-400x301.jpg\" alt=\"\" width=\"400\" height=\"301\" srcset=\"https:\/\/www.liceulprometeuprotalent.md\/wp-content\/uploads\/2025\/09\/viber_image_2025-09-22_11-24-14-836-200x151.jpg 200w, https:\/\/www.liceulprometeuprotalent.md\/wp-content\/uploads\/2025\/09\/viber_image_2025-09-22_11-24-14-836-300x226.jpg 300w, https:\/\/www.liceulprometeuprotalent.md\/wp-content\/uploads\/2025\/09\/viber_image_2025-09-22_11-24-14-836-400x301.jpg 400w, https:\/\/www.liceulprometeuprotalent.md\/wp-content\/uploads\/2025\/09\/viber_image_2025-09-22_11-24-14-836-600x452.jpg 600w, https:\/\/www.liceulprometeuprotalent.md\/wp-content\/uploads\/2025\/09\/viber_image_2025-09-22_11-24-14-836-768x578.jpg 768w, https:\/\/www.liceulprometeuprotalent.md\/wp-content\/uploads\/2025\/09\/viber_image_2025-09-22_11-24-14-836-800x603.jpg 800w, https:\/\/www.liceulprometeuprotalent.md\/wp-content\/uploads\/2025\/09\/viber_image_2025-09-22_11-24-14-836-1024x771.jpg 1024w, https:\/\/www.liceulprometeuprotalent.md\/wp-content\/uploads\/2025\/09\/viber_image_2025-09-22_11-24-14-836-1200x904.jpg 1200w, https:\/\/www.liceulprometeuprotalent.md\/wp-content\/uploads\/2025\/09\/viber_image_2025-09-22_11-24-14-836-1536x1157.jpg 1536w, https:\/\/www.liceulprometeuprotalent.md\/wp-content\/uploads\/2025\/09\/viber_image_2025-09-22_11-24-14-836.jpg 1600w\" sizes=\"(max-width: 400px) 100vw, 400px\" \/> <img decoding=\"async\" class=\"alignnone wp-image-8928 size-fusion-400\" src=\"https:\/\/www.liceulprometeuprotalent.md\/wp-content\/uploads\/2025\/09\/viber_image_2025-09-22_11-24-15-327-400x301.jpg\" alt=\"\" width=\"400\" height=\"301\" srcset=\"https:\/\/www.liceulprometeuprotalent.md\/wp-content\/uploads\/2025\/09\/viber_image_2025-09-22_11-24-15-327-200x151.jpg 200w, https:\/\/www.liceulprometeuprotalent.md\/wp-content\/uploads\/2025\/09\/viber_image_2025-09-22_11-24-15-327-300x226.jpg 300w, https:\/\/www.liceulprometeuprotalent.md\/wp-content\/uploads\/2025\/09\/viber_image_2025-09-22_11-24-15-327-400x301.jpg 400w, https:\/\/www.liceulprometeuprotalent.md\/wp-content\/uploads\/2025\/09\/viber_image_2025-09-22_11-24-15-327-600x452.jpg 600w, https:\/\/www.liceulprometeuprotalent.md\/wp-content\/uploads\/2025\/09\/viber_image_2025-09-22_11-24-15-327-768x578.jpg 768w, https:\/\/www.liceulprometeuprotalent.md\/wp-content\/uploads\/2025\/09\/viber_image_2025-09-22_11-24-15-327-800x603.jpg 800w, https:\/\/www.liceulprometeuprotalent.md\/wp-content\/uploads\/2025\/09\/viber_image_2025-09-22_11-24-15-327-1024x771.jpg 1024w, https:\/\/www.liceulprometeuprotalent.md\/wp-content\/uploads\/2025\/09\/viber_image_2025-09-22_11-24-15-327-1200x904.jpg 1200w, https:\/\/www.liceulprometeuprotalent.md\/wp-content\/uploads\/2025\/09\/viber_image_2025-09-22_11-24-15-327-1536x1157.jpg 1536w, https:\/\/www.liceulprometeuprotalent.md\/wp-content\/uploads\/2025\/09\/viber_image_2025-09-22_11-24-15-327.jpg 1600w\" sizes=\"(max-width: 400px) 100vw, 400px\" \/> <img decoding=\"async\" class=\"alignnone wp-image-8929 size-fusion-400\" src=\"https:\/\/www.liceulprometeuprotalent.md\/wp-content\/uploads\/2025\/09\/viber_image_2025-09-22_11-24-15-554-400x301.jpg\" alt=\"\" width=\"400\" height=\"301\" srcset=\"https:\/\/www.liceulprometeuprotalent.md\/wp-content\/uploads\/2025\/09\/viber_image_2025-09-22_11-24-15-554-200x151.jpg 200w, https:\/\/www.liceulprometeuprotalent.md\/wp-content\/uploads\/2025\/09\/viber_image_2025-09-22_11-24-15-554-300x226.jpg 300w, https:\/\/www.liceulprometeuprotalent.md\/wp-content\/uploads\/2025\/09\/viber_image_2025-09-22_11-24-15-554-400x301.jpg 400w, https:\/\/www.liceulprometeuprotalent.md\/wp-content\/uploads\/2025\/09\/viber_image_2025-09-22_11-24-15-554-600x452.jpg 600w, https:\/\/www.liceulprometeuprotalent.md\/wp-content\/uploads\/2025\/09\/viber_image_2025-09-22_11-24-15-554-768x578.jpg 768w, https:\/\/www.liceulprometeuprotalent.md\/wp-content\/uploads\/2025\/09\/viber_image_2025-09-22_11-24-15-554-800x603.jpg 800w, https:\/\/www.liceulprometeuprotalent.md\/wp-content\/uploads\/2025\/09\/viber_image_2025-09-22_11-24-15-554-1024x771.jpg 1024w, https:\/\/www.liceulprometeuprotalent.md\/wp-content\/uploads\/2025\/09\/viber_image_2025-09-22_11-24-15-554-1200x904.jpg 1200w, https:\/\/www.liceulprometeuprotalent.md\/wp-content\/uploads\/2025\/09\/viber_image_2025-09-22_11-24-15-554-1536x1157.jpg 1536w, https:\/\/www.liceulprometeuprotalent.md\/wp-content\/uploads\/2025\/09\/viber_image_2025-09-22_11-24-15-554.jpg 1600w\" sizes=\"(max-width: 400px) 100vw, 400px\" \/><\/p>\n","protected":false},"excerpt":{"rendered":"<p>S\u00e2mb\u0103t\u0103, 20 septembrie 2025, la Liceul de Creativitate \u0219i Inventic\u0103 \u201ePrometeu-Protalent\u201d a avut loc o s\u0103rb\u0103toare de neuitat \u2013 Festivitatea de premiere a elevilor din Republica Moldova, participan\u021bi la Concursul Interna\u021bional de Crea\u021bie Literar\u0103 \u201eUniversul Cuvintelor\u201d, edi\u021bia a X-a, adresat elevilor din clasele I-a \u2013 a VIII-a, cu tema \u201eAnul Eminescu\u201d. Festivitatea a debutat cu [&hellip;]<\/p>\n","protected":false},"author":1,"featured_media":8926,"comment_status":"open","ping_status":"open","sticky":false,"template":"","format":"standard","meta":{"_price":"","_stock":"","_tribe_ticket_header":"","_tribe_default_ticket_provider":"","_tribe_ticket_capacity":"0","_ticket_start_date":"","_ticket_end_date":"","_tribe_ticket_show_description":"","_tribe_ticket_show_not_going":false,"_tribe_ticket_use_global_stock":"","_tribe_ticket_global_stock_level":"","_global_stock_mode":"","_global_stock_cap":"","_tribe_rsvp_for_event":"","_tribe_ticket_going_count":"","_tribe_ticket_not_going_count":"","_tribe_tickets_list":"[]","_tribe_ticket_has_attendee_info_fields":false,"footnotes":""},"categories":[89,80,1],"tags":[],"class_list":["post-8924","post","type-post","status-publish","format-standard","has-post-thumbnail","hentry","category-blog","category-toate-categoriile","category-uncategorized"],"_links":{"self":[{"href":"https:\/\/www.liceulprometeuprotalent.md\/index.php?rest_route=\/wp\/v2\/posts\/8924","targetHints":{"allow":["GET"]}}],"collection":[{"href":"https:\/\/www.liceulprometeuprotalent.md\/index.php?rest_route=\/wp\/v2\/posts"}],"about":[{"href":"https:\/\/www.liceulprometeuprotalent.md\/index.php?rest_route=\/wp\/v2\/types\/post"}],"author":[{"embeddable":true,"href":"https:\/\/www.liceulprometeuprotalent.md\/index.php?rest_route=\/wp\/v2\/users\/1"}],"replies":[{"embeddable":true,"href":"https:\/\/www.liceulprometeuprotalent.md\/index.php?rest_route=%2Fwp%2Fv2%2Fcomments&post=8924"}],"version-history":[{"count":1,"href":"https:\/\/www.liceulprometeuprotalent.md\/index.php?rest_route=\/wp\/v2\/posts\/8924\/revisions"}],"predecessor-version":[{"id":8930,"href":"https:\/\/www.liceulprometeuprotalent.md\/index.php?rest_route=\/wp\/v2\/posts\/8924\/revisions\/8930"}],"wp:featuredmedia":[{"embeddable":true,"href":"https:\/\/www.liceulprometeuprotalent.md\/index.php?rest_route=\/wp\/v2\/media\/8926"}],"wp:attachment":[{"href":"https:\/\/www.liceulprometeuprotalent.md\/index.php?rest_route=%2Fwp%2Fv2%2Fmedia&parent=8924"}],"wp:term":[{"taxonomy":"category","embeddable":true,"href":"https:\/\/www.liceulprometeuprotalent.md\/index.php?rest_route=%2Fwp%2Fv2%2Fcategories&post=8924"},{"taxonomy":"post_tag","embeddable":true,"href":"https:\/\/www.liceulprometeuprotalent.md\/index.php?rest_route=%2Fwp%2Fv2%2Ftags&post=8924"}],"curies":[{"name":"wp","href":"https:\/\/api.w.org\/{rel}","templated":true}]}}