{"id":8931,"date":"2025-09-23T10:44:48","date_gmt":"2025-09-23T10:44:48","guid":{"rendered":"https:\/\/www.liceulprometeuprotalent.md\/?p=8931"},"modified":"2025-09-24T06:54:44","modified_gmt":"2025-09-24T06:54:44","slug":"dreptul-la-pace","status":"publish","type":"post","link":"https:\/\/www.liceulprometeuprotalent.md\/?p=8931","title":{"rendered":"Dreptul la pace"},"content":{"rendered":"<p>Elevii Liceului de Creativitate \u0219i Inventic\u0103 \u201ePrometeu-Protalent\u201d au desf\u0103\u0219urat vineri, 19 septembrie 2025, \u00een incinta institu\u021biei, un impresionant flashmob cu genericul \u201eDreptul la pace\u201d. Evenimentul a avut loc \u00een preajma Zilei Interna\u021bionale a P\u0103cii, s\u0103rb\u0103torit\u0103 \u00een lumea \u00eentreag\u0103 pe data de 21 septembrie.<\/p>\n<p>Poezia \u201eRug\u0103ciune\u201d, de Mihai Eminescu, rostit\u0103 \u00een cor de elevii clasei a V-a \u201eA\u201d (dirigint\u0103 doamna Eugenia Negru, profesoar\u0103 de istoria rom\u00e2nilor \u0219i universal\u0103, grad didactic superior) \u0219i piesa \u201eHulubul p\u0103cii\u201d, interpretat\u0103 de surorile Saviana \u0219i Andreea Cernei din clasa I\u00a0 \u201eB\u201d \u0219i, respectiv, din clasa a III-a \u201eC\u201d (conduc\u0103tor artistic \u2013 domnul Veaceslav Adam, profesor de educa\u021bie muzical\u0103, grad didactic I), au avut menirea s\u0103-i sensibilizeze pe to\u021bi cei prezen\u021bi &#8211; elevi \u0219i cadre didactice &#8211; fa\u021b\u0103 de tema P\u0103cii, necesar\u0103 \u0219i vital\u0103, mai cu seam\u0103 \u00een zilele noastre. Vocile inocente ale elevilor au r\u0103sunat ca o tulbur\u0103toare rug\u0103ciune, f\u0103c\u00e2ndu-ne s\u0103 con\u0219tientiz\u0103m o dat\u0103 \u00een plus ce \u00eenseamn\u0103 pacea \u0219i care este pre\u021bul ei.<\/p>\n<p>Acela\u0219i scop de sensibilizare \u0219i con\u0219tientizare a valorii supreme \u2013 pacea, l-a avut \u0219i expozi\u021bia cu acela\u0219i generic, imaginile c\u0103reia au subliniat diferen\u021bele \u00eentre via\u021ba fericit\u0103 a copiilor, tr\u0103it\u0103 \u00een pace, \u0219i via\u021ba copiilor, marcat\u0103 de r\u0103zboi \u00een \u021bara vecin\u0103 \u2013 Ucraina.<\/p>\n<p>Mul\u021bumim, dragi elevi, pentru acest moment emo\u021bionant. Dorin\u021ba voastr\u0103 de pace \u0219i cer senin este \u0219i dorin\u021ba tuturor oamenilor de bun\u0103-credin\u021b\u0103 de pe planet\u0103.<\/p>\n<p>Mul\u021bumim tuturor cadrelor didactice pentru cultivarea valorilor supreme \u00een sufletele copiilor. Exprim\u0103m deosebite aprecieri doamnei Angela Miron, director adjunct pentru educa\u021bie, coordonatoarea evenimentului.<\/p>\n<p>&nbsp;<\/p>\n<p><img decoding=\"async\" class=\"alignnone size-full wp-image-8933\" src=\"https:\/\/www.liceulprometeuprotalent.md\/wp-content\/uploads\/2025\/09\/viber_image_2025-09-23_20-24-14-359.jpg\" alt=\"\" width=\"1600\" height=\"1205\" srcset=\"https:\/\/www.liceulprometeuprotalent.md\/wp-content\/uploads\/2025\/09\/viber_image_2025-09-23_20-24-14-359-200x151.jpg 200w, https:\/\/www.liceulprometeuprotalent.md\/wp-content\/uploads\/2025\/09\/viber_image_2025-09-23_20-24-14-359-300x226.jpg 300w, https:\/\/www.liceulprometeuprotalent.md\/wp-content\/uploads\/2025\/09\/viber_image_2025-09-23_20-24-14-359-400x301.jpg 400w, https:\/\/www.liceulprometeuprotalent.md\/wp-content\/uploads\/2025\/09\/viber_image_2025-09-23_20-24-14-359-600x452.jpg 600w, https:\/\/www.liceulprometeuprotalent.md\/wp-content\/uploads\/2025\/09\/viber_image_2025-09-23_20-24-14-359-768x578.jpg 768w, https:\/\/www.liceulprometeuprotalent.md\/wp-content\/uploads\/2025\/09\/viber_image_2025-09-23_20-24-14-359-800x603.jpg 800w, https:\/\/www.liceulprometeuprotalent.md\/wp-content\/uploads\/2025\/09\/viber_image_2025-09-23_20-24-14-359-1024x771.jpg 1024w, https:\/\/www.liceulprometeuprotalent.md\/wp-content\/uploads\/2025\/09\/viber_image_2025-09-23_20-24-14-359-1200x904.jpg 1200w, https:\/\/www.liceulprometeuprotalent.md\/wp-content\/uploads\/2025\/09\/viber_image_2025-09-23_20-24-14-359-1536x1157.jpg 1536w, https:\/\/www.liceulprometeuprotalent.md\/wp-content\/uploads\/2025\/09\/viber_image_2025-09-23_20-24-14-359.jpg 1600w\" sizes=\"(max-width: 1600px) 100vw, 1600px\" \/> <img decoding=\"async\" class=\"alignnone size-full wp-image-8934\" src=\"https:\/\/www.liceulprometeuprotalent.md\/wp-content\/uploads\/2025\/09\/viber_image_2025-09-23_20-24-14-288.jpg\" alt=\"\" width=\"1600\" height=\"1205\" srcset=\"https:\/\/www.liceulprometeuprotalent.md\/wp-content\/uploads\/2025\/09\/viber_image_2025-09-23_20-24-14-288-200x151.jpg 200w, https:\/\/www.liceulprometeuprotalent.md\/wp-content\/uploads\/2025\/09\/viber_image_2025-09-23_20-24-14-288-300x226.jpg 300w, https:\/\/www.liceulprometeuprotalent.md\/wp-content\/uploads\/2025\/09\/viber_image_2025-09-23_20-24-14-288-400x301.jpg 400w, https:\/\/www.liceulprometeuprotalent.md\/wp-content\/uploads\/2025\/09\/viber_image_2025-09-23_20-24-14-288-600x452.jpg 600w, https:\/\/www.liceulprometeuprotalent.md\/wp-content\/uploads\/2025\/09\/viber_image_2025-09-23_20-24-14-288-768x578.jpg 768w, https:\/\/www.liceulprometeuprotalent.md\/wp-content\/uploads\/2025\/09\/viber_image_2025-09-23_20-24-14-288-800x603.jpg 800w, https:\/\/www.liceulprometeuprotalent.md\/wp-content\/uploads\/2025\/09\/viber_image_2025-09-23_20-24-14-288-1024x771.jpg 1024w, https:\/\/www.liceulprometeuprotalent.md\/wp-content\/uploads\/2025\/09\/viber_image_2025-09-23_20-24-14-288-1200x904.jpg 1200w, https:\/\/www.liceulprometeuprotalent.md\/wp-content\/uploads\/2025\/09\/viber_image_2025-09-23_20-24-14-288-1536x1157.jpg 1536w, https:\/\/www.liceulprometeuprotalent.md\/wp-content\/uploads\/2025\/09\/viber_image_2025-09-23_20-24-14-288.jpg 1600w\" sizes=\"(max-width: 1600px) 100vw, 1600px\" \/> <img decoding=\"async\" class=\"alignnone size-full wp-image-8935\" src=\"https:\/\/www.liceulprometeuprotalent.md\/wp-content\/uploads\/2025\/09\/viber_image_2025-09-23_20-24-14-429.jpg\" alt=\"\" width=\"1600\" height=\"1205\" srcset=\"https:\/\/www.liceulprometeuprotalent.md\/wp-content\/uploads\/2025\/09\/viber_image_2025-09-23_20-24-14-429-200x151.jpg 200w, https:\/\/www.liceulprometeuprotalent.md\/wp-content\/uploads\/2025\/09\/viber_image_2025-09-23_20-24-14-429-300x226.jpg 300w, https:\/\/www.liceulprometeuprotalent.md\/wp-content\/uploads\/2025\/09\/viber_image_2025-09-23_20-24-14-429-400x301.jpg 400w, https:\/\/www.liceulprometeuprotalent.md\/wp-content\/uploads\/2025\/09\/viber_image_2025-09-23_20-24-14-429-600x452.jpg 600w, https:\/\/www.liceulprometeuprotalent.md\/wp-content\/uploads\/2025\/09\/viber_image_2025-09-23_20-24-14-429-768x578.jpg 768w, https:\/\/www.liceulprometeuprotalent.md\/wp-content\/uploads\/2025\/09\/viber_image_2025-09-23_20-24-14-429-800x603.jpg 800w, https:\/\/www.liceulprometeuprotalent.md\/wp-content\/uploads\/2025\/09\/viber_image_2025-09-23_20-24-14-429-1024x771.jpg 1024w, https:\/\/www.liceulprometeuprotalent.md\/wp-content\/uploads\/2025\/09\/viber_image_2025-09-23_20-24-14-429-1200x904.jpg 1200w, https:\/\/www.liceulprometeuprotalent.md\/wp-content\/uploads\/2025\/09\/viber_image_2025-09-23_20-24-14-429-1536x1157.jpg 1536w, https:\/\/www.liceulprometeuprotalent.md\/wp-content\/uploads\/2025\/09\/viber_image_2025-09-23_20-24-14-429.jpg 1600w\" sizes=\"(max-width: 1600px) 100vw, 1600px\" \/><\/p>\n<p>&nbsp;<\/p>\n","protected":false},"excerpt":{"rendered":"<p>Elevii Liceului de Creativitate \u0219i Inventic\u0103 \u201ePrometeu-Protalent\u201d au desf\u0103\u0219urat vineri, 19 septembrie 2025, \u00een incinta institu\u021biei, un impresionant flashmob cu genericul \u201eDreptul la pace\u201d. Evenimentul a avut loc \u00een preajma Zilei Interna\u021bionale a P\u0103cii, s\u0103rb\u0103torit\u0103 \u00een lumea \u00eentreag\u0103 pe data de 21 septembrie. Poezia \u201eRug\u0103ciune\u201d, de Mihai Eminescu, rostit\u0103 \u00een cor de elevii clasei a [&hellip;]<\/p>\n","protected":false},"author":1,"featured_media":8935,"comment_status":"open","ping_status":"open","sticky":false,"template":"","format":"standard","meta":{"_price":"","_stock":"","_tribe_ticket_header":"","_tribe_default_ticket_provider":"","_tribe_ticket_capacity":"0","_ticket_start_date":"","_ticket_end_date":"","_tribe_ticket_show_description":"","_tribe_ticket_show_not_going":false,"_tribe_ticket_use_global_stock":"","_tribe_ticket_global_stock_level":"","_global_stock_mode":"","_global_stock_cap":"","_tribe_rsvp_for_event":"","_tribe_ticket_going_count":"","_tribe_ticket_not_going_count":"","_tribe_tickets_list":"[]","_tribe_ticket_has_attendee_info_fields":false,"footnotes":""},"categories":[89,80,1],"tags":[],"class_list":["post-8931","post","type-post","status-publish","format-standard","has-post-thumbnail","hentry","category-blog","category-toate-categoriile","category-uncategorized"],"_links":{"self":[{"href":"https:\/\/www.liceulprometeuprotalent.md\/index.php?rest_route=\/wp\/v2\/posts\/8931","targetHints":{"allow":["GET"]}}],"collection":[{"href":"https:\/\/www.liceulprometeuprotalent.md\/index.php?rest_route=\/wp\/v2\/posts"}],"about":[{"href":"https:\/\/www.liceulprometeuprotalent.md\/index.php?rest_route=\/wp\/v2\/types\/post"}],"author":[{"embeddable":true,"href":"https:\/\/www.liceulprometeuprotalent.md\/index.php?rest_route=\/wp\/v2\/users\/1"}],"replies":[{"embeddable":true,"href":"https:\/\/www.liceulprometeuprotalent.md\/index.php?rest_route=%2Fwp%2Fv2%2Fcomments&post=8931"}],"version-history":[{"count":2,"href":"https:\/\/www.liceulprometeuprotalent.md\/index.php?rest_route=\/wp\/v2\/posts\/8931\/revisions"}],"predecessor-version":[{"id":8936,"href":"https:\/\/www.liceulprometeuprotalent.md\/index.php?rest_route=\/wp\/v2\/posts\/8931\/revisions\/8936"}],"wp:featuredmedia":[{"embeddable":true,"href":"https:\/\/www.liceulprometeuprotalent.md\/index.php?rest_route=\/wp\/v2\/media\/8935"}],"wp:attachment":[{"href":"https:\/\/www.liceulprometeuprotalent.md\/index.php?rest_route=%2Fwp%2Fv2%2Fmedia&parent=8931"}],"wp:term":[{"taxonomy":"category","embeddable":true,"href":"https:\/\/www.liceulprometeuprotalent.md\/index.php?rest_route=%2Fwp%2Fv2%2Fcategories&post=8931"},{"taxonomy":"post_tag","embeddable":true,"href":"https:\/\/www.liceulprometeuprotalent.md\/index.php?rest_route=%2Fwp%2Fv2%2Ftags&post=8931"}],"curies":[{"name":"wp","href":"https:\/\/api.w.org\/{rel}","templated":true}]}}