{"id":8938,"date":"2025-10-01T06:31:41","date_gmt":"2025-10-01T06:31:41","guid":{"rendered":"https:\/\/www.liceulprometeuprotalent.md\/?p=8938"},"modified":"2025-10-01T06:31:41","modified_gmt":"2025-10-01T06:31:41","slug":"la-multi-ani-binecuvantati-stimate-domnule-director-aurelian-silvestru","status":"publish","type":"post","link":"https:\/\/www.liceulprometeuprotalent.md\/?p=8938","title":{"rendered":"La mul\u021bi ani binecuv\u00e2nta\u021bi, stimate Domnule Director Aurelian SILVESTRU!"},"content":{"rendered":"<p>La mul\u021bi ani binecuv\u00e2nta\u021bi, stimate Domnule Director Aurelian SILVESTRU!<\/p>\n<p>De ziua Dumneavoastr\u0103 de na\u0219tere, noi, colectivul didactic al Liceului de Creativitate \u0219i Inventic\u0103 \u201ePrometeu-Protalent\u201d, tr\u0103im emo\u021bii speciale.<\/p>\n<p>\u00cen aceast\u0103 zi, con\u0219tientiz\u0103m o dat\u0103 \u00een plus ce \u00eenseamn\u0103 voca\u021bia, dedicarea \u0219i profesionalismul de care da\u021bi mereu dovad\u0103 \u0219i care ne inspir\u0103, pe noi, dasc\u0103lii, s\u0103 transform\u0103m visurile a numeroase genera\u021bii de copii \u00een realitate, s\u0103-i cre\u0219tem oameni buni \u0219i integri, ap\u021bi de performan\u021be excep\u021bionale. Toate aceste realiz\u0103ri au fost \u0219i sunt posibile gra\u021bie calit\u0103\u021bilor f\u0103r\u0103 de egal ale Dumneavoastr\u0103: de vizionar, de reformator, de manager, de psiholog, de scriitor \u00eenzestrat, care \u0219i-au pus amprenta benefic\u0103 pe \u00eentreg procesul educa\u021bional \u00een liceul nostru.<\/p>\n<p>Fie ca aceste remarcabile calit\u0103\u021bi s\u0103 V\u0103 aduc\u0103 \u00eemplinirea \u00een toate, iar noi, cadrele didactice, V\u0103 asigur\u0103m de aleas\u0103 pre\u021buire \u0219i profund respect pentru Omul, care demonstreaz\u0103 \u00een fiece zi c\u0103 \u201etalentul n-are zile de odihn\u0103\u201d!<\/p>\n<p>&nbsp;<\/p>\n<p>V\u0103 dorim via\u021b\u0103 lung\u0103, cu zile senine \u0219i fericite, cu pace \u0219i nesf\u00e2r\u0219ite bucurii!<\/p>\n<p>&nbsp;<\/p>\n","protected":false},"excerpt":{"rendered":"<p>La mul\u021bi ani binecuv\u00e2nta\u021bi, stimate Domnule Director Aurelian SILVESTRU! De ziua Dumneavoastr\u0103 de na\u0219tere, noi, colectivul didactic al Liceului de Creativitate \u0219i Inventic\u0103 \u201ePrometeu-Protalent\u201d, tr\u0103im emo\u021bii speciale. \u00cen aceast\u0103 zi, con\u0219tientiz\u0103m o dat\u0103 \u00een plus ce \u00eenseamn\u0103 voca\u021bia, dedicarea \u0219i profesionalismul de care da\u021bi mereu dovad\u0103 \u0219i care ne inspir\u0103, pe noi, dasc\u0103lii, s\u0103 transform\u0103m [&hellip;]<\/p>\n","protected":false},"author":1,"featured_media":0,"comment_status":"open","ping_status":"open","sticky":false,"template":"","format":"standard","meta":{"_price":"","_stock":"","_tribe_ticket_header":"","_tribe_default_ticket_provider":"","_tribe_ticket_capacity":"0","_ticket_start_date":"","_ticket_end_date":"","_tribe_ticket_show_description":"","_tribe_ticket_show_not_going":false,"_tribe_ticket_use_global_stock":"","_tribe_ticket_global_stock_level":"","_global_stock_mode":"","_global_stock_cap":"","_tribe_rsvp_for_event":"","_tribe_ticket_going_count":"","_tribe_ticket_not_going_count":"","_tribe_tickets_list":"[]","_tribe_ticket_has_attendee_info_fields":false,"footnotes":""},"categories":[89,80,1],"tags":[],"class_list":["post-8938","post","type-post","status-publish","format-standard","hentry","category-blog","category-toate-categoriile","category-uncategorized"],"_links":{"self":[{"href":"https:\/\/www.liceulprometeuprotalent.md\/index.php?rest_route=\/wp\/v2\/posts\/8938","targetHints":{"allow":["GET"]}}],"collection":[{"href":"https:\/\/www.liceulprometeuprotalent.md\/index.php?rest_route=\/wp\/v2\/posts"}],"about":[{"href":"https:\/\/www.liceulprometeuprotalent.md\/index.php?rest_route=\/wp\/v2\/types\/post"}],"author":[{"embeddable":true,"href":"https:\/\/www.liceulprometeuprotalent.md\/index.php?rest_route=\/wp\/v2\/users\/1"}],"replies":[{"embeddable":true,"href":"https:\/\/www.liceulprometeuprotalent.md\/index.php?rest_route=%2Fwp%2Fv2%2Fcomments&post=8938"}],"version-history":[{"count":2,"href":"https:\/\/www.liceulprometeuprotalent.md\/index.php?rest_route=\/wp\/v2\/posts\/8938\/revisions"}],"predecessor-version":[{"id":8946,"href":"https:\/\/www.liceulprometeuprotalent.md\/index.php?rest_route=\/wp\/v2\/posts\/8938\/revisions\/8946"}],"wp:attachment":[{"href":"https:\/\/www.liceulprometeuprotalent.md\/index.php?rest_route=%2Fwp%2Fv2%2Fmedia&parent=8938"}],"wp:term":[{"taxonomy":"category","embeddable":true,"href":"https:\/\/www.liceulprometeuprotalent.md\/index.php?rest_route=%2Fwp%2Fv2%2Fcategories&post=8938"},{"taxonomy":"post_tag","embeddable":true,"href":"https:\/\/www.liceulprometeuprotalent.md\/index.php?rest_route=%2Fwp%2Fv2%2Ftags&post=8938"}],"curies":[{"name":"wp","href":"https:\/\/api.w.org\/{rel}","templated":true}]}}