{"id":8940,"date":"2025-10-01T06:37:20","date_gmt":"2025-10-01T06:37:20","guid":{"rendered":"https:\/\/www.liceulprometeuprotalent.md\/?p=8940"},"modified":"2025-10-01T08:13:45","modified_gmt":"2025-10-01T08:13:45","slug":"dialog-cultural-in-cadrul-filit-2025-chisinau","status":"publish","type":"post","link":"https:\/\/www.liceulprometeuprotalent.md\/?p=8940","title":{"rendered":"Dialog cultural \u00een cadrul FILIT 2025, Chi\u0219in\u0103u"},"content":{"rendered":"<p>Pe data de 26 septembrie 2025, elevii din clasele a VIII-a \u2013 a XII-a ale Liceului de Creativitate \u0219i Inventic\u0103 \u201ePrometeu-Protalent\u201d au sus\u021binut un captivant dialog cultural cu scriitorii Iulian Ciocan, Alexandru Bordian (Republica Moldova) \u0219i Marian Coman (Rom\u00e2nia), \u00een cadrul Festivalului Interna\u021bional de Literatur\u0103 \u0219i Traducere (Ia\u0219i, Rom\u00e2nia), care a avut loc la Chi\u0219in\u0103u, \u00een perioada 25-28 septembrie 2025.<\/p>\n<p>Dialogul s-a axat pe crea\u021bia literar\u0103 a invita\u021bilor, inclusiv pe rela\u021bia scriitor-cititor, pe actul de crea\u021bie ca atare \u0219i pe rolul literaturii \u0219i a scriitorului \u00een societatea contemporan\u0103. Cei mai activi dintre elevi &#8211; R\u0103zvan Medvi\u021bchi, Camelia Munteanu, Smaranda Munteanu, Ilinca Munteanu, Delia Popovici, Beatrice Solomi\u021bchi, Nicolae Chi\u0219ca, Traian Cornescu, Codrina-Evelina Codreanu, Nicoleta Cebotari, Daniela \u00a0Ungureanu, Vitalia Butucel, Laura Boclinc\u0103, Rapcea Alexandrina, Munteanu Daria, Raluca-Cristiana Cazacu \u2013 au adresat \u00eentreb\u0103ri incitante, care au transformat \u00eent\u00e2lnirea \u00eentr-o discu\u021bie inteligent\u0103 despre provoc\u0103rile lumii \u00een care tr\u0103im.<\/p>\n<p>Bravo, dragi liceeni! Implicarea voastr\u0103 \u00eentr-un astfel de dialog intelectual, ne demonstreaz\u0103 c\u00e2t de mare este impactul literaturii \u00een via\u021ba noastr\u0103.<\/p>\n<p>Mul\u021bumiri \u0219i aprecieri exprim\u0103m doamnelor profesoare de limba \u0219i literatura rom\u00e2n\u0103 de la Comisia metodic\u0103 \u0218tiin\u021be Socioumanistice, condus\u0103 de distinsa doamna profesoar\u0103 Tatiana Melnic, care au coordonat acest minunat eveniment.<\/p>\n<p>&nbsp;<\/p>\n<p>Nota bene: Edi\u021bia din acest an a FILIT Chi\u0219in\u0103u, cu genericul CHILL Edition, a reunit \u00een Republica Moldova zeci de nume sonore ale literaturii contemporane din Fran\u021ba, Polonia, Germania, Ucraina, Austria, Danemarca, Norvegia, Armenia, Georgia, Slovacia, Rom\u00e2nia; prozatori, poe\u021bi, manageri culturali, jurnali\u0219ti, al\u0103turi de arti\u0219ti \u0219i performeri. Evenimentele din cadrul Festivalului s-au desf\u0103\u0219urat \u00een diverse loca\u021bii din Chi\u0219in\u0103u, unul dintre ele fiind \u0219i Liceul \u201ePrometeu-Protalent\u201d.<\/p>\n<p><img decoding=\"async\" class=\"aligncenter wp-image-8941 size-fusion-800\" src=\"https:\/\/www.liceulprometeuprotalent.md\/wp-content\/uploads\/2025\/10\/viber_image_2025-09-30_12-50-40-565-800x603.jpg\" alt=\"\" width=\"800\" height=\"603\" srcset=\"https:\/\/www.liceulprometeuprotalent.md\/wp-content\/uploads\/2025\/10\/viber_image_2025-09-30_12-50-40-565-200x151.jpg 200w, https:\/\/www.liceulprometeuprotalent.md\/wp-content\/uploads\/2025\/10\/viber_image_2025-09-30_12-50-40-565-300x226.jpg 300w, https:\/\/www.liceulprometeuprotalent.md\/wp-content\/uploads\/2025\/10\/viber_image_2025-09-30_12-50-40-565-400x301.jpg 400w, https:\/\/www.liceulprometeuprotalent.md\/wp-content\/uploads\/2025\/10\/viber_image_2025-09-30_12-50-40-565-600x452.jpg 600w, https:\/\/www.liceulprometeuprotalent.md\/wp-content\/uploads\/2025\/10\/viber_image_2025-09-30_12-50-40-565-768x578.jpg 768w, https:\/\/www.liceulprometeuprotalent.md\/wp-content\/uploads\/2025\/10\/viber_image_2025-09-30_12-50-40-565-800x603.jpg 800w, https:\/\/www.liceulprometeuprotalent.md\/wp-content\/uploads\/2025\/10\/viber_image_2025-09-30_12-50-40-565-1024x771.jpg 1024w, https:\/\/www.liceulprometeuprotalent.md\/wp-content\/uploads\/2025\/10\/viber_image_2025-09-30_12-50-40-565-1200x904.jpg 1200w, https:\/\/www.liceulprometeuprotalent.md\/wp-content\/uploads\/2025\/10\/viber_image_2025-09-30_12-50-40-565-1536x1157.jpg 1536w, https:\/\/www.liceulprometeuprotalent.md\/wp-content\/uploads\/2025\/10\/viber_image_2025-09-30_12-50-40-565.jpg 1600w\" sizes=\"(max-width: 800px) 100vw, 800px\" \/><\/p>\n","protected":false},"excerpt":{"rendered":"<p>Pe data de 26 septembrie 2025, elevii din clasele a VIII-a \u2013 a XII-a ale Liceului de Creativitate \u0219i Inventic\u0103 \u201ePrometeu-Protalent\u201d au sus\u021binut un captivant dialog cultural cu scriitorii Iulian Ciocan, Alexandru Bordian (Republica Moldova) \u0219i Marian Coman (Rom\u00e2nia), \u00een cadrul Festivalului Interna\u021bional de Literatur\u0103 \u0219i Traducere (Ia\u0219i, Rom\u00e2nia), care a avut loc la Chi\u0219in\u0103u, [&hellip;]<\/p>\n","protected":false},"author":1,"featured_media":8941,"comment_status":"open","ping_status":"open","sticky":false,"template":"","format":"standard","meta":{"_price":"","_stock":"","_tribe_ticket_header":"","_tribe_default_ticket_provider":"","_tribe_ticket_capacity":"0","_ticket_start_date":"","_ticket_end_date":"","_tribe_ticket_show_description":"","_tribe_ticket_show_not_going":false,"_tribe_ticket_use_global_stock":"","_tribe_ticket_global_stock_level":"","_global_stock_mode":"","_global_stock_cap":"","_tribe_rsvp_for_event":"","_tribe_ticket_going_count":"","_tribe_ticket_not_going_count":"","_tribe_tickets_list":"[]","_tribe_ticket_has_attendee_info_fields":false,"footnotes":""},"categories":[89,80,1],"tags":[],"class_list":["post-8940","post","type-post","status-publish","format-standard","has-post-thumbnail","hentry","category-blog","category-toate-categoriile","category-uncategorized"],"_links":{"self":[{"href":"https:\/\/www.liceulprometeuprotalent.md\/index.php?rest_route=\/wp\/v2\/posts\/8940","targetHints":{"allow":["GET"]}}],"collection":[{"href":"https:\/\/www.liceulprometeuprotalent.md\/index.php?rest_route=\/wp\/v2\/posts"}],"about":[{"href":"https:\/\/www.liceulprometeuprotalent.md\/index.php?rest_route=\/wp\/v2\/types\/post"}],"author":[{"embeddable":true,"href":"https:\/\/www.liceulprometeuprotalent.md\/index.php?rest_route=\/wp\/v2\/users\/1"}],"replies":[{"embeddable":true,"href":"https:\/\/www.liceulprometeuprotalent.md\/index.php?rest_route=%2Fwp%2Fv2%2Fcomments&post=8940"}],"version-history":[{"count":2,"href":"https:\/\/www.liceulprometeuprotalent.md\/index.php?rest_route=\/wp\/v2\/posts\/8940\/revisions"}],"predecessor-version":[{"id":8952,"href":"https:\/\/www.liceulprometeuprotalent.md\/index.php?rest_route=\/wp\/v2\/posts\/8940\/revisions\/8952"}],"wp:featuredmedia":[{"embeddable":true,"href":"https:\/\/www.liceulprometeuprotalent.md\/index.php?rest_route=\/wp\/v2\/media\/8941"}],"wp:attachment":[{"href":"https:\/\/www.liceulprometeuprotalent.md\/index.php?rest_route=%2Fwp%2Fv2%2Fmedia&parent=8940"}],"wp:term":[{"taxonomy":"category","embeddable":true,"href":"https:\/\/www.liceulprometeuprotalent.md\/index.php?rest_route=%2Fwp%2Fv2%2Fcategories&post=8940"},{"taxonomy":"post_tag","embeddable":true,"href":"https:\/\/www.liceulprometeuprotalent.md\/index.php?rest_route=%2Fwp%2Fv2%2Ftags&post=8940"}],"curies":[{"name":"wp","href":"https:\/\/api.w.org\/{rel}","templated":true}]}}