{"id":8943,"date":"2025-10-01T06:39:35","date_gmt":"2025-10-01T06:39:35","guid":{"rendered":"https:\/\/www.liceulprometeuprotalent.md\/?p=8943"},"modified":"2025-10-01T06:39:35","modified_gmt":"2025-10-01T06:39:35","slug":"diploma-de-apreciere-pentru-andreea-carlasuc","status":"publish","type":"post","link":"https:\/\/www.liceulprometeuprotalent.md\/?p=8943","title":{"rendered":"Diplom\u0103 de apreciere pentru Andreea Carla\u0219uc"},"content":{"rendered":"<p>Andreea Carla\u0219uc, eleva clasei a VIII-a a Liceului de Creativitate \u0219i Inventic\u0103 \u201ePrometeu-Protalent\u201d a fost distins\u0103 cu Diplom\u0103 de gradul II la Festivalul-Concurs Interna\u021bional al c\u00e2ntecului \u00een diferite limbi, cu genericul \u201eUnitate prin diversitate\u201d \u2013 2025, edi\u021bia a XXVI-a.<\/p>\n<p>Pentru participarea cu succes la acest Festival-Concurs, Andreea a fost \u00eendrumat\u0103 \u0219i \u00eencurajat\u0103 de distinsa doamn\u0103 Silvia Voroniuc, profesoar\u0103 de limba francez\u0103, grad didactic superior, formator na\u021bional, autor de Curricula la limba str\u0103in\u0103, Cavaler al Ordinului \u201ePalmes Acad\u00e9miques\u201d (Fran\u021ba).<\/p>\n<p>Festivalul-Concurs a fost dedicat Zilei Europene a Limbilor \u0219i a avut loc pe data de 26 septembrie 2025. Obiectivul principal al Festivalului-Concurs \u201eUnitate prin diversitate\u201d a fost promovarea \u0219i celebrarea diversit\u0103\u021bii lingvistice, motivarea elevilor pentru studierea limbilor str\u0103ine, descoperirea culturii \u021b\u0103rilor europene. La edi\u021bia din acest an au participat 150 de tineri \u0219i profesori, care au interpretat 98 de piese muzicale \u00een diverse limbi.<\/p>\n<p>Felicit\u0103ri, drag\u0103 Andreea! Ne bucur\u0103m mult pentru realizarea ta. \u00ce\u021bi dorim succese \u00een continuare!<\/p>\n<p>Calde mul\u021bumiri \u0219i aprecieri cordiale exprim\u0103m doamnei Silvia Voroniuc, excelent\u0103 profesoar\u0103 de limba francez\u0103.<\/p>\n<p><img decoding=\"async\" class=\"alignnone size-full wp-image-8944\" src=\"https:\/\/www.liceulprometeuprotalent.md\/wp-content\/uploads\/2025\/10\/viber_image_2025-09-29_12-02-18-072.jpg\" alt=\"\" width=\"1600\" height=\"1132\" srcset=\"https:\/\/www.liceulprometeuprotalent.md\/wp-content\/uploads\/2025\/10\/viber_image_2025-09-29_12-02-18-072-200x142.jpg 200w, https:\/\/www.liceulprometeuprotalent.md\/wp-content\/uploads\/2025\/10\/viber_image_2025-09-29_12-02-18-072-300x212.jpg 300w, https:\/\/www.liceulprometeuprotalent.md\/wp-content\/uploads\/2025\/10\/viber_image_2025-09-29_12-02-18-072-400x283.jpg 400w, https:\/\/www.liceulprometeuprotalent.md\/wp-content\/uploads\/2025\/10\/viber_image_2025-09-29_12-02-18-072-600x425.jpg 600w, https:\/\/www.liceulprometeuprotalent.md\/wp-content\/uploads\/2025\/10\/viber_image_2025-09-29_12-02-18-072-768x543.jpg 768w, https:\/\/www.liceulprometeuprotalent.md\/wp-content\/uploads\/2025\/10\/viber_image_2025-09-29_12-02-18-072-800x566.jpg 800w, https:\/\/www.liceulprometeuprotalent.md\/wp-content\/uploads\/2025\/10\/viber_image_2025-09-29_12-02-18-072-1024x724.jpg 1024w, https:\/\/www.liceulprometeuprotalent.md\/wp-content\/uploads\/2025\/10\/viber_image_2025-09-29_12-02-18-072-1200x849.jpg 1200w, https:\/\/www.liceulprometeuprotalent.md\/wp-content\/uploads\/2025\/10\/viber_image_2025-09-29_12-02-18-072-1536x1087.jpg 1536w, https:\/\/www.liceulprometeuprotalent.md\/wp-content\/uploads\/2025\/10\/viber_image_2025-09-29_12-02-18-072.jpg 1600w\" sizes=\"(max-width: 1600px) 100vw, 1600px\" \/><\/p>\n","protected":false},"excerpt":{"rendered":"<p>Andreea Carla\u0219uc, eleva clasei a VIII-a a Liceului de Creativitate \u0219i Inventic\u0103 \u201ePrometeu-Protalent\u201d a fost distins\u0103 cu Diplom\u0103 de gradul II la Festivalul-Concurs Interna\u021bional al c\u00e2ntecului \u00een diferite limbi, cu genericul \u201eUnitate prin diversitate\u201d \u2013 2025, edi\u021bia a XXVI-a. Pentru participarea cu succes la acest Festival-Concurs, Andreea a fost \u00eendrumat\u0103 \u0219i \u00eencurajat\u0103 de distinsa doamn\u0103 [&hellip;]<\/p>\n","protected":false},"author":1,"featured_media":8944,"comment_status":"open","ping_status":"open","sticky":false,"template":"","format":"standard","meta":{"_price":"","_stock":"","_tribe_ticket_header":"","_tribe_default_ticket_provider":"","_tribe_ticket_capacity":"0","_ticket_start_date":"","_ticket_end_date":"","_tribe_ticket_show_description":"","_tribe_ticket_show_not_going":false,"_tribe_ticket_use_global_stock":"","_tribe_ticket_global_stock_level":"","_global_stock_mode":"","_global_stock_cap":"","_tribe_rsvp_for_event":"","_tribe_ticket_going_count":"","_tribe_ticket_not_going_count":"","_tribe_tickets_list":"[]","_tribe_ticket_has_attendee_info_fields":false,"footnotes":""},"categories":[89,80,1],"tags":[],"class_list":["post-8943","post","type-post","status-publish","format-standard","has-post-thumbnail","hentry","category-blog","category-toate-categoriile","category-uncategorized"],"_links":{"self":[{"href":"https:\/\/www.liceulprometeuprotalent.md\/index.php?rest_route=\/wp\/v2\/posts\/8943","targetHints":{"allow":["GET"]}}],"collection":[{"href":"https:\/\/www.liceulprometeuprotalent.md\/index.php?rest_route=\/wp\/v2\/posts"}],"about":[{"href":"https:\/\/www.liceulprometeuprotalent.md\/index.php?rest_route=\/wp\/v2\/types\/post"}],"author":[{"embeddable":true,"href":"https:\/\/www.liceulprometeuprotalent.md\/index.php?rest_route=\/wp\/v2\/users\/1"}],"replies":[{"embeddable":true,"href":"https:\/\/www.liceulprometeuprotalent.md\/index.php?rest_route=%2Fwp%2Fv2%2Fcomments&post=8943"}],"version-history":[{"count":1,"href":"https:\/\/www.liceulprometeuprotalent.md\/index.php?rest_route=\/wp\/v2\/posts\/8943\/revisions"}],"predecessor-version":[{"id":8945,"href":"https:\/\/www.liceulprometeuprotalent.md\/index.php?rest_route=\/wp\/v2\/posts\/8943\/revisions\/8945"}],"wp:featuredmedia":[{"embeddable":true,"href":"https:\/\/www.liceulprometeuprotalent.md\/index.php?rest_route=\/wp\/v2\/media\/8944"}],"wp:attachment":[{"href":"https:\/\/www.liceulprometeuprotalent.md\/index.php?rest_route=%2Fwp%2Fv2%2Fmedia&parent=8943"}],"wp:term":[{"taxonomy":"category","embeddable":true,"href":"https:\/\/www.liceulprometeuprotalent.md\/index.php?rest_route=%2Fwp%2Fv2%2Fcategories&post=8943"},{"taxonomy":"post_tag","embeddable":true,"href":"https:\/\/www.liceulprometeuprotalent.md\/index.php?rest_route=%2Fwp%2Fv2%2Ftags&post=8943"}],"curies":[{"name":"wp","href":"https:\/\/api.w.org\/{rel}","templated":true}]}}