{"id":8953,"date":"2025-10-03T10:32:34","date_gmt":"2025-10-03T10:32:34","guid":{"rendered":"https:\/\/www.liceulprometeuprotalent.md\/?p=8953"},"modified":"2025-10-03T10:46:22","modified_gmt":"2025-10-03T10:46:22","slug":"dragi-profesori","status":"publish","type":"post","link":"https:\/\/www.liceulprometeuprotalent.md\/?p=8953","title":{"rendered":"Dragi profesori"},"content":{"rendered":"<p class=\"s4\">\u200b<span class=\"s3\"><span class=\"bumpedFont15\">Cu ocazia Zilei Interna\u021bionale a Profesorului, V\u0103 adres\u0103m cele mai sincere felicit\u0103ri \u0219i ur\u0103ri de bine. V\u0103 exprim\u0103m profunda gratitudine pentru talentul \u0219i r\u0103bdarea nem\u0103rginit\u0103, devotamentul \u0219i sacrificiul pe care le manifesta\u021bi zi de zi. \u021ainuta moral\u0103 \u0219i intelectual\u0103, tactul pedagogic \u2012 toate acestea v\u0103 definesc cu adev\u0103rat. Sunte\u021bi cei care aduce\u021bi lumin\u0103 \u00een con\u0219tiin\u021ba \u0219i sufletele discipolilor Dumneavoastr\u0103. <\/span><\/span><\/p>\n<p class=\"s4\">\u200b<span class=\"s3\"><span class=\"bumpedFont15\">V\u0103 dorim mult\u0103 s\u0103n\u0103tate, ani darnici, putere de a continua munca pe care o face\u021bi cu at\u00e2ta har \u0219i d\u0103ruire.<\/span><\/span><\/p>\n<p class=\"s4\">\u200b<span class=\"s3\"><span class=\"bumpedFont15\">Succese, bun\u0103stare \u0219i nu, \u00een ultimul r\u00e2nd, elevi motiva\u021bi, curio\u0219i \u0219i recunosc\u0103tori.<\/span><\/span><\/p>\n<p class=\"s6\">\u200b\u200b\u200b<span class=\"s3\"><span class=\"bumpedFont15\">Cu pre\u021buire,<br \/>\n<\/span><\/span>\u200b\u200b<span class=\"s3\"><span class=\"bumpedFont15\"> \u00a0 elevii claselor a XII-a<br \/>\n<\/span><\/span>\u00a0 \u00a0Promo\u021bia 2026<\/p>\n","protected":false},"excerpt":{"rendered":"<p>\u200bCu ocazia Zilei Interna\u021bionale a Profesorului, V\u0103 adres\u0103m cele mai sincere felicit\u0103ri \u0219i ur\u0103ri de bine. V\u0103 exprim\u0103m profunda gratitudine pentru talentul \u0219i r\u0103bdarea nem\u0103rginit\u0103, devotamentul \u0219i sacrificiul pe care le manifesta\u021bi zi de zi. \u021ainuta moral\u0103 \u0219i intelectual\u0103, tactul pedagogic \u2012 toate acestea v\u0103 definesc cu adev\u0103rat. Sunte\u021bi cei care aduce\u021bi lumin\u0103 \u00een con\u0219tiin\u021ba [&hellip;]<\/p>\n","protected":false},"author":1,"featured_media":8954,"comment_status":"open","ping_status":"open","sticky":false,"template":"","format":"standard","meta":{"_price":"","_stock":"","_tribe_ticket_header":"","_tribe_default_ticket_provider":"","_tribe_ticket_capacity":"0","_ticket_start_date":"","_ticket_end_date":"","_tribe_ticket_show_description":"","_tribe_ticket_show_not_going":false,"_tribe_ticket_use_global_stock":"","_tribe_ticket_global_stock_level":"","_global_stock_mode":"","_global_stock_cap":"","_tribe_rsvp_for_event":"","_tribe_ticket_going_count":"","_tribe_ticket_not_going_count":"","_tribe_tickets_list":"[]","_tribe_ticket_has_attendee_info_fields":false,"footnotes":""},"categories":[89],"tags":[],"class_list":["post-8953","post","type-post","status-publish","format-standard","has-post-thumbnail","hentry","category-blog"],"_links":{"self":[{"href":"https:\/\/www.liceulprometeuprotalent.md\/index.php?rest_route=\/wp\/v2\/posts\/8953","targetHints":{"allow":["GET"]}}],"collection":[{"href":"https:\/\/www.liceulprometeuprotalent.md\/index.php?rest_route=\/wp\/v2\/posts"}],"about":[{"href":"https:\/\/www.liceulprometeuprotalent.md\/index.php?rest_route=\/wp\/v2\/types\/post"}],"author":[{"embeddable":true,"href":"https:\/\/www.liceulprometeuprotalent.md\/index.php?rest_route=\/wp\/v2\/users\/1"}],"replies":[{"embeddable":true,"href":"https:\/\/www.liceulprometeuprotalent.md\/index.php?rest_route=%2Fwp%2Fv2%2Fcomments&post=8953"}],"version-history":[{"count":2,"href":"https:\/\/www.liceulprometeuprotalent.md\/index.php?rest_route=\/wp\/v2\/posts\/8953\/revisions"}],"predecessor-version":[{"id":8956,"href":"https:\/\/www.liceulprometeuprotalent.md\/index.php?rest_route=\/wp\/v2\/posts\/8953\/revisions\/8956"}],"wp:featuredmedia":[{"embeddable":true,"href":"https:\/\/www.liceulprometeuprotalent.md\/index.php?rest_route=\/wp\/v2\/media\/8954"}],"wp:attachment":[{"href":"https:\/\/www.liceulprometeuprotalent.md\/index.php?rest_route=%2Fwp%2Fv2%2Fmedia&parent=8953"}],"wp:term":[{"taxonomy":"category","embeddable":true,"href":"https:\/\/www.liceulprometeuprotalent.md\/index.php?rest_route=%2Fwp%2Fv2%2Fcategories&post=8953"},{"taxonomy":"post_tag","embeddable":true,"href":"https:\/\/www.liceulprometeuprotalent.md\/index.php?rest_route=%2Fwp%2Fv2%2Ftags&post=8953"}],"curies":[{"name":"wp","href":"https:\/\/api.w.org\/{rel}","templated":true}]}}