{"id":8957,"date":"2025-10-06T07:20:31","date_gmt":"2025-10-06T07:20:31","guid":{"rendered":"https:\/\/www.liceulprometeuprotalent.md\/?p=8957"},"modified":"2025-10-06T07:20:31","modified_gmt":"2025-10-06T07:20:31","slug":"celebrarea-zilei-europene-a-limbilor","status":"publish","type":"post","link":"https:\/\/www.liceulprometeuprotalent.md\/?p=8957","title":{"rendered":"Celebrarea Zilei Europene a Limbilor"},"content":{"rendered":"<p>Nelly-Neonila Portas, profesoar\u0103 de limba englez\u0103 a Liceului de Creativitate \u0219i Inventic\u0103 \u201ePrometeu-Protalent\u201d, \u0219efa Comisiei metodice limbi str\u0103ine, \u0219i-a motivat discipolii s\u0103 s\u0103rb\u0103toreasc\u0103 \u00een mod exemplar Ziua European\u0103 a Limbilor, celebrat\u0103 anual pe data de 26 septembrie. Cu o zi \u00eenainte, 25 septembrie 2025, doamna profesoar\u0103 a participat \u00eempreun\u0103 cu 15 elevi de la Liceul nostru la edi\u021bia a II-a a Zilei Europene a Limbilor, organizat\u0103 la ini\u021biativa Ministerului Educa\u021biei \u0219i Cercet\u0103rii al Republicii Moldova.<\/p>\n<p>\u201eA fost o experien\u021b\u0103 minunat\u0103, plin\u0103 de emo\u021bii, descoperiri, comunic\u0103ri \u00een diverse limbi europene \u0219i schimburi culturale. Elevii no\u0219tri au avut ocazia s\u0103-\u0219i demonstreze talentul, creativitatea \u0219i interesul pentru diversitatea lingvistic\u0103 \u0219i cultural\u0103 a Europei\u201d, a concis doamna profesoar\u0103.<\/p>\n<p>&nbsp;<\/p>\n<p>Celebrarea Zilei Europene a Limbilor a continuat pe data de 30 septembrie 2025, la Liceul \u201ePrometeu-Protalent\u201d. Elevii claselor VI-a, a IX-a, a X-a \u0219i a XII-a, au vorbit \u0219i au c\u00e2ntat \u00een limbile rom\u00e2n\u0103, englez\u0103, francez\u0103, italian\u0103, spaniol\u0103 \u0219i german\u0103, descoperind pentru cei prezen\u021bi frumuse\u021bea diversit\u0103\u021bii culturale europene.<\/p>\n<p>Au ghidat organizarea acestui minunat eveniment doamnele profesoare de limba rom\u00e2n\u0103, limba englez\u0103 \u0219i limba francez\u0103, precum \u0219i doamna Angela Miron, director adjunct pentru educa\u021bie, treapta gimnazial\u0103 \u0219i liceal\u0103.<\/p>\n<p>Prezent\u0103 la s\u0103rb\u0103toare, doamna Zinaida V\u00eerlan, directoarea Liceului \u201ePrometeu-Protalent\u201d, a pus accent \u00een discursul s\u0103u pe importan\u021ba studierii limbilor str\u0103ine, apreciind cu c\u0103ldur\u0103 presta\u021bia artistic\u0103 \u0219i lingvistic\u0103 impecabil\u0103 a elevilor.<\/p>\n<p><img decoding=\"async\" class=\"alignnone wp-image-8959 size-fusion-800 aligncenter\" src=\"https:\/\/www.liceulprometeuprotalent.md\/wp-content\/uploads\/2025\/10\/554533693_1547569843284861_7303816191520678001_n-800x600.jpg\" alt=\"\" width=\"800\" height=\"600\" srcset=\"https:\/\/www.liceulprometeuprotalent.md\/wp-content\/uploads\/2025\/10\/554533693_1547569843284861_7303816191520678001_n-200x150.jpg 200w, https:\/\/www.liceulprometeuprotalent.md\/wp-content\/uploads\/2025\/10\/554533693_1547569843284861_7303816191520678001_n-300x225.jpg 300w, https:\/\/www.liceulprometeuprotalent.md\/wp-content\/uploads\/2025\/10\/554533693_1547569843284861_7303816191520678001_n-400x300.jpg 400w, https:\/\/www.liceulprometeuprotalent.md\/wp-content\/uploads\/2025\/10\/554533693_1547569843284861_7303816191520678001_n-600x450.jpg 600w, https:\/\/www.liceulprometeuprotalent.md\/wp-content\/uploads\/2025\/10\/554533693_1547569843284861_7303816191520678001_n-768x576.jpg 768w, https:\/\/www.liceulprometeuprotalent.md\/wp-content\/uploads\/2025\/10\/554533693_1547569843284861_7303816191520678001_n-800x600.jpg 800w, https:\/\/www.liceulprometeuprotalent.md\/wp-content\/uploads\/2025\/10\/554533693_1547569843284861_7303816191520678001_n-1024x768.jpg 1024w, https:\/\/www.liceulprometeuprotalent.md\/wp-content\/uploads\/2025\/10\/554533693_1547569843284861_7303816191520678001_n-1200x900.jpg 1200w, https:\/\/www.liceulprometeuprotalent.md\/wp-content\/uploads\/2025\/10\/554533693_1547569843284861_7303816191520678001_n-1536x1152.jpg 1536w\" sizes=\"(max-width: 800px) 100vw, 800px\" \/><\/p>\n","protected":false},"excerpt":{"rendered":"<p>Nelly-Neonila Portas, profesoar\u0103 de limba englez\u0103 a Liceului de Creativitate \u0219i Inventic\u0103 \u201ePrometeu-Protalent\u201d, \u0219efa Comisiei metodice limbi str\u0103ine, \u0219i-a motivat discipolii s\u0103 s\u0103rb\u0103toreasc\u0103 \u00een mod exemplar Ziua European\u0103 a Limbilor, celebrat\u0103 anual pe data de 26 septembrie. Cu o zi \u00eenainte, 25 septembrie 2025, doamna profesoar\u0103 a participat \u00eempreun\u0103 cu 15 elevi de la Liceul [&hellip;]<\/p>\n","protected":false},"author":1,"featured_media":8958,"comment_status":"open","ping_status":"open","sticky":false,"template":"","format":"standard","meta":{"_price":"","_stock":"","_tribe_ticket_header":"","_tribe_default_ticket_provider":"","_tribe_ticket_capacity":"0","_ticket_start_date":"","_ticket_end_date":"","_tribe_ticket_show_description":"","_tribe_ticket_show_not_going":false,"_tribe_ticket_use_global_stock":"","_tribe_ticket_global_stock_level":"","_global_stock_mode":"","_global_stock_cap":"","_tribe_rsvp_for_event":"","_tribe_ticket_going_count":"","_tribe_ticket_not_going_count":"","_tribe_tickets_list":"[]","_tribe_ticket_has_attendee_info_fields":false,"footnotes":""},"categories":[89,80,1],"tags":[],"class_list":["post-8957","post","type-post","status-publish","format-standard","has-post-thumbnail","hentry","category-blog","category-toate-categoriile","category-uncategorized"],"_links":{"self":[{"href":"https:\/\/www.liceulprometeuprotalent.md\/index.php?rest_route=\/wp\/v2\/posts\/8957","targetHints":{"allow":["GET"]}}],"collection":[{"href":"https:\/\/www.liceulprometeuprotalent.md\/index.php?rest_route=\/wp\/v2\/posts"}],"about":[{"href":"https:\/\/www.liceulprometeuprotalent.md\/index.php?rest_route=\/wp\/v2\/types\/post"}],"author":[{"embeddable":true,"href":"https:\/\/www.liceulprometeuprotalent.md\/index.php?rest_route=\/wp\/v2\/users\/1"}],"replies":[{"embeddable":true,"href":"https:\/\/www.liceulprometeuprotalent.md\/index.php?rest_route=%2Fwp%2Fv2%2Fcomments&post=8957"}],"version-history":[{"count":1,"href":"https:\/\/www.liceulprometeuprotalent.md\/index.php?rest_route=\/wp\/v2\/posts\/8957\/revisions"}],"predecessor-version":[{"id":8960,"href":"https:\/\/www.liceulprometeuprotalent.md\/index.php?rest_route=\/wp\/v2\/posts\/8957\/revisions\/8960"}],"wp:featuredmedia":[{"embeddable":true,"href":"https:\/\/www.liceulprometeuprotalent.md\/index.php?rest_route=\/wp\/v2\/media\/8958"}],"wp:attachment":[{"href":"https:\/\/www.liceulprometeuprotalent.md\/index.php?rest_route=%2Fwp%2Fv2%2Fmedia&parent=8957"}],"wp:term":[{"taxonomy":"category","embeddable":true,"href":"https:\/\/www.liceulprometeuprotalent.md\/index.php?rest_route=%2Fwp%2Fv2%2Fcategories&post=8957"},{"taxonomy":"post_tag","embeddable":true,"href":"https:\/\/www.liceulprometeuprotalent.md\/index.php?rest_route=%2Fwp%2Fv2%2Ftags&post=8957"}],"curies":[{"name":"wp","href":"https:\/\/api.w.org\/{rel}","templated":true}]}}