{"id":8962,"date":"2025-10-09T06:19:13","date_gmt":"2025-10-09T06:19:13","guid":{"rendered":"https:\/\/www.liceulprometeuprotalent.md\/?p=8962"},"modified":"2025-10-09T06:19:13","modified_gmt":"2025-10-09T06:19:13","slug":"omul-trebuie-sa-aiba-dreptul-la-vis","status":"publish","type":"post","link":"https:\/\/www.liceulprometeuprotalent.md\/?p=8962","title":{"rendered":"\u201eOmul trebuie s\u0103 aib\u0103 dreptul la vis\u201d"},"content":{"rendered":"<p>De o lansare impresionant\u0103 a avut parte noul roman \u201eFata de dincolo de cea\u021b\u0103\u201d al scriitorului, psihologului \u0219i pedagogului Aurelian Silvestru, Director Fondator al Liceului de Creativitate \u0219i Inventic\u0103 \u201ePrometeu-Protalent\u201d. Evenimentul s-a desf\u0103\u0219urat pe data de 3 octombrie 2025, la Biblioteca \u201eOnisifor Ghibu\u201d din Chi\u0219in\u0103u \u0219i este, tradi\u021bional, o nou\u0103 provocare pentru pasiona\u021bii \u00a0de literatur\u0103.<\/p>\n<p>Sala arhiplin\u0103 cu personalit\u0103\u021bi culturale notorii \u0219i cu cititori fideli ai scriitorului au r\u0103spl\u0103tit cu aplauze inspiratele discursuri ale protagoni\u0219tilor s\u0103rb\u0103torii, care au apreciat \u00een termeni elogio\u0219i noul roman.<\/p>\n<p>Pe marginea noii apari\u021bii editoriale, dar \u0219i a presta\u021biei literare a scriitorului Aurelian Silvestru, au vorbit: gazda evenimentului, scriitorul Vitalie R\u0103ileanu, directorul Bibliotecii \u201eOnisifor Ghibu\u201d, scriitorul Iulian Filip, doctor \u00een filologie, domnia sa \u0219i moderatorul lans\u0103rii, poetul Daniel Corbu, venit \u00een mod special de la Ia\u0219i, academicianul Ion Had\u00e2rc\u0103, vicepre\u0219edinte al A\u0218M, scriitorul Ivan Pilchin, vicepre\u0219edinte al USM, criticul \u0219i istoricul literar Ana Banto\u0219, conf. univ. dr. hab. \u00een filologie, profesoara de limb\u0103 \u0219i literatura rom\u00e2n\u0103, grad didactic superior, Angela Lungu, director adjunct pentru instruire la Liceul \u201ePrometeu-Protalent\u201d \u0219i \u00eens\u0103\u0219i autorul-omagiat Aurelian Silvestru, care a remarcat \u00een cuv\u00e2ntul de \u00eencheiere al seratei literare c\u0103 e vorba de \u201etrei c\u0103r\u021bi-gemene, cu acela\u0219i suflet \u00een interior, dar cu fe\u021be diferite, a\u0219a cum le-au v\u0103zut editorii din ora\u0219ele T\u00e2rgovi\u0219te (editura Bibliotheca), Ia\u0219i (Editura Princeps Multimedia) \u0219i Chi\u0219in\u0103u (editura TOCONO)\u201d.<\/p>\n<p>\u201eDac\u0103 un scriitor, a opiniat \u00eendr\u0103gitul autor, folose\u0219te pana doar pentru a fotografia realitatea, nu cred c\u0103 e suficient. Omul trebuie s\u0103 aib\u0103 dreptul la vis. Visul \u0219i speran\u021ba sunt de fapt terapia omului modern. Un roman trebuie s\u0103 te fac\u0103 s\u0103 vizezi, s\u0103 ai \u00eencredere \u00een ziua de m\u00e2ine, s\u0103 speri c\u0103 cei din jurul t\u0103u sunt oameni frumo\u0219i, nu mon\u0219tri. \u0218i revin la aforismele mele mai vechi: Lumea are culorile dispozi\u021biei noastre. Dac\u0103 ai frumosul \u00een tine e frumos \u0219i \u00een jurul t\u0103u, dac\u0103 ai ur\u00e2tul \u2013 \u00een jur e ur\u00e2t. Un roman trebuie s\u0103-l ajute pe cititor s\u0103 treac\u0103 dincolo de imposibil \u0219i anume acest lucru am \u00eencercat s\u0103-l insufli cititorului \u00een toate scrierile mele\u201d.<\/p>\n<p>\u00cen cadrul evenimentului a fost prezentat \u0219i volumul \u00een limba francez\u0103 al c\u0103r\u021bii de aforisme \u201eO carte c\u00e2t o inim\u0103\u201d de Aurelian Silvestru, \u00een traducerea excelent\u0103 a doamnei Zinaida V\u00eerlan, profesoar\u0103 de limba francez\u0103, grad didactic superior, directoarea Liceului \u201ePrometeu-Protalent\u201d \u0219i a doamnei Fevronia Maler, profesoar\u0103 de limba francez\u0103, grad didactic II. Traducerea a fost mult apreciat\u0103 de domnul Daniel Corbu, excelent vorbitor de limba francez\u0103, care a transpus \u00een limba lui Voltaire romanul \u201eActorul anonim\u201d de Aurelian Silvestru, amintind publicului c\u0103 aceast\u0103 carte a fost tradus\u0103 \u0219i \u00een limbile italian\u0103 \u0219i german\u0103.<\/p>\n<p>Atmosfera cald\u0103 \u0219i prietenoas\u0103, z\u00e2mbetele de pe fe\u021bele celor prezen\u021bi, luminate de mesajele spirituale ale noului roman, dar \u0219i ale autorului, care lucreaz\u0103 mereu, vorba unui cititor fidel, la \u00eembun\u0103t\u0103\u021birea noastr\u0103 ca fiin\u021be umane, au fost dovada vie a unei lans\u0103ri deosebite, care a l\u0103sat urme ad\u00e2nci \u00een sufletele auditorilor.<\/p>\n<p>Drum bun \u00een lume noului roman \u201eFata de dincolo de cea\u021b\u0103\u201d de Aurelian Silvestru!<\/p>\n<p><img decoding=\"async\" class=\"alignnone size-full wp-image-8963\" src=\"https:\/\/www.liceulprometeuprotalent.md\/wp-content\/uploads\/2025\/10\/557628811_1175231167822092_3110964827520969276_n.jpg\" alt=\"\" width=\"1645\" height=\"947\" srcset=\"https:\/\/www.liceulprometeuprotalent.md\/wp-content\/uploads\/2025\/10\/557628811_1175231167822092_3110964827520969276_n-200x115.jpg 200w, https:\/\/www.liceulprometeuprotalent.md\/wp-content\/uploads\/2025\/10\/557628811_1175231167822092_3110964827520969276_n-300x173.jpg 300w, https:\/\/www.liceulprometeuprotalent.md\/wp-content\/uploads\/2025\/10\/557628811_1175231167822092_3110964827520969276_n-400x230.jpg 400w, https:\/\/www.liceulprometeuprotalent.md\/wp-content\/uploads\/2025\/10\/557628811_1175231167822092_3110964827520969276_n-600x345.jpg 600w, https:\/\/www.liceulprometeuprotalent.md\/wp-content\/uploads\/2025\/10\/557628811_1175231167822092_3110964827520969276_n-768x442.jpg 768w, https:\/\/www.liceulprometeuprotalent.md\/wp-content\/uploads\/2025\/10\/557628811_1175231167822092_3110964827520969276_n-800x461.jpg 800w, https:\/\/www.liceulprometeuprotalent.md\/wp-content\/uploads\/2025\/10\/557628811_1175231167822092_3110964827520969276_n-1024x590.jpg 1024w, https:\/\/www.liceulprometeuprotalent.md\/wp-content\/uploads\/2025\/10\/557628811_1175231167822092_3110964827520969276_n-1200x691.jpg 1200w, https:\/\/www.liceulprometeuprotalent.md\/wp-content\/uploads\/2025\/10\/557628811_1175231167822092_3110964827520969276_n-1536x884.jpg 1536w, https:\/\/www.liceulprometeuprotalent.md\/wp-content\/uploads\/2025\/10\/557628811_1175231167822092_3110964827520969276_n.jpg 1645w\" sizes=\"(max-width: 1645px) 100vw, 1645px\" \/> <img decoding=\"async\" class=\"alignnone size-full wp-image-8964\" src=\"https:\/\/www.liceulprometeuprotalent.md\/wp-content\/uploads\/2025\/10\/558844109_1176110404400835_331276900198324722_n.jpg\" alt=\"\" width=\"1125\" height=\"846\" srcset=\"https:\/\/www.liceulprometeuprotalent.md\/wp-content\/uploads\/2025\/10\/558844109_1176110404400835_331276900198324722_n-200x150.jpg 200w, https:\/\/www.liceulprometeuprotalent.md\/wp-content\/uploads\/2025\/10\/558844109_1176110404400835_331276900198324722_n-300x226.jpg 300w, https:\/\/www.liceulprometeuprotalent.md\/wp-content\/uploads\/2025\/10\/558844109_1176110404400835_331276900198324722_n-400x301.jpg 400w, https:\/\/www.liceulprometeuprotalent.md\/wp-content\/uploads\/2025\/10\/558844109_1176110404400835_331276900198324722_n-600x451.jpg 600w, https:\/\/www.liceulprometeuprotalent.md\/wp-content\/uploads\/2025\/10\/558844109_1176110404400835_331276900198324722_n-768x578.jpg 768w, https:\/\/www.liceulprometeuprotalent.md\/wp-content\/uploads\/2025\/10\/558844109_1176110404400835_331276900198324722_n-800x602.jpg 800w, https:\/\/www.liceulprometeuprotalent.md\/wp-content\/uploads\/2025\/10\/558844109_1176110404400835_331276900198324722_n-1024x770.jpg 1024w, https:\/\/www.liceulprometeuprotalent.md\/wp-content\/uploads\/2025\/10\/558844109_1176110404400835_331276900198324722_n.jpg 1125w\" sizes=\"(max-width: 1125px) 100vw, 1125px\" \/><\/p>\n","protected":false},"excerpt":{"rendered":"<p>De o lansare impresionant\u0103 a avut parte noul roman \u201eFata de dincolo de cea\u021b\u0103\u201d al scriitorului, psihologului \u0219i pedagogului Aurelian Silvestru, Director Fondator al Liceului de Creativitate \u0219i Inventic\u0103 \u201ePrometeu-Protalent\u201d. Evenimentul s-a desf\u0103\u0219urat pe data de 3 octombrie 2025, la Biblioteca \u201eOnisifor Ghibu\u201d din Chi\u0219in\u0103u \u0219i este, tradi\u021bional, o nou\u0103 provocare pentru pasiona\u021bii \u00a0de literatur\u0103. [&hellip;]<\/p>\n","protected":false},"author":1,"featured_media":8963,"comment_status":"open","ping_status":"open","sticky":false,"template":"","format":"standard","meta":{"_price":"","_stock":"","_tribe_ticket_header":"","_tribe_default_ticket_provider":"","_tribe_ticket_capacity":"0","_ticket_start_date":"","_ticket_end_date":"","_tribe_ticket_show_description":"","_tribe_ticket_show_not_going":false,"_tribe_ticket_use_global_stock":"","_tribe_ticket_global_stock_level":"","_global_stock_mode":"","_global_stock_cap":"","_tribe_rsvp_for_event":"","_tribe_ticket_going_count":"","_tribe_ticket_not_going_count":"","_tribe_tickets_list":"[]","_tribe_ticket_has_attendee_info_fields":false,"footnotes":""},"categories":[89,80,1],"tags":[],"class_list":["post-8962","post","type-post","status-publish","format-standard","has-post-thumbnail","hentry","category-blog","category-toate-categoriile","category-uncategorized"],"_links":{"self":[{"href":"https:\/\/www.liceulprometeuprotalent.md\/index.php?rest_route=\/wp\/v2\/posts\/8962","targetHints":{"allow":["GET"]}}],"collection":[{"href":"https:\/\/www.liceulprometeuprotalent.md\/index.php?rest_route=\/wp\/v2\/posts"}],"about":[{"href":"https:\/\/www.liceulprometeuprotalent.md\/index.php?rest_route=\/wp\/v2\/types\/post"}],"author":[{"embeddable":true,"href":"https:\/\/www.liceulprometeuprotalent.md\/index.php?rest_route=\/wp\/v2\/users\/1"}],"replies":[{"embeddable":true,"href":"https:\/\/www.liceulprometeuprotalent.md\/index.php?rest_route=%2Fwp%2Fv2%2Fcomments&post=8962"}],"version-history":[{"count":1,"href":"https:\/\/www.liceulprometeuprotalent.md\/index.php?rest_route=\/wp\/v2\/posts\/8962\/revisions"}],"predecessor-version":[{"id":8965,"href":"https:\/\/www.liceulprometeuprotalent.md\/index.php?rest_route=\/wp\/v2\/posts\/8962\/revisions\/8965"}],"wp:featuredmedia":[{"embeddable":true,"href":"https:\/\/www.liceulprometeuprotalent.md\/index.php?rest_route=\/wp\/v2\/media\/8963"}],"wp:attachment":[{"href":"https:\/\/www.liceulprometeuprotalent.md\/index.php?rest_route=%2Fwp%2Fv2%2Fmedia&parent=8962"}],"wp:term":[{"taxonomy":"category","embeddable":true,"href":"https:\/\/www.liceulprometeuprotalent.md\/index.php?rest_route=%2Fwp%2Fv2%2Fcategories&post=8962"},{"taxonomy":"post_tag","embeddable":true,"href":"https:\/\/www.liceulprometeuprotalent.md\/index.php?rest_route=%2Fwp%2Fv2%2Ftags&post=8962"}],"curies":[{"name":"wp","href":"https:\/\/api.w.org\/{rel}","templated":true}]}}