{"id":8978,"date":"2025-10-17T10:26:12","date_gmt":"2025-10-17T10:26:12","guid":{"rendered":"https:\/\/www.liceulprometeuprotalent.md\/?p=8978"},"modified":"2025-10-17T10:26:12","modified_gmt":"2025-10-17T10:26:12","slug":"un-brat-de-premii-pentru-talent-si-maiestrie","status":"publish","type":"post","link":"https:\/\/www.liceulprometeuprotalent.md\/?p=8978","title":{"rendered":"Un bra\u021b de premii pentru talent \u0219i m\u0103iestrie"},"content":{"rendered":"<p>Eleva Nicoleta Pila, din clasa a IV-a \u201eA\u201d, a Liceului de Creativitate \u0219i Inventic\u0103 \u201ePrometeu-Protalent\u201d (\u00eenv\u0103\u021b\u0103toare doamna Natalia Palaiciuc), a ob\u021binut mai multe locuri de frunte la Concursul intern \u0219i interna\u021bional cultural \u201eAurel Stroe\u201d, Bu\u0219teni, Rom\u00e2nia, ce s-a desf\u0103\u0219urat pe data de 11 octombrie 2025.<br \/>\n\u201eBalerinele de aur \u0219i cristal\u201d, a\u0219a a fost intitulat concursul de Centrul Cultural \u201eAurel Stroe\u201d din ora\u0219ul Bu\u0219teni, Rom\u00e2nia, organizator al evenimentului.<br \/>\nNicoleta a ob\u021binut Locul II la categoria &#8211; balet clasic, Locul I la categoria \u2013 dans de caracter \u0219i individual, Locul I \u2013 la balet clasic \u00een grup \u0219i Locul I la categoria \u2013 dans de caracter \u00een grup, \u00eentorc\u00e2ndu-se acas\u0103 cu un bra\u021b de premii prestigioase, ce-i dovedesc talentul \u0219i m\u0103iestria pe care o aplic\u0103 la toate competi\u021biile.<br \/>\nBravo, Nicoleta! Urm\u0103rim cu mult\u0103 bucurie victoriile tale! \u00ce\u021bi dorim numeroase succese \u0219i de acum \u00eenainte!<br \/>\nMul\u021bumirile \u0219i aprecierile noastre se \u00eendreapt\u0103 c\u0103tre p\u0103rin\u021bii Nicoletei \u0219i c\u0103tre doamna \u00eenv\u0103\u021b\u0103toare Natalia Palaiciuc, care motiveaz\u0103, sus\u021bin \u0219i \u00eencurajeaz\u0103 pasiunea pentru balet a elevei noastre.<\/p>\n<p><img decoding=\"async\" class=\"alignnone size-full wp-image-8979\" src=\"https:\/\/www.liceulprometeuprotalent.md\/wp-content\/uploads\/2025\/10\/viber_image_2025-10-13_14-01-54-864-scaled.jpg\" alt=\"\" width=\"1608\" height=\"2560\" srcset=\"https:\/\/www.liceulprometeuprotalent.md\/wp-content\/uploads\/2025\/10\/viber_image_2025-10-13_14-01-54-864-188x300.jpg 188w, https:\/\/www.liceulprometeuprotalent.md\/wp-content\/uploads\/2025\/10\/viber_image_2025-10-13_14-01-54-864-200x318.jpg 200w, https:\/\/www.liceulprometeuprotalent.md\/wp-content\/uploads\/2025\/10\/viber_image_2025-10-13_14-01-54-864-400x637.jpg 400w, https:\/\/www.liceulprometeuprotalent.md\/wp-content\/uploads\/2025\/10\/viber_image_2025-10-13_14-01-54-864-600x955.jpg 600w, https:\/\/www.liceulprometeuprotalent.md\/wp-content\/uploads\/2025\/10\/viber_image_2025-10-13_14-01-54-864-643x1024.jpg 643w, https:\/\/www.liceulprometeuprotalent.md\/wp-content\/uploads\/2025\/10\/viber_image_2025-10-13_14-01-54-864-768x1222.jpg 768w, https:\/\/www.liceulprometeuprotalent.md\/wp-content\/uploads\/2025\/10\/viber_image_2025-10-13_14-01-54-864-800x1273.jpg 800w, https:\/\/www.liceulprometeuprotalent.md\/wp-content\/uploads\/2025\/10\/viber_image_2025-10-13_14-01-54-864-965x1536.jpg 965w, https:\/\/www.liceulprometeuprotalent.md\/wp-content\/uploads\/2025\/10\/viber_image_2025-10-13_14-01-54-864-1200x1910.jpg 1200w, https:\/\/www.liceulprometeuprotalent.md\/wp-content\/uploads\/2025\/10\/viber_image_2025-10-13_14-01-54-864-1287x2048.jpg 1287w, https:\/\/www.liceulprometeuprotalent.md\/wp-content\/uploads\/2025\/10\/viber_image_2025-10-13_14-01-54-864-scaled.jpg 1608w\" sizes=\"(max-width: 1608px) 100vw, 1608px\" \/> <img decoding=\"async\" class=\"alignnone size-full wp-image-8980\" src=\"https:\/\/www.liceulprometeuprotalent.md\/wp-content\/uploads\/2025\/10\/viber_image_2025-10-13_14-01-55-212-scaled.jpg\" alt=\"\" width=\"1920\" height=\"2560\" srcset=\"https:\/\/www.liceulprometeuprotalent.md\/wp-content\/uploads\/2025\/10\/viber_image_2025-10-13_14-01-55-212-200x267.jpg 200w, https:\/\/www.liceulprometeuprotalent.md\/wp-content\/uploads\/2025\/10\/viber_image_2025-10-13_14-01-55-212-225x300.jpg 225w, https:\/\/www.liceulprometeuprotalent.md\/wp-content\/uploads\/2025\/10\/viber_image_2025-10-13_14-01-55-212-400x533.jpg 400w, https:\/\/www.liceulprometeuprotalent.md\/wp-content\/uploads\/2025\/10\/viber_image_2025-10-13_14-01-55-212-600x800.jpg 600w, https:\/\/www.liceulprometeuprotalent.md\/wp-content\/uploads\/2025\/10\/viber_image_2025-10-13_14-01-55-212-768x1024.jpg 768w, https:\/\/www.liceulprometeuprotalent.md\/wp-content\/uploads\/2025\/10\/viber_image_2025-10-13_14-01-55-212-800x1067.jpg 800w, https:\/\/www.liceulprometeuprotalent.md\/wp-content\/uploads\/2025\/10\/viber_image_2025-10-13_14-01-55-212-1152x1536.jpg 1152w, https:\/\/www.liceulprometeuprotalent.md\/wp-content\/uploads\/2025\/10\/viber_image_2025-10-13_14-01-55-212-1200x1600.jpg 1200w, https:\/\/www.liceulprometeuprotalent.md\/wp-content\/uploads\/2025\/10\/viber_image_2025-10-13_14-01-55-212-1536x2048.jpg 1536w, https:\/\/www.liceulprometeuprotalent.md\/wp-content\/uploads\/2025\/10\/viber_image_2025-10-13_14-01-55-212-scaled.jpg 1920w\" sizes=\"(max-width: 1920px) 100vw, 1920px\" \/> <img decoding=\"async\" class=\"alignnone size-full wp-image-8981\" src=\"https:\/\/www.liceulprometeuprotalent.md\/wp-content\/uploads\/2025\/10\/viber_image_2025-10-13_14-01-55-474-scaled.jpg\" alt=\"\" width=\"2560\" height=\"1920\" srcset=\"https:\/\/www.liceulprometeuprotalent.md\/wp-content\/uploads\/2025\/10\/viber_image_2025-10-13_14-01-55-474-200x150.jpg 200w, https:\/\/www.liceulprometeuprotalent.md\/wp-content\/uploads\/2025\/10\/viber_image_2025-10-13_14-01-55-474-300x225.jpg 300w, https:\/\/www.liceulprometeuprotalent.md\/wp-content\/uploads\/2025\/10\/viber_image_2025-10-13_14-01-55-474-400x300.jpg 400w, https:\/\/www.liceulprometeuprotalent.md\/wp-content\/uploads\/2025\/10\/viber_image_2025-10-13_14-01-55-474-600x450.jpg 600w, https:\/\/www.liceulprometeuprotalent.md\/wp-content\/uploads\/2025\/10\/viber_image_2025-10-13_14-01-55-474-768x576.jpg 768w, https:\/\/www.liceulprometeuprotalent.md\/wp-content\/uploads\/2025\/10\/viber_image_2025-10-13_14-01-55-474-800x600.jpg 800w, https:\/\/www.liceulprometeuprotalent.md\/wp-content\/uploads\/2025\/10\/viber_image_2025-10-13_14-01-55-474-1024x768.jpg 1024w, https:\/\/www.liceulprometeuprotalent.md\/wp-content\/uploads\/2025\/10\/viber_image_2025-10-13_14-01-55-474-1200x900.jpg 1200w, https:\/\/www.liceulprometeuprotalent.md\/wp-content\/uploads\/2025\/10\/viber_image_2025-10-13_14-01-55-474-1536x1152.jpg 1536w, https:\/\/www.liceulprometeuprotalent.md\/wp-content\/uploads\/2025\/10\/viber_image_2025-10-13_14-01-55-474-scaled.jpg 2560w\" sizes=\"(max-width: 2560px) 100vw, 2560px\" \/><\/p>\n","protected":false},"excerpt":{"rendered":"<p>Eleva Nicoleta Pila, din clasa a IV-a \u201eA\u201d, a Liceului de Creativitate \u0219i Inventic\u0103 \u201ePrometeu-Protalent\u201d (\u00eenv\u0103\u021b\u0103toare doamna Natalia Palaiciuc), a ob\u021binut mai multe locuri de frunte la Concursul intern \u0219i interna\u021bional cultural \u201eAurel Stroe\u201d, Bu\u0219teni, Rom\u00e2nia, ce s-a desf\u0103\u0219urat pe data de 11 octombrie 2025. \u201eBalerinele de aur \u0219i cristal\u201d, a\u0219a a fost intitulat concursul [&hellip;]<\/p>\n","protected":false},"author":1,"featured_media":8981,"comment_status":"open","ping_status":"open","sticky":false,"template":"","format":"standard","meta":{"_price":"","_stock":"","_tribe_ticket_header":"","_tribe_default_ticket_provider":"","_tribe_ticket_capacity":"0","_ticket_start_date":"","_ticket_end_date":"","_tribe_ticket_show_description":"","_tribe_ticket_show_not_going":false,"_tribe_ticket_use_global_stock":"","_tribe_ticket_global_stock_level":"","_global_stock_mode":"","_global_stock_cap":"","_tribe_rsvp_for_event":"","_tribe_ticket_going_count":"","_tribe_ticket_not_going_count":"","_tribe_tickets_list":"[]","_tribe_ticket_has_attendee_info_fields":false,"footnotes":""},"categories":[89,80,1],"tags":[],"class_list":["post-8978","post","type-post","status-publish","format-standard","has-post-thumbnail","hentry","category-blog","category-toate-categoriile","category-uncategorized"],"_links":{"self":[{"href":"https:\/\/www.liceulprometeuprotalent.md\/index.php?rest_route=\/wp\/v2\/posts\/8978","targetHints":{"allow":["GET"]}}],"collection":[{"href":"https:\/\/www.liceulprometeuprotalent.md\/index.php?rest_route=\/wp\/v2\/posts"}],"about":[{"href":"https:\/\/www.liceulprometeuprotalent.md\/index.php?rest_route=\/wp\/v2\/types\/post"}],"author":[{"embeddable":true,"href":"https:\/\/www.liceulprometeuprotalent.md\/index.php?rest_route=\/wp\/v2\/users\/1"}],"replies":[{"embeddable":true,"href":"https:\/\/www.liceulprometeuprotalent.md\/index.php?rest_route=%2Fwp%2Fv2%2Fcomments&post=8978"}],"version-history":[{"count":1,"href":"https:\/\/www.liceulprometeuprotalent.md\/index.php?rest_route=\/wp\/v2\/posts\/8978\/revisions"}],"predecessor-version":[{"id":8982,"href":"https:\/\/www.liceulprometeuprotalent.md\/index.php?rest_route=\/wp\/v2\/posts\/8978\/revisions\/8982"}],"wp:featuredmedia":[{"embeddable":true,"href":"https:\/\/www.liceulprometeuprotalent.md\/index.php?rest_route=\/wp\/v2\/media\/8981"}],"wp:attachment":[{"href":"https:\/\/www.liceulprometeuprotalent.md\/index.php?rest_route=%2Fwp%2Fv2%2Fmedia&parent=8978"}],"wp:term":[{"taxonomy":"category","embeddable":true,"href":"https:\/\/www.liceulprometeuprotalent.md\/index.php?rest_route=%2Fwp%2Fv2%2Fcategories&post=8978"},{"taxonomy":"post_tag","embeddable":true,"href":"https:\/\/www.liceulprometeuprotalent.md\/index.php?rest_route=%2Fwp%2Fv2%2Ftags&post=8978"}],"curies":[{"name":"wp","href":"https:\/\/api.w.org\/{rel}","templated":true}]}}