{"id":8983,"date":"2025-10-17T10:27:38","date_gmt":"2025-10-17T10:27:38","guid":{"rendered":"https:\/\/www.liceulprometeuprotalent.md\/?p=8983"},"modified":"2025-10-17T10:27:38","modified_gmt":"2025-10-17T10:27:38","slug":"un-talent-in-devenire","status":"publish","type":"post","link":"https:\/\/www.liceulprometeuprotalent.md\/?p=8983","title":{"rendered":"Un talent \u00een devenire"},"content":{"rendered":"<p>La Competi\u021bia Interna\u021bional\u0103 de Dans Sportiv \u201eChi\u0219in\u0103u Open 2025\u201d, Elizabet Garbuz, eleva clasei a II-a \u201eC\u201d a Liceului de Creativitate \u0219i Inventic\u0103 \u201ePrometeu-Protalent\u201d (\u00eenv\u0103\u021b\u0103toare doamna Aurica Groza), a ob\u021binut Locul I la categoria Juvenil 1 open standard.<br \/>\nElizabet, \u00eempreun\u0103 cu partenerul ei, au reprezentat Clubul de Dans \u201eTandem\u201d din Chi\u0219in\u0103u. \u00cen cadrul competi\u021biei, ei au executat 4 dansuri: vals, tangou, vals vienez \u0219i quickstep. La aceast\u0103 categorie au participat 20 de perechi din diverse \u021b\u0103ri europene, fiind arbitra\u021bi de 10 exper\u021bi interna\u021bionali.<br \/>\nCompeti\u021bia Interna\u021bional\u0103 de Dans Sportiv \u201eChi\u0219in\u0103u Open 2025\u201d s-a desf\u0103\u0219urat \u00een perioada 11-12 octombrie 2025, la Palatul Republicii din Chi\u0219in\u0103u.<br \/>\nBravo, Elizabet! Admir\u0103m talentul t\u0103u, care pentru a ie\u0219i \u00een eviden\u021b\u0103 necesit\u0103 munc\u0103, voin\u021b\u0103, disciplin\u0103 \u0219i perseveren\u021b\u0103, pe care demonstrezi c\u0103 le ai. Felicit\u0103ri! \u00ce\u021bi dorim succese \u0219i de acum \u00eenainte!<br \/>\nExprim\u0103m mul\u021bumiri \u0219i aprecieri p\u0103rin\u021bilor Elizabetei \u0219i doamnei diriginte Aurica Groza, pentru motivare, sus\u021binere \u0219i \u00eencurajare la dezv\u0103luirea \u0219i cre\u0219terea unui talent \u00een devenire. <img decoding=\"async\" class=\"alignnone size-full wp-image-8984\" src=\"https:\/\/www.liceulprometeuprotalent.md\/wp-content\/uploads\/2025\/10\/viber_image_2025-10-16_12-14-34-685.jpg\" alt=\"\" width=\"584\" height=\"854\" srcset=\"https:\/\/www.liceulprometeuprotalent.md\/wp-content\/uploads\/2025\/10\/viber_image_2025-10-16_12-14-34-685-200x292.jpg 200w, https:\/\/www.liceulprometeuprotalent.md\/wp-content\/uploads\/2025\/10\/viber_image_2025-10-16_12-14-34-685-205x300.jpg 205w, https:\/\/www.liceulprometeuprotalent.md\/wp-content\/uploads\/2025\/10\/viber_image_2025-10-16_12-14-34-685-400x585.jpg 400w, https:\/\/www.liceulprometeuprotalent.md\/wp-content\/uploads\/2025\/10\/viber_image_2025-10-16_12-14-34-685.jpg 584w\" sizes=\"(max-width: 584px) 100vw, 584px\" \/> <img decoding=\"async\" class=\"alignnone size-full wp-image-8985\" src=\"https:\/\/www.liceulprometeuprotalent.md\/wp-content\/uploads\/2025\/10\/viber_image_2025-10-16_12-14-34-424.jpg\" alt=\"\" width=\"640\" height=\"854\" srcset=\"https:\/\/www.liceulprometeuprotalent.md\/wp-content\/uploads\/2025\/10\/viber_image_2025-10-16_12-14-34-424-200x267.jpg 200w, https:\/\/www.liceulprometeuprotalent.md\/wp-content\/uploads\/2025\/10\/viber_image_2025-10-16_12-14-34-424-225x300.jpg 225w, https:\/\/www.liceulprometeuprotalent.md\/wp-content\/uploads\/2025\/10\/viber_image_2025-10-16_12-14-34-424-400x534.jpg 400w, https:\/\/www.liceulprometeuprotalent.md\/wp-content\/uploads\/2025\/10\/viber_image_2025-10-16_12-14-34-424-600x801.jpg 600w, https:\/\/www.liceulprometeuprotalent.md\/wp-content\/uploads\/2025\/10\/viber_image_2025-10-16_12-14-34-424.jpg 640w\" sizes=\"(max-width: 640px) 100vw, 640px\" \/> <img decoding=\"async\" class=\"alignnone size-full wp-image-8986\" src=\"https:\/\/www.liceulprometeuprotalent.md\/wp-content\/uploads\/2025\/10\/viber_image_2025-10-16_12-14-34-186.jpg\" alt=\"\" width=\"640\" height=\"854\" srcset=\"https:\/\/www.liceulprometeuprotalent.md\/wp-content\/uploads\/2025\/10\/viber_image_2025-10-16_12-14-34-186-200x267.jpg 200w, https:\/\/www.liceulprometeuprotalent.md\/wp-content\/uploads\/2025\/10\/viber_image_2025-10-16_12-14-34-186-225x300.jpg 225w, https:\/\/www.liceulprometeuprotalent.md\/wp-content\/uploads\/2025\/10\/viber_image_2025-10-16_12-14-34-186-400x534.jpg 400w, https:\/\/www.liceulprometeuprotalent.md\/wp-content\/uploads\/2025\/10\/viber_image_2025-10-16_12-14-34-186-600x801.jpg 600w, https:\/\/www.liceulprometeuprotalent.md\/wp-content\/uploads\/2025\/10\/viber_image_2025-10-16_12-14-34-186.jpg 640w\" sizes=\"(max-width: 640px) 100vw, 640px\" \/><\/p>\n","protected":false},"excerpt":{"rendered":"<p>La Competi\u021bia Interna\u021bional\u0103 de Dans Sportiv \u201eChi\u0219in\u0103u Open 2025\u201d, Elizabet Garbuz, eleva clasei a II-a \u201eC\u201d a Liceului de Creativitate \u0219i Inventic\u0103 \u201ePrometeu-Protalent\u201d (\u00eenv\u0103\u021b\u0103toare doamna Aurica Groza), a ob\u021binut Locul I la categoria Juvenil 1 open standard. Elizabet, \u00eempreun\u0103 cu partenerul ei, au reprezentat Clubul de Dans \u201eTandem\u201d din Chi\u0219in\u0103u. \u00cen cadrul competi\u021biei, ei au [&hellip;]<\/p>\n","protected":false},"author":1,"featured_media":8984,"comment_status":"open","ping_status":"open","sticky":false,"template":"","format":"standard","meta":{"_price":"","_stock":"","_tribe_ticket_header":"","_tribe_default_ticket_provider":"","_tribe_ticket_capacity":"0","_ticket_start_date":"","_ticket_end_date":"","_tribe_ticket_show_description":"","_tribe_ticket_show_not_going":false,"_tribe_ticket_use_global_stock":"","_tribe_ticket_global_stock_level":"","_global_stock_mode":"","_global_stock_cap":"","_tribe_rsvp_for_event":"","_tribe_ticket_going_count":"","_tribe_ticket_not_going_count":"","_tribe_tickets_list":"[]","_tribe_ticket_has_attendee_info_fields":false,"footnotes":""},"categories":[89,80,1],"tags":[],"class_list":["post-8983","post","type-post","status-publish","format-standard","has-post-thumbnail","hentry","category-blog","category-toate-categoriile","category-uncategorized"],"_links":{"self":[{"href":"https:\/\/www.liceulprometeuprotalent.md\/index.php?rest_route=\/wp\/v2\/posts\/8983","targetHints":{"allow":["GET"]}}],"collection":[{"href":"https:\/\/www.liceulprometeuprotalent.md\/index.php?rest_route=\/wp\/v2\/posts"}],"about":[{"href":"https:\/\/www.liceulprometeuprotalent.md\/index.php?rest_route=\/wp\/v2\/types\/post"}],"author":[{"embeddable":true,"href":"https:\/\/www.liceulprometeuprotalent.md\/index.php?rest_route=\/wp\/v2\/users\/1"}],"replies":[{"embeddable":true,"href":"https:\/\/www.liceulprometeuprotalent.md\/index.php?rest_route=%2Fwp%2Fv2%2Fcomments&post=8983"}],"version-history":[{"count":1,"href":"https:\/\/www.liceulprometeuprotalent.md\/index.php?rest_route=\/wp\/v2\/posts\/8983\/revisions"}],"predecessor-version":[{"id":8987,"href":"https:\/\/www.liceulprometeuprotalent.md\/index.php?rest_route=\/wp\/v2\/posts\/8983\/revisions\/8987"}],"wp:featuredmedia":[{"embeddable":true,"href":"https:\/\/www.liceulprometeuprotalent.md\/index.php?rest_route=\/wp\/v2\/media\/8984"}],"wp:attachment":[{"href":"https:\/\/www.liceulprometeuprotalent.md\/index.php?rest_route=%2Fwp%2Fv2%2Fmedia&parent=8983"}],"wp:term":[{"taxonomy":"category","embeddable":true,"href":"https:\/\/www.liceulprometeuprotalent.md\/index.php?rest_route=%2Fwp%2Fv2%2Fcategories&post=8983"},{"taxonomy":"post_tag","embeddable":true,"href":"https:\/\/www.liceulprometeuprotalent.md\/index.php?rest_route=%2Fwp%2Fv2%2Ftags&post=8983"}],"curies":[{"name":"wp","href":"https:\/\/api.w.org\/{rel}","templated":true}]}}