{"id":8988,"date":"2025-10-23T11:50:15","date_gmt":"2025-10-23T11:50:15","guid":{"rendered":"https:\/\/www.liceulprometeuprotalent.md\/?p=8988"},"modified":"2025-10-23T11:50:15","modified_gmt":"2025-10-23T11:50:15","slug":"seminar-instructiv-valoros-si-de-real-folos","status":"publish","type":"post","link":"https:\/\/www.liceulprometeuprotalent.md\/?p=8988","title":{"rendered":"Seminar instructiv valoros \u0219i de real folos"},"content":{"rendered":"<p>Un seminar instructiv cu tema \u201eDezvoltarea socio-emo\u021bional\u0103 a elevilor \u2013 \u00eentre teorie \u0219i practic\u0103\u201d a fost sus\u021binut pe data de 21 octombrie 2025, de doamna psiholog Natalia Bobeico, pentru cadrele didactice ale Liceului de Creativitate \u0219i Inventic\u0103 \u201ePrometeu-Protalent\u201d.<\/p>\n<p>\u00cen cadrul activit\u0103\u021bii s-a r\u0103spuns la \u00eentreb\u0103rile: Ce este dezvoltarea socio-emo\u021bional\u0103? De ce tema este esen\u021bial\u0103 \u00een \u0219coal\u0103? Care este rolul cadrelor didactice \u00een calitate de ghizi emo\u021bionali?<\/p>\n<p>Dup\u0103 expunerea \u00eentreb\u0103rilor, au fost aduse la cuno\u0219tin\u021b\u0103 activit\u0103\u021bi preventive \u0219i formative, rezultatele evalu\u0103rii socio-emo\u021bionale ale elevilor din clasele a V-a, rolul p\u0103rin\u021bilor \u00een abordarea corect\u0103 a acestui subiect, subliniindu-se interac\u021biunea dintre teorie \u0219i practic\u0103 \u00een dezvoltarea socio-emo\u021bional\u0103 a copiilor. Totodat\u0103, doamna psiholog a recomandat Ghiduri de activit\u0103\u021bi practice pentru sprijinirea dezvolt\u0103rii socio-emo\u021bionale ale elevilor pentru treapta primar\u0103, gimnazial\u0103 \u0219i liceal\u0103.<\/p>\n<p>Doamna directoare Zinaida V\u00eerlan, prezent\u0103 la activitate, a apreciat seminarul drept unul valoros \u0219i de real folos pentru cadrele didactice.<\/p>\n","protected":false},"excerpt":{"rendered":"<p>Un seminar instructiv cu tema \u201eDezvoltarea socio-emo\u021bional\u0103 a elevilor \u2013 \u00eentre teorie \u0219i practic\u0103\u201d a fost sus\u021binut pe data de 21 octombrie 2025, de doamna psiholog Natalia Bobeico, pentru cadrele didactice ale Liceului de Creativitate \u0219i Inventic\u0103 \u201ePrometeu-Protalent\u201d. \u00cen cadrul activit\u0103\u021bii s-a r\u0103spuns la \u00eentreb\u0103rile: Ce este dezvoltarea socio-emo\u021bional\u0103? De ce tema este esen\u021bial\u0103 \u00een [&hellip;]<\/p>\n","protected":false},"author":1,"featured_media":0,"comment_status":"open","ping_status":"open","sticky":false,"template":"","format":"standard","meta":{"_price":"","_stock":"","_tribe_ticket_header":"","_tribe_default_ticket_provider":"","_tribe_ticket_capacity":"0","_ticket_start_date":"","_ticket_end_date":"","_tribe_ticket_show_description":"","_tribe_ticket_show_not_going":false,"_tribe_ticket_use_global_stock":"","_tribe_ticket_global_stock_level":"","_global_stock_mode":"","_global_stock_cap":"","_tribe_rsvp_for_event":"","_tribe_ticket_going_count":"","_tribe_ticket_not_going_count":"","_tribe_tickets_list":"[]","_tribe_ticket_has_attendee_info_fields":false,"footnotes":""},"categories":[89,80,1],"tags":[],"class_list":["post-8988","post","type-post","status-publish","format-standard","hentry","category-blog","category-toate-categoriile","category-uncategorized"],"_links":{"self":[{"href":"https:\/\/www.liceulprometeuprotalent.md\/index.php?rest_route=\/wp\/v2\/posts\/8988","targetHints":{"allow":["GET"]}}],"collection":[{"href":"https:\/\/www.liceulprometeuprotalent.md\/index.php?rest_route=\/wp\/v2\/posts"}],"about":[{"href":"https:\/\/www.liceulprometeuprotalent.md\/index.php?rest_route=\/wp\/v2\/types\/post"}],"author":[{"embeddable":true,"href":"https:\/\/www.liceulprometeuprotalent.md\/index.php?rest_route=\/wp\/v2\/users\/1"}],"replies":[{"embeddable":true,"href":"https:\/\/www.liceulprometeuprotalent.md\/index.php?rest_route=%2Fwp%2Fv2%2Fcomments&post=8988"}],"version-history":[{"count":1,"href":"https:\/\/www.liceulprometeuprotalent.md\/index.php?rest_route=\/wp\/v2\/posts\/8988\/revisions"}],"predecessor-version":[{"id":8989,"href":"https:\/\/www.liceulprometeuprotalent.md\/index.php?rest_route=\/wp\/v2\/posts\/8988\/revisions\/8989"}],"wp:attachment":[{"href":"https:\/\/www.liceulprometeuprotalent.md\/index.php?rest_route=%2Fwp%2Fv2%2Fmedia&parent=8988"}],"wp:term":[{"taxonomy":"category","embeddable":true,"href":"https:\/\/www.liceulprometeuprotalent.md\/index.php?rest_route=%2Fwp%2Fv2%2Fcategories&post=8988"},{"taxonomy":"post_tag","embeddable":true,"href":"https:\/\/www.liceulprometeuprotalent.md\/index.php?rest_route=%2Fwp%2Fv2%2Ftags&post=8988"}],"curies":[{"name":"wp","href":"https:\/\/api.w.org\/{rel}","templated":true}]}}