{"id":9003,"date":"2025-10-24T09:13:24","date_gmt":"2025-10-24T09:13:24","guid":{"rendered":"https:\/\/www.liceulprometeuprotalent.md\/?p=9003"},"modified":"2025-10-24T09:13:24","modified_gmt":"2025-10-24T09:13:24","slug":"matematicianul-este-imblanzitorul-care-a-domesticit-infinitul-lucian-blaga","status":"publish","type":"post","link":"https:\/\/www.liceulprometeuprotalent.md\/?p=9003","title":{"rendered":"\u201eMatematicianul este \u00eembl\u00e2nzitorul care a domesticit infinitul\u201d, Lucian Blaga"},"content":{"rendered":"<p>La 18 octombrie 2025, a avut loc tradi\u021bionalul Concurs de Matematic\u0103 \u201eTurnamentele de toamn\u0103\u201d, care a ajuns la edi\u021bia a XXXII-a. \u00cen cadrul acestei competi\u021bii, elevii Liceului de Creativitate \u0219i Inventic\u0103 \u201ePrometeu-Protalent\u201d au excelat prin inteligen\u021b\u0103, perspicacitate \u0219i perseveren\u021b\u0103, calit\u0103\u021bi care i-au f\u0103cut s\u0103 tr\u0103iasc\u0103 minunate clipe de bucurie, al\u0103turi de profesori \u0219i p\u0103rin\u021bi.<\/p>\n<p>Bravo, dragi elevi! Str\u0103duin\u021ba voastr\u0103 ne \u00eenc\u00e2nt\u0103 \u0219i ne face s\u0103 fim m\u00e2ndri de succesele ob\u021binute.<\/p>\n<p>Mul\u021bumim echipei de profesori ai AO ICAR, organizatoarea concursului. Mul\u021bumim p\u0103rin\u021bilor care-\u0219i \u00eendeamn\u0103 copiii s\u0103 studieze matematica, \u0219tiin\u021ba despre care marele om de cultur\u0103 Lucian Blaga spunea: \u201eMatematicianul este \u00eembl\u00e2nzitorul care a domesticit infinitul\u201d.<\/p>\n<p>Iat\u0103 numele elevilor de la liceul nostru, care \u00een competi\u021bie cu al\u021bi elevi de la institu\u021biile de \u00eenv\u0103\u021b\u0103m\u00e2nt din Chi\u0219in\u0103u \u0219i suburbiile lui, s-au eviden\u021biat prin rezultate deosebit de frumoase:<\/p>\n<p><strong>Clasa a II-a<\/strong><\/p>\n<p><strong>Locul II<\/strong><\/p>\n<p>Gangan Anastasia, LCI \u201ePrometeu Protalent\u201d, \u00eenv\u0103\u021b\u0103toare Brunchi Cristina.<\/p>\n<p><strong>Locul III<\/strong><\/p>\n<p>Glava\u021bchi Filoteea, LCI \u201ePrometeu Protalent\u201d, \u00eenv\u0103\u021b\u0103toare Brunchi Cristina,<\/p>\n<p>Stelea Simona, LCI \u201ePrometeu Protalent\u201d, \u00eenv\u0103\u021b\u0103toare Groza Aurica,<\/p>\n<p>Duca Arina, LCI \u201ePrometeu Protalent\u201d, \u00eenv\u0103\u021b\u0103toare \u021aaranu Lilia,<\/p>\n<p>Vieru Artur, LCI \u201ePrometeu Protalent\u201d, \u00eenv\u0103\u021b\u0103toare Brunchi Cristina,<\/p>\n<p>Tei\u0219an M\u0103d\u0103lina, LCI \u201ePrometeu Protalent\u201d, \u00eenv\u0103\u021b\u0103toare Groza Aurica,<\/p>\n<p>Guzun Ovidiu, LCI \u201ePrometeu-Protalent\u201d, \u00eenv\u0103\u021b\u0103toare Groza Aurica,<\/p>\n<p>Garbuz Elisabet, LCI \u201ePrometeu Protalent\u201d, \u00eenv\u0103\u021b\u0103toare Groza Aurica,<\/p>\n<p>Rodideal Cezar, LCI \u201ePrometeu Protalent\u201d, \u00eenv\u0103\u021b\u0103toare Brunchi Cristina.<\/p>\n<p>&nbsp;<\/p>\n<p><strong>Clasa a III-a<\/strong><\/p>\n<p><strong>Locul I<\/strong><\/p>\n<p>Fortuna Saveli, LCI \u201ePrometeu-Protalent\u201d, \u00eenv\u0103\u021b\u0103toare Costin Elena,<\/p>\n<p>Dogaru Otilia, LCI \u201ePrometeu-Protalent\u201d, \u00eenv\u0103\u021b\u0103toare Vicol Nelea.<\/p>\n<p><strong>Locul II<\/strong><\/p>\n<p>Lisnevschi Alexandra, LCI \u201ePrometeu-Protalent\u201d, \u00eenv\u0103\u021b\u0103toare Talma\u021bchi Ilona,<\/p>\n<p>Antoneanu Bianca, LCI \u201ePrometeu-Protalent\u201d, \u00eenv\u0103\u021b\u0103toare Talma\u021bchi Ilona,<\/p>\n<p>Untila Magdalena, LCI \u201ePrometeu-Protalent\u201d, \u00eenv\u0103\u021b\u0103toare Vicol Nelea.<\/p>\n<p><strong>Locul III<\/strong><\/p>\n<p>Manea Ilinca, LCI \u201ePrometeu-Protalent\u201d, \u00eenv\u0103\u021b\u0103toare Perjuc Liliana,<\/p>\n<p>Filip Vlad, LCI \u201ePrometeu-Protalent\u201d, \u00eenv\u0103\u021b\u0103toare Costin Elena,<\/p>\n<p>Ochinca Aaron, LCI \u201ePrometeu-Protalent\u201d, \u00eenv\u0103\u021b\u0103toare Perjuc Liliana,<\/p>\n<p>Cojocaru Maxim, LCI \u201ePrometeu-Protalent\u201d, \u00eenv\u0103\u021b\u0103toare Costin Elena.<\/p>\n<p><strong>Men\u021biune <\/strong><\/p>\n<p>Stratan Alexandru, LCI \u201ePrometeu-Protalent\u201d, \u00eenv\u0103\u021b\u0103toare Costin Elena,<\/p>\n<p>Prodan Victor, LCI \u201ePrometeu-Protalent\u201d, \u00eenv\u0103\u021b\u0103toare Ciorici Larisa,<\/p>\n<p>Iarmenco Andreea, LCI \u201ePrometeu-Protalent\u201d, Talma\u021bchi Ilona.<\/p>\n<p>&nbsp;<\/p>\n<p><strong>Clasa a IV-a<\/strong><\/p>\n<p><strong>Locul I<\/strong><\/p>\n<p>Suhan R\u0103zvan, LCI \u201ePrometeu-Protalent\u201d, \u00eenv\u0103\u021b\u0103toare Dodi\u021b\u0103 Aurelia,<\/p>\n<p>Grib Sofia, LCI \u201ePrometeu-Protalent\u201d, \u00eenv\u0103\u021b\u0103toare Maniuc Elena,<\/p>\n<p>Negura Cristian, LCI \u201ePrometeu-Protalent\u201d, \u00eenv\u0103\u021b\u0103toare Dodi\u021b\u0103 Aurelia,<\/p>\n<p>Rusu Maria-Elena, LCI \u201ePrometeu-Protalent\u201d, \u00eenv\u0103\u021b\u0103toare Maniuc Elena.<\/p>\n<p><strong>Locul II<\/strong><\/p>\n<p>U\u0219urelu David, LCI \u201ePrometeu-Protalent\u201d, \u00eenv\u0103\u021b\u0103toare Dodi\u021b\u0103 Aurelia,<\/p>\n<p>R\u0103u Mihai, LCI \u201ePrometeu-Protalent\u201d, \u00eenv\u0103\u021b\u0103toare Dodi\u021b\u0103 Aurelia,<\/p>\n<p>Medvi\u021bchi Arina, LCI \u201ePrometeu-Protalent\u201d, \u00eenv\u0103\u021b\u0103toare Maniuc Elena,<\/p>\n<p>Ababii Leonardo, LCI \u201ePrometeu-Protalent\u201d, \u00eenv\u0103\u021b\u0103toare Dodi\u021b\u0103 Aurelia.<\/p>\n<p><strong>Locul III<\/strong><\/p>\n<p>Viziru Daniel, LCI \u201ePrometeu-Protalent\u201d, \u00eenv\u0103\u021b\u0103toare Dodi\u021b\u0103 Aurelia,<\/p>\n<p>Movila Eva, LCI \u201ePrometeu-Protalent\u201d, \u00eenv\u0103\u021b\u0103toare Dodi\u021b\u0103 Aurelia,<\/p>\n<p>Stoian David, LCI \u201ePrometeu-Protalent\u201d, \u00eenv\u0103\u021b\u0103toare Dodi\u021b\u0103 Aurelia,<\/p>\n<p>Guri\u021banu David, LCI \u201ePrometeu-Protalent\u201d, \u00eenv\u0103\u021b\u0103toare Dodi\u021b\u0103 Aurelia,<\/p>\n<p>Spian Matei, LCI \u201ePrometeu-Protalent\u201d, \u00eenv\u0103\u021b\u0103toare Dodi\u021b\u0103 Aurelia.<\/p>\n<p><strong>Men\u021biune<\/strong><\/p>\n<p>Brigidin Simona, LCI \u201ePrometeu-Protalent\u201d, \u00eenv\u0103\u021b\u0103toare Dodi\u021b\u0103 Aurelia,<\/p>\n<p>Gangan Vlad, LCI \u201ePrometeu-Protalent\u201d, \u00eenv\u0103\u021b\u0103toare Maniuc Elena,<\/p>\n<p>Stratan Mark, LCI \u201ePrometeu-Protalent\u201d, \u00eenv\u0103\u021b\u0103toare Dodi\u021b\u0103 Aurelia,<\/p>\n<p>Vulpe Alexandra, LCI \u201ePrometeu-Protalent\u201d, \u00eenv\u0103\u021b\u0103toare Natalia Palaiciuc,<\/p>\n<p>Cojocari Mateea, LCI \u201ePrometeu-Protalent\u201d, \u00eenv\u0103\u021b\u0103toare Dodi\u021b\u0103 Aurelia,<\/p>\n<p>Iachimov Ion, LCI \u201ePrometeu-Protalent\u201d, \u00eenv\u0103\u021b\u0103toare Gogolev-Pahomea Snejana.<\/p>\n<p>&nbsp;<\/p>\n<p><strong>Clasa a V-a<\/strong><\/p>\n<p><strong>Locul I<\/strong><\/p>\n<p>Nichiforova Margarita, LCI ,,Prometeu-Protalent\u2019\u2019, profesoar\u0103 Guzun Mariana.<\/p>\n<p><strong>Locul II<\/strong><\/p>\n<p>\u021aurcanu Ilinca, LCI ,,Prometeu-Protalent\u201d, profesoar\u0103 Guzun Mariana,<\/p>\n<p>Bostan Matei, LCI ,,Prometeu-Protalent\u201d, profesoar\u0103 Guzun Mariana,<\/p>\n<p>Munteanu Cr\u0103i\u021ba, LCI ,,Prometeu-Protalent\u201d, profesoar\u0103 Popovici-Bujor Violeta.<\/p>\n<p><strong>Locul III<\/strong><\/p>\n<p>Anton Daniel, LCI ,,Prometeu-Protalent\u201d, profesoar\u0103 Popovici-Bujor Violeta,<\/p>\n<p>Stratan David, LCI ,,Prometeu-Protalent\u201d, profesoar\u0103 Popovici-Bujor Violeta.<\/p>\n<p><strong>\u00a0<\/strong><\/p>\n<p><strong>Clasa a VI-a<\/strong><\/p>\n<p><strong>Locul II<\/strong><\/p>\n<p>\u0218i\u0219ianu Amanda, LCI ,,Prometeu-Protalent\u201d, profesoar\u0103 Pribega Tatiana.<\/p>\n<p><strong>Men\u021biune<\/strong><\/p>\n<p>Nagacevschi Sofia, LCI ,,Prometeu-Protalent\u201d, profesoar\u0103 Guzun Mariana,<\/p>\n<p>Ochinc\u0103 Miryam, LCI ,,Prometeu-Protalent\u201d, profesoar\u0103 Guzun Mariana.<\/p>\n<p>&nbsp;<\/p>\n<p><strong>Clasa a VII-a<\/strong><\/p>\n<p><strong>Locul I<\/strong><\/p>\n<p>Vizir \u0218tefan, LCI ,,Prometetu-Protalent\u201d, profesoar\u0103 Iarmenco Maria.<\/p>\n<p><strong>Locul II<\/strong><\/p>\n<p>Bujor Lauren\u021biu, LCI ,,Prometeu-Protalent\u201d, profesoar\u0103 Popovici-Bujor Violeta.<\/p>\n<p><strong>Locul III<\/strong><\/p>\n<p>Glava\u021bchi Daria, LCI ,,Prometeu-Protalent\u201d, profesoar\u0103 Popovici-Bujor Violeta,<\/p>\n<p>\u021a\u00eecu Anda, LCI ,,Prometeu-Protalent\u201d , profesoar\u0103 Iarmenco Maria.<\/p>\n<p><strong>Men\u021biune<\/strong><\/p>\n<p>Medivi\u021bchi Bianca, LCI ,,Prometeu-Protalent\u201d, profesoar\u0103 Iarmenco Maria,<\/p>\n<p>G\u0103in\u0103 Marius, LCI ,,Prometeu-Protalent\u201d, profesoar\u0103 Iarmenco Maria.<\/p>\n<p>&nbsp;<\/p>\n<p><strong>Clasa a VIII-a<\/strong><\/p>\n<p><strong>Men\u021biune<\/strong><\/p>\n<p>Razorionov Vladislav, LCI ,,Prometeu-Protalent\u201d, profesoar\u0103 Curtescu Tamara.<\/p>\n<p>&nbsp;<\/p>\n<p><strong>Grupul de concurs, clasa a VIII-a<\/strong><\/p>\n<p><strong>Locul II<\/strong><\/p>\n<p>T\u00eeltu Andrei, LCI ,,Prometeu-Protalent\u201d, profesoar\u0103 Dru\u021b\u0103 Olga.<\/p>\n<p>&nbsp;<\/p>\n<p><strong>Grupul de concurs, clasa a IX-a<\/strong><\/p>\n<p><strong>Locul I<\/strong><\/p>\n<p>Ababii Teodor, LCI ,,Prometeu-Protalent\u201d, profesoar\u0103 Iarmenco Maria.<\/p>\n<p><strong>Locul II<\/strong><\/p>\n<p>Untila Robert, LCI ,,Prometeu-Protalent\u201d, profesoar\u0103 Dru\u021b\u0103 Olga.<\/p>\n<p><strong>Men\u021biune <\/strong><\/p>\n<p>Gala\u021banu Alexandru, LCI ,,Prometeu-Protalent\u201d, profesoar\u0103 Dru\u021b\u0103 Olga.<\/p>\n<p>&nbsp;<\/p>\n","protected":false},"excerpt":{"rendered":"<p>La 18 octombrie 2025, a avut loc tradi\u021bionalul Concurs de Matematic\u0103 \u201eTurnamentele de toamn\u0103\u201d, care a ajuns la edi\u021bia a XXXII-a. \u00cen cadrul acestei competi\u021bii, elevii Liceului de Creativitate \u0219i Inventic\u0103 \u201ePrometeu-Protalent\u201d au excelat prin inteligen\u021b\u0103, perspicacitate \u0219i perseveren\u021b\u0103, calit\u0103\u021bi care i-au f\u0103cut s\u0103 tr\u0103iasc\u0103 minunate clipe de bucurie, al\u0103turi de profesori \u0219i p\u0103rin\u021bi. Bravo, [&hellip;]<\/p>\n","protected":false},"author":1,"featured_media":9004,"comment_status":"open","ping_status":"open","sticky":false,"template":"","format":"standard","meta":{"_price":"","_stock":"","_tribe_ticket_header":"","_tribe_default_ticket_provider":"","_tribe_ticket_capacity":"0","_ticket_start_date":"","_ticket_end_date":"","_tribe_ticket_show_description":"","_tribe_ticket_show_not_going":false,"_tribe_ticket_use_global_stock":"","_tribe_ticket_global_stock_level":"","_global_stock_mode":"","_global_stock_cap":"","_tribe_rsvp_for_event":"","_tribe_ticket_going_count":"","_tribe_ticket_not_going_count":"","_tribe_tickets_list":"[]","_tribe_ticket_has_attendee_info_fields":false,"footnotes":""},"categories":[89,80,1],"tags":[],"class_list":["post-9003","post","type-post","status-publish","format-standard","has-post-thumbnail","hentry","category-blog","category-toate-categoriile","category-uncategorized"],"_links":{"self":[{"href":"https:\/\/www.liceulprometeuprotalent.md\/index.php?rest_route=\/wp\/v2\/posts\/9003","targetHints":{"allow":["GET"]}}],"collection":[{"href":"https:\/\/www.liceulprometeuprotalent.md\/index.php?rest_route=\/wp\/v2\/posts"}],"about":[{"href":"https:\/\/www.liceulprometeuprotalent.md\/index.php?rest_route=\/wp\/v2\/types\/post"}],"author":[{"embeddable":true,"href":"https:\/\/www.liceulprometeuprotalent.md\/index.php?rest_route=\/wp\/v2\/users\/1"}],"replies":[{"embeddable":true,"href":"https:\/\/www.liceulprometeuprotalent.md\/index.php?rest_route=%2Fwp%2Fv2%2Fcomments&post=9003"}],"version-history":[{"count":1,"href":"https:\/\/www.liceulprometeuprotalent.md\/index.php?rest_route=\/wp\/v2\/posts\/9003\/revisions"}],"predecessor-version":[{"id":9005,"href":"https:\/\/www.liceulprometeuprotalent.md\/index.php?rest_route=\/wp\/v2\/posts\/9003\/revisions\/9005"}],"wp:featuredmedia":[{"embeddable":true,"href":"https:\/\/www.liceulprometeuprotalent.md\/index.php?rest_route=\/wp\/v2\/media\/9004"}],"wp:attachment":[{"href":"https:\/\/www.liceulprometeuprotalent.md\/index.php?rest_route=%2Fwp%2Fv2%2Fmedia&parent=9003"}],"wp:term":[{"taxonomy":"category","embeddable":true,"href":"https:\/\/www.liceulprometeuprotalent.md\/index.php?rest_route=%2Fwp%2Fv2%2Fcategories&post=9003"},{"taxonomy":"post_tag","embeddable":true,"href":"https:\/\/www.liceulprometeuprotalent.md\/index.php?rest_route=%2Fwp%2Fv2%2Ftags&post=9003"}],"curies":[{"name":"wp","href":"https:\/\/api.w.org\/{rel}","templated":true}]}}