{"id":9006,"date":"2025-10-24T09:14:33","date_gmt":"2025-10-24T09:14:33","guid":{"rendered":"https:\/\/www.liceulprometeuprotalent.md\/?p=9006"},"modified":"2025-10-24T09:14:33","modified_gmt":"2025-10-24T09:14:33","slug":"balul-bobocilor-2025-o-serata-fermecatoare","status":"publish","type":"post","link":"https:\/\/www.liceulprometeuprotalent.md\/?p=9006","title":{"rendered":"Balul Bobocilor 2025 \u2013 o serat\u0103 fermec\u0103toare"},"content":{"rendered":"<p>Antrena\u021bi \u00eentr-o competi\u021bie a creativit\u0103\u021bii, elegan\u021bei \u0219i a bunului gust la Balul Bobocilor 2025, care a avut loc pe data de 17 octombrie 2025 la Liceul de Creativitate \u0219i Inventic\u0103 \u201ePrometeu-Protalent\u201d, cele \u0219apte perechi de elevi din clasele a X-a au fost apreciate de juriu cu respectivele titluri:<\/p>\n<p>Miss \u0219i Mister Talent \u2013 Melissa Iacub \u0219i Matei Cernat;<\/p>\n<p>Miss \u0219i Mister Ingeniozitate \u2013 Eva Curc\u0103 \u0219i C\u0103lin Timotin;<\/p>\n<p>Miss \u0219i Mister Elegan\u021b\u0103 \u2013 Cristina Popa \u0219i Gabriel Rodideal;<\/p>\n<p>Miss \u0219i Mister Inteligen\u021ba \u2013 Ilinca Munteanu \u0219i Oleg Cazac;<\/p>\n<p>Miss \u0219i Mister Fine\u021be \u2013 Oana Dogaru \u0219i Gheorghe Glava\u021bchi;<\/p>\n<p>Miss \u0219i Mister Creativitate \u2013 Adina \u0218argu \u0219i Nicolae Manolache;<\/p>\n<p>Miss \u0219i Mister Naturale\u021be \u2013 Nicoleta Bucatca \u0219i Vladimir Chelaru.<\/p>\n<p>Serata, desf\u0103\u0219urat\u0103 \u00een baza unui impresionant scenariu, scris de Raluca-Cristiana Cazacu din clasa a X-a, s-a transformat foarte cur\u00e2nd \u00een ceea ce \u0219i-a propus \u2013 o sear\u0103 de z\u00e2mbete \u0219i emo\u021bii, \u00een care \u201evisurile s-au \u00eembr\u0103cat \u00een lumin\u0103, iar \u00eenceputurile au c\u0103p\u0103tat glas\u201d, l\u0103s\u00e2nd \u00een forul lor interior amintiri de neuitat.<\/p>\n<p>Perechile concurente \u0219i-au demonstrat ini\u021bial, fiecare \u00een felul s\u0103u, abilit\u0103\u021bile de apreciere a calit\u0103\u021bilor partenerului cu care au ie\u0219it \u00een scen\u0103, dup\u0103 care au sus\u021binut un \u0219ir de probe, menite s\u0103 le dezv\u0103luie at\u00e2t cuno\u0219tin\u021bele, c\u00e2t \u0219i aptitudinile artistice, care le-au adus titlurile descrise mai sus. Printre probe, precum \u201ecea a cunoa\u0219terii\u201d, \u201evals\u201d, \u201econtinu\u0103 versul\u201d, ,,Alo, se caut\u0103 talente!\u201d \u0219i altele, proba g\u00e2ndirii critice \u2013 \u201eCum \u00een\u021belegi maxima?\u201d \u2013, realizat\u0103 \u00een baza aforismelor semnate de scriitorul Aurelian Silvestru a fost cea mai incitant\u0103 dintre toate.<\/p>\n<p>Maximele ,,C\u00e2nd cau\u021bi un loc sub soare, nu uita c\u0103 soarele apar\u021bine tuturor\u201d, ,,Cap\u0103tul lumii \u00eencepe acolo unde sim\u021bi acut dorul de cas\u0103\u201d, ,,Nu exist\u0103 fereastr\u0103 pe care atingerea iubirii s\u0103 nu o poat\u0103 deschide\u2019\u2019, ,,Iubi\u021bi-v\u0103 p\u0103rin\u021bii a\u0219a cum sunt (b\u0103tr\u00e2ni sau tineri). E cel mai sf\u00e2nt exemplu care \u00eel pute\u021bi l\u0103sa copiilor drept mo\u0219tenire\u201d, ,,Un om bun, chiar dac\u0103 nu posed\u0103 nimic, reprezint\u0103 o valoare\u201d, ,,Nu e greu s\u0103 urci, e greu s\u0103 te men\u021bii la \u00een\u0103l\u021bime\u201d, ,,\u00centunericul se retrage din spa\u021biile inundate de iubire\u201d, au solicitat bobocilor un deosebit efort intelectual \u0219i m\u0103iestrie \u00een formularea r\u0103spunsurilor.<\/p>\n<p>Minunata atmosfer\u0103 de la \u201eadev\u0103rata s\u0103rb\u0103toare a tinere\u021bii\u201d, precum a numit serata doamna Zinaida V\u00eerlan, a fost asigurat\u0103 de exuberan\u021ba \u0219i dezinvoltura prezentatorilor Raluca-Cristiana Cazacu \u0219i Silviu Colesnic, care au dat un farmec aparte evenimentului.<\/p>\n<p>La serat\u0103 s-a c\u00e2ntat, s-a dansat, s-a glumit, s-au \u00eenm\u00e2nat premii, fetele au primit buchete de flori, apoi toat\u0103 lumea s-a prins \u00eentr-o hor\u0103 a bucuriei, care a \u00eencununat minunata manifestare cultural\u0103.<\/p>\n<p>\u00cen final, au fost exprimate sincere mul\u021bumiri Consiliului elevilor, implicat exemplar \u00een organizarea Balului bobocilor 2025, dar \u0219i \u201esupervizorilor\u201d evenimentului \u2013 doamna Zinaida V\u00eerlan, directoare, doamna Angela Miron, director adjunct pentru educa\u021bie, domnul Veaceslav Adam, profesor de educa\u021bie muzical\u0103, doamna Anna Manea, profesoar\u0103 de educa\u021bie tehnologic\u0103, doamna Violeta Popovici-Bujor \u0219i domnul Vasile Cupcea, dirigin\u021bii claselor a X-a.<\/p>\n<p>\u201eSerata a fost ultimul dans al copil\u0103riei \u0219i primul pas spre cine vom fi. Balul Bobocilor 2025 se \u00eencheie, dar magia lui n-o va stinge nimeni\u201d, a fost cuv\u00e2ntul de \u00eencheiere al Raluc\u0103i-Cristiana Cazacu.<\/p>\n<p>Felicit\u0103ri, dragi boboci! A\u021bi fost formidabili! Cutezan\u021ba voastr\u0103 ne \u00eent\u0103re\u0219te speran\u021ba c\u0103 ve\u021bi reu\u0219i s\u0103 v\u0103 realiza\u021bi toate visurile!<\/p>\n<p>&nbsp;<\/p>\n<p><img decoding=\"async\" class=\"alignnone size-full wp-image-9007\" src=\"https:\/\/www.liceulprometeuprotalent.md\/wp-content\/uploads\/2025\/10\/viber_image_2025-10-23_08-55-29-743.jpg\" alt=\"\" width=\"1600\" height=\"1200\" srcset=\"https:\/\/www.liceulprometeuprotalent.md\/wp-content\/uploads\/2025\/10\/viber_image_2025-10-23_08-55-29-743-200x150.jpg 200w, https:\/\/www.liceulprometeuprotalent.md\/wp-content\/uploads\/2025\/10\/viber_image_2025-10-23_08-55-29-743-300x225.jpg 300w, https:\/\/www.liceulprometeuprotalent.md\/wp-content\/uploads\/2025\/10\/viber_image_2025-10-23_08-55-29-743-400x300.jpg 400w, https:\/\/www.liceulprometeuprotalent.md\/wp-content\/uploads\/2025\/10\/viber_image_2025-10-23_08-55-29-743-600x450.jpg 600w, https:\/\/www.liceulprometeuprotalent.md\/wp-content\/uploads\/2025\/10\/viber_image_2025-10-23_08-55-29-743-768x576.jpg 768w, https:\/\/www.liceulprometeuprotalent.md\/wp-content\/uploads\/2025\/10\/viber_image_2025-10-23_08-55-29-743-800x600.jpg 800w, https:\/\/www.liceulprometeuprotalent.md\/wp-content\/uploads\/2025\/10\/viber_image_2025-10-23_08-55-29-743-1024x768.jpg 1024w, https:\/\/www.liceulprometeuprotalent.md\/wp-content\/uploads\/2025\/10\/viber_image_2025-10-23_08-55-29-743-1200x900.jpg 1200w, https:\/\/www.liceulprometeuprotalent.md\/wp-content\/uploads\/2025\/10\/viber_image_2025-10-23_08-55-29-743-1536x1152.jpg 1536w, https:\/\/www.liceulprometeuprotalent.md\/wp-content\/uploads\/2025\/10\/viber_image_2025-10-23_08-55-29-743.jpg 1600w\" sizes=\"(max-width: 1600px) 100vw, 1600px\" \/> <img decoding=\"async\" class=\"alignnone size-full wp-image-9008\" src=\"https:\/\/www.liceulprometeuprotalent.md\/wp-content\/uploads\/2025\/10\/viber_image_2025-10-23_08-55-33-406.jpg\" alt=\"\" width=\"1600\" height=\"1200\" srcset=\"https:\/\/www.liceulprometeuprotalent.md\/wp-content\/uploads\/2025\/10\/viber_image_2025-10-23_08-55-33-406-200x150.jpg 200w, https:\/\/www.liceulprometeuprotalent.md\/wp-content\/uploads\/2025\/10\/viber_image_2025-10-23_08-55-33-406-300x225.jpg 300w, https:\/\/www.liceulprometeuprotalent.md\/wp-content\/uploads\/2025\/10\/viber_image_2025-10-23_08-55-33-406-400x300.jpg 400w, https:\/\/www.liceulprometeuprotalent.md\/wp-content\/uploads\/2025\/10\/viber_image_2025-10-23_08-55-33-406-600x450.jpg 600w, https:\/\/www.liceulprometeuprotalent.md\/wp-content\/uploads\/2025\/10\/viber_image_2025-10-23_08-55-33-406-768x576.jpg 768w, https:\/\/www.liceulprometeuprotalent.md\/wp-content\/uploads\/2025\/10\/viber_image_2025-10-23_08-55-33-406-800x600.jpg 800w, https:\/\/www.liceulprometeuprotalent.md\/wp-content\/uploads\/2025\/10\/viber_image_2025-10-23_08-55-33-406-1024x768.jpg 1024w, https:\/\/www.liceulprometeuprotalent.md\/wp-content\/uploads\/2025\/10\/viber_image_2025-10-23_08-55-33-406-1200x900.jpg 1200w, https:\/\/www.liceulprometeuprotalent.md\/wp-content\/uploads\/2025\/10\/viber_image_2025-10-23_08-55-33-406-1536x1152.jpg 1536w, https:\/\/www.liceulprometeuprotalent.md\/wp-content\/uploads\/2025\/10\/viber_image_2025-10-23_08-55-33-406.jpg 1600w\" sizes=\"(max-width: 1600px) 100vw, 1600px\" \/> <img decoding=\"async\" class=\"alignnone size-full wp-image-9009\" src=\"https:\/\/www.liceulprometeuprotalent.md\/wp-content\/uploads\/2025\/10\/viber_image_2025-10-23_08-55-35-043.jpg\" alt=\"\" width=\"1600\" height=\"1200\" srcset=\"https:\/\/www.liceulprometeuprotalent.md\/wp-content\/uploads\/2025\/10\/viber_image_2025-10-23_08-55-35-043-200x150.jpg 200w, https:\/\/www.liceulprometeuprotalent.md\/wp-content\/uploads\/2025\/10\/viber_image_2025-10-23_08-55-35-043-300x225.jpg 300w, https:\/\/www.liceulprometeuprotalent.md\/wp-content\/uploads\/2025\/10\/viber_image_2025-10-23_08-55-35-043-400x300.jpg 400w, https:\/\/www.liceulprometeuprotalent.md\/wp-content\/uploads\/2025\/10\/viber_image_2025-10-23_08-55-35-043-600x450.jpg 600w, https:\/\/www.liceulprometeuprotalent.md\/wp-content\/uploads\/2025\/10\/viber_image_2025-10-23_08-55-35-043-768x576.jpg 768w, https:\/\/www.liceulprometeuprotalent.md\/wp-content\/uploads\/2025\/10\/viber_image_2025-10-23_08-55-35-043-800x600.jpg 800w, https:\/\/www.liceulprometeuprotalent.md\/wp-content\/uploads\/2025\/10\/viber_image_2025-10-23_08-55-35-043-1024x768.jpg 1024w, https:\/\/www.liceulprometeuprotalent.md\/wp-content\/uploads\/2025\/10\/viber_image_2025-10-23_08-55-35-043-1200x900.jpg 1200w, https:\/\/www.liceulprometeuprotalent.md\/wp-content\/uploads\/2025\/10\/viber_image_2025-10-23_08-55-35-043-1536x1152.jpg 1536w, https:\/\/www.liceulprometeuprotalent.md\/wp-content\/uploads\/2025\/10\/viber_image_2025-10-23_08-55-35-043.jpg 1600w\" sizes=\"(max-width: 1600px) 100vw, 1600px\" \/><\/p>\n","protected":false},"excerpt":{"rendered":"<p>Antrena\u021bi \u00eentr-o competi\u021bie a creativit\u0103\u021bii, elegan\u021bei \u0219i a bunului gust la Balul Bobocilor 2025, care a avut loc pe data de 17 octombrie 2025 la Liceul de Creativitate \u0219i Inventic\u0103 \u201ePrometeu-Protalent\u201d, cele \u0219apte perechi de elevi din clasele a X-a au fost apreciate de juriu cu respectivele titluri: Miss \u0219i Mister Talent \u2013 Melissa Iacub [&hellip;]<\/p>\n","protected":false},"author":1,"featured_media":9009,"comment_status":"open","ping_status":"open","sticky":false,"template":"","format":"standard","meta":{"_price":"","_stock":"","_tribe_ticket_header":"","_tribe_default_ticket_provider":"","_tribe_ticket_capacity":"0","_ticket_start_date":"","_ticket_end_date":"","_tribe_ticket_show_description":"","_tribe_ticket_show_not_going":false,"_tribe_ticket_use_global_stock":"","_tribe_ticket_global_stock_level":"","_global_stock_mode":"","_global_stock_cap":"","_tribe_rsvp_for_event":"","_tribe_ticket_going_count":"","_tribe_ticket_not_going_count":"","_tribe_tickets_list":"[]","_tribe_ticket_has_attendee_info_fields":false,"footnotes":""},"categories":[89,80,1],"tags":[],"class_list":["post-9006","post","type-post","status-publish","format-standard","has-post-thumbnail","hentry","category-blog","category-toate-categoriile","category-uncategorized"],"_links":{"self":[{"href":"https:\/\/www.liceulprometeuprotalent.md\/index.php?rest_route=\/wp\/v2\/posts\/9006","targetHints":{"allow":["GET"]}}],"collection":[{"href":"https:\/\/www.liceulprometeuprotalent.md\/index.php?rest_route=\/wp\/v2\/posts"}],"about":[{"href":"https:\/\/www.liceulprometeuprotalent.md\/index.php?rest_route=\/wp\/v2\/types\/post"}],"author":[{"embeddable":true,"href":"https:\/\/www.liceulprometeuprotalent.md\/index.php?rest_route=\/wp\/v2\/users\/1"}],"replies":[{"embeddable":true,"href":"https:\/\/www.liceulprometeuprotalent.md\/index.php?rest_route=%2Fwp%2Fv2%2Fcomments&post=9006"}],"version-history":[{"count":1,"href":"https:\/\/www.liceulprometeuprotalent.md\/index.php?rest_route=\/wp\/v2\/posts\/9006\/revisions"}],"predecessor-version":[{"id":9010,"href":"https:\/\/www.liceulprometeuprotalent.md\/index.php?rest_route=\/wp\/v2\/posts\/9006\/revisions\/9010"}],"wp:featuredmedia":[{"embeddable":true,"href":"https:\/\/www.liceulprometeuprotalent.md\/index.php?rest_route=\/wp\/v2\/media\/9009"}],"wp:attachment":[{"href":"https:\/\/www.liceulprometeuprotalent.md\/index.php?rest_route=%2Fwp%2Fv2%2Fmedia&parent=9006"}],"wp:term":[{"taxonomy":"category","embeddable":true,"href":"https:\/\/www.liceulprometeuprotalent.md\/index.php?rest_route=%2Fwp%2Fv2%2Fcategories&post=9006"},{"taxonomy":"post_tag","embeddable":true,"href":"https:\/\/www.liceulprometeuprotalent.md\/index.php?rest_route=%2Fwp%2Fv2%2Ftags&post=9006"}],"curies":[{"name":"wp","href":"https:\/\/api.w.org\/{rel}","templated":true}]}}