{"id":9080,"date":"2025-10-29T10:00:19","date_gmt":"2025-10-29T10:00:19","guid":{"rendered":"https:\/\/www.liceulprometeuprotalent.md\/?p=9080"},"modified":"2025-10-29T10:36:01","modified_gmt":"2025-10-29T10:36:01","slug":"premiante-la-sectiunea-paleta-fermecata","status":"publish","type":"post","link":"https:\/\/www.liceulprometeuprotalent.md\/?p=9080","title":{"rendered":"Premiante la sec\u021biunea \u201ePaleta fermecat\u0103\u201d"},"content":{"rendered":"<p class=\"s5\"><span class=\"s4\"><span class=\"bumpedFont15\">Ilinca Petrov, eleva clasei a VIII-a \u0219i Lia Speran\u021ba, eleva clasei a VI-a de la Liceul de Creativitate \u0219i Inventic\u0103 \u201ePrometeu-<\/span><\/span><span class=\"s4\"><span class=\"bumpedFont15\">Protalent<\/span><\/span><span class=\"s4\"><span class=\"bumpedFont15\">\u201d, <\/span><\/span><span class=\"s4\"><span class=\"bumpedFont15\">au urcat pe scena Festivalului-Concurs municipal \u201eS\u0103 d\u0103ruim culori copil\u0103riei\u201d pentru a-\u0219i primi premiile \u2013 <\/span><\/span><span class=\"s2\"><span class=\"bumpedFont15\">Locul I<\/span><\/span><span class=\"s4\"><span class=\"bumpedFont15\"> \u2013 la <\/span><\/span><span class=\"s4\"><span class=\"bumpedFont15\">sec\u021biunea \u201ePaleta fermecat\u0103\u201d. Festivitatea de premiere a avut loc pe data de 25 octombrie 2025, \u00een <\/span><\/span><span class=\"s4\"><span class=\"bumpedFont15\">parcul \u201eAlunelul\u201d din Chi\u0219in\u0103u.<\/span><\/span><\/p>\n<p class=\"s5\"><span class=\"s4\"><span class=\"bumpedFont15\">Men\u021bion\u0103m c\u0103 p\u00e2n\u0103 la festivitatea de premiere, elevii Liceului <\/span><\/span><span class=\"s4\"><span class=\"bumpedFont15\">\u201e<\/span><\/span><span class=\"s4\"><span class=\"bumpedFont15\">Prometeu-<\/span><\/span><span class=\"s4\"><span class=\"bumpedFont15\">Protalent<\/span><\/span><span class=\"s4\"><span class=\"bumpedFont15\">\u201d au participat pe data <\/span><\/span><span class=\"s4\"><span class=\"bumpedFont15\">6 octombrie la etapa de sector <\/span><\/span><a name=\"_GoBack\"><\/a><span class=\"s4\"><span class=\"bumpedFont15\">a Festivalului-Concurs, unde s-au eviden\u021biat prin str\u0103duin\u021b\u0103 \u0219i talent at\u00e2t \u00eenving\u0103toarele la etapa municipal\u0103, c\u00e2t \u0219i Nicolae Miron, elevul clasei a III-a (\u00eendrum\u0103tor domnul Romeo <\/span><\/span><span class=\"s4\"><span class=\"bumpedFont15\">Schi\u021bco<\/span><\/span><span class=\"s4\"><span class=\"bumpedFont15\">, profesor de educa\u021bie plastic\u0103).<\/span><\/span><\/p>\n<p class=\"s5\"><span class=\"s4\"><span class=\"bumpedFont15\">Ulterior, p<\/span><\/span><span class=\"s4\"><span class=\"bumpedFont15\">remiantele<\/span><\/span><span class=\"s4\"><span class=\"bumpedFont15\"> noastre<\/span><\/span><span class=\"s4\"><span class=\"bumpedFont15\"> au <\/span><\/span><span class=\"s4\"><span class=\"bumpedFont15\">concurat<\/span><\/span><span class=\"s4\"><span class=\"bumpedFont15\">,<\/span><\/span> <span class=\"s6\"><span class=\"bumpedFont15\">cu entuziasm \u0219i inspira\u021bie<\/span><\/span><span class=\"s6\"><span class=\"bumpedFont15\">,<\/span><\/span><span class=\"s4\"><span class=\"bumpedFont15\"> al\u0103turi de peste 300 de elevi din <\/span><\/span><span class=\"s4\"><span class=\"bumpedFont15\">institu\u021biile de \u00eenv\u0103\u021b\u0103m\u00e2nt din <\/span><\/span><span class=\"s4\"><span class=\"bumpedFont15\">Municipiul Chi\u0219in\u0103u<\/span><\/span><span class=\"s4\"><span class=\"bumpedFont15\">, demonstr\u00e2ndu-\u0219i<\/span><\/span><span class=\"s4\"><span class=\"bumpedFont15\">pasiunea<\/span><\/span> <span class=\"s4\"><span class=\"bumpedFont15\">\u0219i creativitatea pentru pictur\u0103<\/span><\/span><span class=\"s4\"><span class=\"bumpedFont15\">.<\/span><\/span><span class=\"s4\"><span class=\"bumpedFont15\"> Ele <\/span><\/span><span class=\"s4\"><span class=\"bumpedFont15\">au fost ghidate \u00een<\/span><\/span><span class=\"s4\"><span class=\"bumpedFont15\">fabuloasa <\/span><\/span><span class=\"s4\"><span class=\"bumpedFont15\">lume a artelor plastice<\/span><\/span><span class=\"s4\"><span class=\"bumpedFont15\"> de domnul Ion <\/span><\/span><span class=\"s4\"><span class=\"bumpedFont15\">Can\u021b\u00eer<\/span><\/span><span class=\"s4\"><span class=\"bumpedFont15\">, profesor de educa\u021bie plastic\u0103, grad didactic superior.<\/span><\/span><\/p>\n<p class=\"s5\"><span class=\"s4\"><span class=\"bumpedFont15\">\u201eIlinca \u0219i Lia au dat dovad\u0103 de pasiune \u0219i seriozitate, iar rezultatele lor sunt rodul muncii consecvente \u0219i a dorin\u021bei de a se perfec\u021biona mereu. M\u0103 bucur nespus c\u0103 eforturile le-au fost recunoscute \u0219i apreciate\u201d, a men\u021bionat domnul Ion <\/span><\/span><span class=\"s4\"><span class=\"bumpedFont15\">Can\u021b\u00eer<\/span><\/span><span class=\"s4\"><span class=\"bumpedFont15\">. <\/span><\/span><\/p>\n<p class=\"s5\"><span class=\"s4\"><span class=\"bumpedFont15\">Felicit\u0103ri, drag\u0103 Ilinca \u0219i drag\u0103 Lia!<\/span><\/span><span class=\"s4\"><span class=\"bumpedFont15\"> Lumea frumosului pe care o explora\u021bi cu succes ne bucur\u0103 \u0219i ne impresioneaz\u0103 foarte mult. <\/span><\/span><\/p>\n<p class=\"s5\"><span class=\"s4\"><span class=\"bumpedFont15\">Felicit\u0103ri, stimate <\/span><\/span><span class=\"s4\"><span class=\"bumpedFont15\">domnule<\/span><\/span><span class=\"s4\"><span class=\"bumpedFont15\"> profesor Ion <\/span><\/span><span class=\"s4\"><span class=\"bumpedFont15\">Can\u021b\u00eer<\/span><\/span><span class=\"s4\"><span class=\"bumpedFont15\">! <\/span><\/span><span class=\"s4\"><span class=\"bumpedFont15\">Mul\u021bumim <\/span><\/span><span class=\"s4\"><span class=\"bumpedFont15\">pentru profesionalism \u0219i d\u0103ruire. \u00a0<\/span><\/span><\/p>\n<p class=\"s5\">\n<p class=\"s5\">\n<p class=\"s7\">\n<p><img decoding=\"async\" class=\"alignnone wp-image-9086 size-fusion-400\" style=\"text-align: center;\" src=\"https:\/\/www.liceulprometeuprotalent.md\/wp-content\/uploads\/2025\/10\/viber_image_2025-10-25_18-54-53-702-400x355.jpg\" alt=\"\" width=\"400\" height=\"355\" srcset=\"https:\/\/www.liceulprometeuprotalent.md\/wp-content\/uploads\/2025\/10\/viber_image_2025-10-25_18-54-53-702-200x178.jpg 200w, https:\/\/www.liceulprometeuprotalent.md\/wp-content\/uploads\/2025\/10\/viber_image_2025-10-25_18-54-53-702-300x266.jpg 300w, https:\/\/www.liceulprometeuprotalent.md\/wp-content\/uploads\/2025\/10\/viber_image_2025-10-25_18-54-53-702-400x355.jpg 400w, https:\/\/www.liceulprometeuprotalent.md\/wp-content\/uploads\/2025\/10\/viber_image_2025-10-25_18-54-53-702-600x533.jpg 600w, https:\/\/www.liceulprometeuprotalent.md\/wp-content\/uploads\/2025\/10\/viber_image_2025-10-25_18-54-53-702-768x682.jpg 768w, https:\/\/www.liceulprometeuprotalent.md\/wp-content\/uploads\/2025\/10\/viber_image_2025-10-25_18-54-53-702-800x711.jpg 800w, https:\/\/www.liceulprometeuprotalent.md\/wp-content\/uploads\/2025\/10\/viber_image_2025-10-25_18-54-53-702-1024x909.jpg 1024w, https:\/\/www.liceulprometeuprotalent.md\/wp-content\/uploads\/2025\/10\/viber_image_2025-10-25_18-54-53-702-1200x1066.jpg 1200w, https:\/\/www.liceulprometeuprotalent.md\/wp-content\/uploads\/2025\/10\/viber_image_2025-10-25_18-54-53-702-1536x1364.jpg 1536w, https:\/\/www.liceulprometeuprotalent.md\/wp-content\/uploads\/2025\/10\/viber_image_2025-10-25_18-54-53-702.jpg 1600w\" sizes=\"(max-width: 400px) 100vw, 400px\" \/><img decoding=\"async\" class=\"alignnone wp-image-9090 size-fusion-400\" style=\"text-align: center;\" src=\"https:\/\/www.liceulprometeuprotalent.md\/wp-content\/uploads\/2025\/10\/571120269_10232024878630255_3451479543163217361_n-400x440.jpg\" alt=\"\" width=\"400\" height=\"440\" srcset=\"https:\/\/www.liceulprometeuprotalent.md\/wp-content\/uploads\/2025\/10\/571120269_10232024878630255_3451479543163217361_n-200x220.jpg 200w, https:\/\/www.liceulprometeuprotalent.md\/wp-content\/uploads\/2025\/10\/571120269_10232024878630255_3451479543163217361_n-273x300.jpg 273w, https:\/\/www.liceulprometeuprotalent.md\/wp-content\/uploads\/2025\/10\/571120269_10232024878630255_3451479543163217361_n-400x440.jpg 400w, https:\/\/www.liceulprometeuprotalent.md\/wp-content\/uploads\/2025\/10\/571120269_10232024878630255_3451479543163217361_n-600x660.jpg 600w, https:\/\/www.liceulprometeuprotalent.md\/wp-content\/uploads\/2025\/10\/571120269_10232024878630255_3451479543163217361_n-768x844.jpg 768w, https:\/\/www.liceulprometeuprotalent.md\/wp-content\/uploads\/2025\/10\/571120269_10232024878630255_3451479543163217361_n-800x879.jpg 800w, https:\/\/www.liceulprometeuprotalent.md\/wp-content\/uploads\/2025\/10\/571120269_10232024878630255_3451479543163217361_n-932x1024.jpg 932w, https:\/\/www.liceulprometeuprotalent.md\/wp-content\/uploads\/2025\/10\/571120269_10232024878630255_3451479543163217361_n-1200x1319.jpg 1200w, https:\/\/www.liceulprometeuprotalent.md\/wp-content\/uploads\/2025\/10\/571120269_10232024878630255_3451479543163217361_n-1397x1536.jpg 1397w, https:\/\/www.liceulprometeuprotalent.md\/wp-content\/uploads\/2025\/10\/571120269_10232024878630255_3451479543163217361_n.jpg 1863w\" sizes=\"(max-width: 400px) 100vw, 400px\" \/><img decoding=\"async\" class=\"alignnone wp-image-9087 size-fusion-400\" style=\"text-align: center;\" src=\"https:\/\/www.liceulprometeuprotalent.md\/wp-content\/uploads\/2025\/10\/571165673_10232024881950338_5896089073449832509_n-400x300.jpg\" alt=\"\" width=\"400\" height=\"300\" srcset=\"https:\/\/www.liceulprometeuprotalent.md\/wp-content\/uploads\/2025\/10\/571165673_10232024881950338_5896089073449832509_n-200x150.jpg 200w, https:\/\/www.liceulprometeuprotalent.md\/wp-content\/uploads\/2025\/10\/571165673_10232024881950338_5896089073449832509_n-300x225.jpg 300w, https:\/\/www.liceulprometeuprotalent.md\/wp-content\/uploads\/2025\/10\/571165673_10232024881950338_5896089073449832509_n-400x300.jpg 400w, https:\/\/www.liceulprometeuprotalent.md\/wp-content\/uploads\/2025\/10\/571165673_10232024881950338_5896089073449832509_n-600x450.jpg 600w, https:\/\/www.liceulprometeuprotalent.md\/wp-content\/uploads\/2025\/10\/571165673_10232024881950338_5896089073449832509_n-768x576.jpg 768w, https:\/\/www.liceulprometeuprotalent.md\/wp-content\/uploads\/2025\/10\/571165673_10232024881950338_5896089073449832509_n-800x600.jpg 800w, https:\/\/www.liceulprometeuprotalent.md\/wp-content\/uploads\/2025\/10\/571165673_10232024881950338_5896089073449832509_n-1024x768.jpg 1024w, https:\/\/www.liceulprometeuprotalent.md\/wp-content\/uploads\/2025\/10\/571165673_10232024881950338_5896089073449832509_n-1200x900.jpg 1200w, https:\/\/www.liceulprometeuprotalent.md\/wp-content\/uploads\/2025\/10\/571165673_10232024881950338_5896089073449832509_n-1536x1152.jpg 1536w\" sizes=\"(max-width: 400px) 100vw, 400px\" \/> <img decoding=\"async\" class=\"alignnone wp-image-9088 size-fusion-400\" style=\"text-align: center;\" src=\"https:\/\/www.liceulprometeuprotalent.md\/wp-content\/uploads\/2025\/10\/571243328_10232024879830285_8719002490646996641_n-400x300.jpg\" alt=\"\" width=\"400\" height=\"300\" srcset=\"https:\/\/www.liceulprometeuprotalent.md\/wp-content\/uploads\/2025\/10\/571243328_10232024879830285_8719002490646996641_n-200x150.jpg 200w, https:\/\/www.liceulprometeuprotalent.md\/wp-content\/uploads\/2025\/10\/571243328_10232024879830285_8719002490646996641_n-300x225.jpg 300w, https:\/\/www.liceulprometeuprotalent.md\/wp-content\/uploads\/2025\/10\/571243328_10232024879830285_8719002490646996641_n-400x300.jpg 400w, https:\/\/www.liceulprometeuprotalent.md\/wp-content\/uploads\/2025\/10\/571243328_10232024879830285_8719002490646996641_n-600x450.jpg 600w, https:\/\/www.liceulprometeuprotalent.md\/wp-content\/uploads\/2025\/10\/571243328_10232024879830285_8719002490646996641_n-768x576.jpg 768w, https:\/\/www.liceulprometeuprotalent.md\/wp-content\/uploads\/2025\/10\/571243328_10232024879830285_8719002490646996641_n-800x600.jpg 800w, https:\/\/www.liceulprometeuprotalent.md\/wp-content\/uploads\/2025\/10\/571243328_10232024879830285_8719002490646996641_n-1024x768.jpg 1024w, https:\/\/www.liceulprometeuprotalent.md\/wp-content\/uploads\/2025\/10\/571243328_10232024879830285_8719002490646996641_n-1200x900.jpg 1200w, https:\/\/www.liceulprometeuprotalent.md\/wp-content\/uploads\/2025\/10\/571243328_10232024879830285_8719002490646996641_n-1536x1152.jpg 1536w\" sizes=\"(max-width: 400px) 100vw, 400px\" \/><\/p>\n","protected":false},"excerpt":{"rendered":"<p>Ilinca Petrov, eleva clasei a VIII-a \u0219i Lia Speran\u021ba, eleva clasei a VI-a de la Liceul de Creativitate \u0219i Inventic\u0103 \u201ePrometeu-Protalent\u201d, au urcat pe scena Festivalului-Concurs municipal \u201eS\u0103 d\u0103ruim culori copil\u0103riei\u201d pentru a-\u0219i primi premiile \u2013 Locul I \u2013 la sec\u021biunea \u201ePaleta fermecat\u0103\u201d. Festivitatea de premiere a avut loc pe data de 25 octombrie 2025, [&hellip;]<\/p>\n","protected":false},"author":1,"featured_media":9086,"comment_status":"open","ping_status":"open","sticky":false,"template":"","format":"standard","meta":{"_price":"","_stock":"","_tribe_ticket_header":"","_tribe_default_ticket_provider":"","_tribe_ticket_capacity":"0","_ticket_start_date":"","_ticket_end_date":"","_tribe_ticket_show_description":"","_tribe_ticket_show_not_going":false,"_tribe_ticket_use_global_stock":"","_tribe_ticket_global_stock_level":"","_global_stock_mode":"","_global_stock_cap":"","_tribe_rsvp_for_event":"","_tribe_ticket_going_count":"","_tribe_ticket_not_going_count":"","_tribe_tickets_list":"[]","_tribe_ticket_has_attendee_info_fields":false,"footnotes":""},"categories":[89,80,1],"tags":[],"class_list":["post-9080","post","type-post","status-publish","format-standard","has-post-thumbnail","hentry","category-blog","category-toate-categoriile","category-uncategorized"],"_links":{"self":[{"href":"https:\/\/www.liceulprometeuprotalent.md\/index.php?rest_route=\/wp\/v2\/posts\/9080","targetHints":{"allow":["GET"]}}],"collection":[{"href":"https:\/\/www.liceulprometeuprotalent.md\/index.php?rest_route=\/wp\/v2\/posts"}],"about":[{"href":"https:\/\/www.liceulprometeuprotalent.md\/index.php?rest_route=\/wp\/v2\/types\/post"}],"author":[{"embeddable":true,"href":"https:\/\/www.liceulprometeuprotalent.md\/index.php?rest_route=\/wp\/v2\/users\/1"}],"replies":[{"embeddable":true,"href":"https:\/\/www.liceulprometeuprotalent.md\/index.php?rest_route=%2Fwp%2Fv2%2Fcomments&post=9080"}],"version-history":[{"count":2,"href":"https:\/\/www.liceulprometeuprotalent.md\/index.php?rest_route=\/wp\/v2\/posts\/9080\/revisions"}],"predecessor-version":[{"id":9123,"href":"https:\/\/www.liceulprometeuprotalent.md\/index.php?rest_route=\/wp\/v2\/posts\/9080\/revisions\/9123"}],"wp:featuredmedia":[{"embeddable":true,"href":"https:\/\/www.liceulprometeuprotalent.md\/index.php?rest_route=\/wp\/v2\/media\/9086"}],"wp:attachment":[{"href":"https:\/\/www.liceulprometeuprotalent.md\/index.php?rest_route=%2Fwp%2Fv2%2Fmedia&parent=9080"}],"wp:term":[{"taxonomy":"category","embeddable":true,"href":"https:\/\/www.liceulprometeuprotalent.md\/index.php?rest_route=%2Fwp%2Fv2%2Fcategories&post=9080"},{"taxonomy":"post_tag","embeddable":true,"href":"https:\/\/www.liceulprometeuprotalent.md\/index.php?rest_route=%2Fwp%2Fv2%2Ftags&post=9080"}],"curies":[{"name":"wp","href":"https:\/\/api.w.org\/{rel}","templated":true}]}}