{"id":9099,"date":"2025-10-29T10:03:26","date_gmt":"2025-10-29T10:03:26","guid":{"rendered":"https:\/\/www.liceulprometeuprotalent.md\/?p=9099"},"modified":"2025-10-29T10:03:26","modified_gmt":"2025-10-29T10:03:26","slug":"sanatatea-alimentara-imperativ-major-al-fiintei-umane","status":"publish","type":"post","link":"https:\/\/www.liceulprometeuprotalent.md\/?p=9099","title":{"rendered":"S\u0103n\u0103tatea alimentar\u0103 \u2013 imperativ major al fiin\u021bei umane"},"content":{"rendered":"<p>Pe data de 24 octombrie 2025, \u00eenainte de vacan\u021ba de toamn\u0103, elevii Liceului de Creativitate \u0219i Inventic\u0103 \u201ePrometeu-Protalent\u201d, \u00eempreun\u0103 cu dasc\u0103lii lor, au fost protagoni\u0219tii unei minunate \u0219i \u201es\u0103n\u0103toase\u201d activit\u0103\u021bi, organizate \u00een pauza mare dintre lec\u021bii. Eu au r\u0103spuns \u00eendemnului \u201eEnergizare prin vitaminizare\u201d, o activitate devenit\u0103 tradi\u021bie, \u0219i au savurat fructe \u0219i legume proaspete, preg\u0103tite de clasele gimnaziale \u0219i liceale, \u00eempreun\u0103 cu dirigin\u021bii lor.<br \/>\nActivitatea a avut drept scop promovarea modului s\u0103n\u0103tos de via\u021b\u0103, iar aderarea la ea a tuturor elevilor \u0219i profesorilor, denot\u0103 asumarea acestui deziderat, foarte important pentru s\u0103n\u0103tatea uman\u0103 \u0219i starea de bine a fiec\u0103rei persoane.<br \/>\nIni\u021biat\u0103 acum c\u00e2\u021biva ani de doamna Angela Lungu, director adjunct pentru instruire, activitatea \u201eEnergizare prin vitaminizare\u201d este continuat\u0103 actualmente, cu aceea\u0219i inspira\u021bie, de doamna Angela Miron, director adjunct pentru educa\u021bie.<br \/>\n\u201eConsumul zilnic de fructe \u0219i legume reprezint\u0103 un comportament alimentar s\u0103n\u0103tos, pe care to\u021bi trebuie s\u0103 ni-l asum\u0103m. Activitatea este un pas spre con\u0219tientizare c\u0103 alimenta\u021bia s\u0103n\u0103toas\u0103 \u00eenseamn\u0103 s\u0103 te sim\u021bi bine \u00een propria piele, s\u0103 ai mai mult\u0103 energie, s\u0103-\u021bi \u00eembun\u0103t\u0103\u021be\u0219ti starea general\u0103 de s\u0103n\u0103tate \u0219i totodat\u0103 s\u0103 beneficiezi \u0219i la capitolul starea de spirit\u201d, a subliniat doamna Angela Miron, amintind de marele poet antic Hora\u021biu, care spunea: ,,M\u00e2ncarea s\u0103n\u0103toas\u0103 este un mod de via\u021b\u0103, a\u0219a c\u0103 este important s\u0103 stabilim rutine simple, realiste \u0219i, \u00een cele din urm\u0103, viabile.&#8221;<br \/>\nFelicit\u0103ri tuturor celor implica\u021bi la desf\u0103\u0219urarea, cu impact major, a acestei nobile activit\u0103\u021bi!<\/p>\n<p style=\"text-align: center;\"><img decoding=\"async\" class=\"alignnone wp-image-9106 size-fusion-400\" src=\"https:\/\/www.liceulprometeuprotalent.md\/wp-content\/uploads\/2025\/10\/viber_image_2025-10-24_13-57-16-865-400x300.jpg\" alt=\"\" width=\"400\" height=\"300\" srcset=\"https:\/\/www.liceulprometeuprotalent.md\/wp-content\/uploads\/2025\/10\/viber_image_2025-10-24_13-57-16-865-200x150.jpg 200w, https:\/\/www.liceulprometeuprotalent.md\/wp-content\/uploads\/2025\/10\/viber_image_2025-10-24_13-57-16-865-300x225.jpg 300w, https:\/\/www.liceulprometeuprotalent.md\/wp-content\/uploads\/2025\/10\/viber_image_2025-10-24_13-57-16-865-400x300.jpg 400w, https:\/\/www.liceulprometeuprotalent.md\/wp-content\/uploads\/2025\/10\/viber_image_2025-10-24_13-57-16-865-600x450.jpg 600w, https:\/\/www.liceulprometeuprotalent.md\/wp-content\/uploads\/2025\/10\/viber_image_2025-10-24_13-57-16-865-768x576.jpg 768w, https:\/\/www.liceulprometeuprotalent.md\/wp-content\/uploads\/2025\/10\/viber_image_2025-10-24_13-57-16-865-800x600.jpg 800w, https:\/\/www.liceulprometeuprotalent.md\/wp-content\/uploads\/2025\/10\/viber_image_2025-10-24_13-57-16-865-1024x768.jpg 1024w, https:\/\/www.liceulprometeuprotalent.md\/wp-content\/uploads\/2025\/10\/viber_image_2025-10-24_13-57-16-865-1200x900.jpg 1200w, https:\/\/www.liceulprometeuprotalent.md\/wp-content\/uploads\/2025\/10\/viber_image_2025-10-24_13-57-16-865-1536x1152.jpg 1536w, https:\/\/www.liceulprometeuprotalent.md\/wp-content\/uploads\/2025\/10\/viber_image_2025-10-24_13-57-16-865.jpg 1600w\" sizes=\"(max-width: 400px) 100vw, 400px\" \/> <img decoding=\"async\" class=\"alignnone wp-image-9107 size-fusion-400\" src=\"https:\/\/www.liceulprometeuprotalent.md\/wp-content\/uploads\/2025\/10\/viber_image_2025-10-24_13-57-16-834-400x300.jpg\" alt=\"\" width=\"400\" height=\"300\" srcset=\"https:\/\/www.liceulprometeuprotalent.md\/wp-content\/uploads\/2025\/10\/viber_image_2025-10-24_13-57-16-834-200x150.jpg 200w, https:\/\/www.liceulprometeuprotalent.md\/wp-content\/uploads\/2025\/10\/viber_image_2025-10-24_13-57-16-834-300x225.jpg 300w, https:\/\/www.liceulprometeuprotalent.md\/wp-content\/uploads\/2025\/10\/viber_image_2025-10-24_13-57-16-834-400x300.jpg 400w, https:\/\/www.liceulprometeuprotalent.md\/wp-content\/uploads\/2025\/10\/viber_image_2025-10-24_13-57-16-834-600x450.jpg 600w, https:\/\/www.liceulprometeuprotalent.md\/wp-content\/uploads\/2025\/10\/viber_image_2025-10-24_13-57-16-834-768x576.jpg 768w, https:\/\/www.liceulprometeuprotalent.md\/wp-content\/uploads\/2025\/10\/viber_image_2025-10-24_13-57-16-834-800x600.jpg 800w, https:\/\/www.liceulprometeuprotalent.md\/wp-content\/uploads\/2025\/10\/viber_image_2025-10-24_13-57-16-834-1024x768.jpg 1024w, https:\/\/www.liceulprometeuprotalent.md\/wp-content\/uploads\/2025\/10\/viber_image_2025-10-24_13-57-16-834-1200x900.jpg 1200w, https:\/\/www.liceulprometeuprotalent.md\/wp-content\/uploads\/2025\/10\/viber_image_2025-10-24_13-57-16-834-1536x1152.jpg 1536w, https:\/\/www.liceulprometeuprotalent.md\/wp-content\/uploads\/2025\/10\/viber_image_2025-10-24_13-57-16-834.jpg 1600w\" sizes=\"(max-width: 400px) 100vw, 400px\" \/> <img decoding=\"async\" class=\"alignnone wp-image-9108 size-fusion-400\" src=\"https:\/\/www.liceulprometeuprotalent.md\/wp-content\/uploads\/2025\/10\/viber_image_2025-10-24_13-57-16-770-400x300.jpg\" alt=\"\" width=\"400\" height=\"300\" srcset=\"https:\/\/www.liceulprometeuprotalent.md\/wp-content\/uploads\/2025\/10\/viber_image_2025-10-24_13-57-16-770-200x150.jpg 200w, https:\/\/www.liceulprometeuprotalent.md\/wp-content\/uploads\/2025\/10\/viber_image_2025-10-24_13-57-16-770-300x225.jpg 300w, https:\/\/www.liceulprometeuprotalent.md\/wp-content\/uploads\/2025\/10\/viber_image_2025-10-24_13-57-16-770-400x300.jpg 400w, https:\/\/www.liceulprometeuprotalent.md\/wp-content\/uploads\/2025\/10\/viber_image_2025-10-24_13-57-16-770-600x450.jpg 600w, https:\/\/www.liceulprometeuprotalent.md\/wp-content\/uploads\/2025\/10\/viber_image_2025-10-24_13-57-16-770-768x576.jpg 768w, https:\/\/www.liceulprometeuprotalent.md\/wp-content\/uploads\/2025\/10\/viber_image_2025-10-24_13-57-16-770-800x600.jpg 800w, https:\/\/www.liceulprometeuprotalent.md\/wp-content\/uploads\/2025\/10\/viber_image_2025-10-24_13-57-16-770-1024x768.jpg 1024w, https:\/\/www.liceulprometeuprotalent.md\/wp-content\/uploads\/2025\/10\/viber_image_2025-10-24_13-57-16-770-1200x900.jpg 1200w, https:\/\/www.liceulprometeuprotalent.md\/wp-content\/uploads\/2025\/10\/viber_image_2025-10-24_13-57-16-770-1536x1152.jpg 1536w, https:\/\/www.liceulprometeuprotalent.md\/wp-content\/uploads\/2025\/10\/viber_image_2025-10-24_13-57-16-770.jpg 1600w\" sizes=\"(max-width: 400px) 100vw, 400px\" \/> <img decoding=\"async\" class=\"alignnone wp-image-9110 size-fusion-400\" src=\"https:\/\/www.liceulprometeuprotalent.md\/wp-content\/uploads\/2025\/10\/viber_image_2025-10-24_13-57-16-800-400x300.jpg\" alt=\"\" width=\"400\" height=\"300\" srcset=\"https:\/\/www.liceulprometeuprotalent.md\/wp-content\/uploads\/2025\/10\/viber_image_2025-10-24_13-57-16-800-200x150.jpg 200w, https:\/\/www.liceulprometeuprotalent.md\/wp-content\/uploads\/2025\/10\/viber_image_2025-10-24_13-57-16-800-300x225.jpg 300w, https:\/\/www.liceulprometeuprotalent.md\/wp-content\/uploads\/2025\/10\/viber_image_2025-10-24_13-57-16-800-400x300.jpg 400w, https:\/\/www.liceulprometeuprotalent.md\/wp-content\/uploads\/2025\/10\/viber_image_2025-10-24_13-57-16-800-600x450.jpg 600w, https:\/\/www.liceulprometeuprotalent.md\/wp-content\/uploads\/2025\/10\/viber_image_2025-10-24_13-57-16-800-768x576.jpg 768w, https:\/\/www.liceulprometeuprotalent.md\/wp-content\/uploads\/2025\/10\/viber_image_2025-10-24_13-57-16-800-800x600.jpg 800w, https:\/\/www.liceulprometeuprotalent.md\/wp-content\/uploads\/2025\/10\/viber_image_2025-10-24_13-57-16-800-1024x768.jpg 1024w, https:\/\/www.liceulprometeuprotalent.md\/wp-content\/uploads\/2025\/10\/viber_image_2025-10-24_13-57-16-800-1200x900.jpg 1200w, https:\/\/www.liceulprometeuprotalent.md\/wp-content\/uploads\/2025\/10\/viber_image_2025-10-24_13-57-16-800-1536x1152.jpg 1536w, https:\/\/www.liceulprometeuprotalent.md\/wp-content\/uploads\/2025\/10\/viber_image_2025-10-24_13-57-16-800.jpg 1600w\" sizes=\"(max-width: 400px) 100vw, 400px\" \/><\/p>\n","protected":false},"excerpt":{"rendered":"<p>Pe data de 24 octombrie 2025, \u00eenainte de vacan\u021ba de toamn\u0103, elevii Liceului de Creativitate \u0219i Inventic\u0103 \u201ePrometeu-Protalent\u201d, \u00eempreun\u0103 cu dasc\u0103lii lor, au fost protagoni\u0219tii unei minunate \u0219i \u201es\u0103n\u0103toase\u201d activit\u0103\u021bi, organizate \u00een pauza mare dintre lec\u021bii. Eu au r\u0103spuns \u00eendemnului \u201eEnergizare prin vitaminizare\u201d, o activitate devenit\u0103 tradi\u021bie, \u0219i au savurat fructe \u0219i legume proaspete, preg\u0103tite [&hellip;]<\/p>\n","protected":false},"author":1,"featured_media":9108,"comment_status":"open","ping_status":"open","sticky":false,"template":"","format":"standard","meta":{"_price":"","_stock":"","_tribe_ticket_header":"","_tribe_default_ticket_provider":"","_tribe_ticket_capacity":"0","_ticket_start_date":"","_ticket_end_date":"","_tribe_ticket_show_description":"","_tribe_ticket_show_not_going":false,"_tribe_ticket_use_global_stock":"","_tribe_ticket_global_stock_level":"","_global_stock_mode":"","_global_stock_cap":"","_tribe_rsvp_for_event":"","_tribe_ticket_going_count":"","_tribe_ticket_not_going_count":"","_tribe_tickets_list":"[]","_tribe_ticket_has_attendee_info_fields":false,"footnotes":""},"categories":[89,80,1],"tags":[],"class_list":["post-9099","post","type-post","status-publish","format-standard","has-post-thumbnail","hentry","category-blog","category-toate-categoriile","category-uncategorized"],"_links":{"self":[{"href":"https:\/\/www.liceulprometeuprotalent.md\/index.php?rest_route=\/wp\/v2\/posts\/9099","targetHints":{"allow":["GET"]}}],"collection":[{"href":"https:\/\/www.liceulprometeuprotalent.md\/index.php?rest_route=\/wp\/v2\/posts"}],"about":[{"href":"https:\/\/www.liceulprometeuprotalent.md\/index.php?rest_route=\/wp\/v2\/types\/post"}],"author":[{"embeddable":true,"href":"https:\/\/www.liceulprometeuprotalent.md\/index.php?rest_route=\/wp\/v2\/users\/1"}],"replies":[{"embeddable":true,"href":"https:\/\/www.liceulprometeuprotalent.md\/index.php?rest_route=%2Fwp%2Fv2%2Fcomments&post=9099"}],"version-history":[{"count":1,"href":"https:\/\/www.liceulprometeuprotalent.md\/index.php?rest_route=\/wp\/v2\/posts\/9099\/revisions"}],"predecessor-version":[{"id":9116,"href":"https:\/\/www.liceulprometeuprotalent.md\/index.php?rest_route=\/wp\/v2\/posts\/9099\/revisions\/9116"}],"wp:featuredmedia":[{"embeddable":true,"href":"https:\/\/www.liceulprometeuprotalent.md\/index.php?rest_route=\/wp\/v2\/media\/9108"}],"wp:attachment":[{"href":"https:\/\/www.liceulprometeuprotalent.md\/index.php?rest_route=%2Fwp%2Fv2%2Fmedia&parent=9099"}],"wp:term":[{"taxonomy":"category","embeddable":true,"href":"https:\/\/www.liceulprometeuprotalent.md\/index.php?rest_route=%2Fwp%2Fv2%2Fcategories&post=9099"},{"taxonomy":"post_tag","embeddable":true,"href":"https:\/\/www.liceulprometeuprotalent.md\/index.php?rest_route=%2Fwp%2Fv2%2Ftags&post=9099"}],"curies":[{"name":"wp","href":"https:\/\/api.w.org\/{rel}","templated":true}]}}