{"id":9124,"date":"2025-11-04T13:55:49","date_gmt":"2025-11-04T13:55:49","guid":{"rendered":"https:\/\/www.liceulprometeuprotalent.md\/?p=9124"},"modified":"2025-11-04T13:55:49","modified_gmt":"2025-11-04T13:55:49","slug":"succese-frumoase-la-concursul-municipal-magia-cartii-transformate","status":"publish","type":"post","link":"https:\/\/www.liceulprometeuprotalent.md\/?p=9124","title":{"rendered":"Succese frumoase la Concursul municipal \u201eMagia c\u0103r\u021bii transformate\u201d"},"content":{"rendered":"<p>Discipolii doamnei Anna Manea, profesoar\u0103 de educa\u021bie tehnologic\u0103, grad didactic II, de la Liceul de Creativitate \u0219i Inventic\u0103 \u201ePrometeu-Protalent\u201d au ob\u021binut premii dintre cele mai frumoase la Concursul municipal de art\u0103 decorativ\u0103 \u201eMagia c\u0103r\u021bii transformate\u201d, care a avut loc pe data de 23 octombrie 2025.<\/p>\n<p>Concursul s-a desf\u0103\u0219urat \u00een dou\u0103 etape \u2013 local\u0103 \u0219i municipal\u0103 \u2013 pentru patru categorii de v\u00e2rst\u0103: 8-10 ani, 11-13 ani, 14-16 ani, 17-19 ani.<\/p>\n<p>Elevii no\u0219tri au ajuns cu succes la etapa municipal\u0103 \u0219i au ob\u021binut urm\u0103toarele rezultate:<\/p>\n<p><strong>Locul I<\/strong> \u2013 Cezar Dincov (15 ani) pentru lucrarea ,,Altarul credin\u021bei de la ,,Prometeu-Protalent&#8221;;<\/p>\n<p><strong>Locul II<\/strong> \u2013 Cosmin Suruceanu \u0219i Sofia Stadler (13 ani) pentru lucrarea ,,Cartea \u2013 izvorul<\/p>\n<p>cunoa\u0219terii);<\/p>\n<p><strong>Locul III <\/strong>\u2013 Adelina R\u0103cil\u0103 (12 ani) pentru lucrarea ,,Marea zbuciumat\u0103&#8221;;<\/p>\n<p><strong>Locul III <\/strong>\u2013 Ilinca Manea (9 ani) pentru lucrarea ,,Cartea &#8211; fagure de miere&#8221;.<\/p>\n<p>Bravo, dragi elevi! S\u00e2rguin\u021ba \u0219i creativitatea voastr\u0103 a fost apreciat\u0103 la justa valoare \u0219i ne bucur\u0103m mult pentru voi.<\/p>\n<p>Felicit\u0103ri, stimat\u0103 doamn\u0103 profesoar\u0103 Anna Manea! Este de admirat imagina\u021bia, r\u0103bdarea \u0219i dragostea de carte a discipolilor Dvs., care au transformat c\u0103r\u021bi vechi \u00een adev\u0103rate opere de art\u0103. Mul\u021bumim pentru efort \u0219i dedicare.<\/p>\n<p><strong>Nota bene:<\/strong> Concursul municipal de art\u0103 decorativ\u0103 \u201eMagia c\u0103r\u021bii transformate&#8221; este destinat copiilor pasiona\u021bi de lucru manual. Competi\u021bia a avut drept scop stimularea creativit\u0103\u021bii elevilor prin valorificarea artistic\u0103 a c\u0103r\u021bilor vechi, promovarea recicl\u0103rii creative \u0219i dezvoltarea gustului estetic, iar obiectivele lui au urm\u0103rit cultivarea imagina\u021biei \u0219i originalit\u0103\u021bii elevilor, formarea atitudinii responsabile fa\u021b\u0103 de resurse prin utilizare artistic\u0103, promovarea artei decorative ca form\u0103 de expresie \u0219i crearea unei expozi\u021bii reprezentative la nivel municipal.<\/p>\n<p style=\"text-align: center;\">\u00a0<img decoding=\"async\" class=\"alignnone wp-image-9126 size-fusion-400\" src=\"https:\/\/www.liceulprometeuprotalent.md\/wp-content\/uploads\/2025\/11\/viber_image_2025-11-04_08-22-13-912-400x300.jpg\" alt=\"\" width=\"400\" height=\"300\" srcset=\"https:\/\/www.liceulprometeuprotalent.md\/wp-content\/uploads\/2025\/11\/viber_image_2025-11-04_08-22-13-912-200x150.jpg 200w, https:\/\/www.liceulprometeuprotalent.md\/wp-content\/uploads\/2025\/11\/viber_image_2025-11-04_08-22-13-912-300x225.jpg 300w, https:\/\/www.liceulprometeuprotalent.md\/wp-content\/uploads\/2025\/11\/viber_image_2025-11-04_08-22-13-912-400x300.jpg 400w, https:\/\/www.liceulprometeuprotalent.md\/wp-content\/uploads\/2025\/11\/viber_image_2025-11-04_08-22-13-912-600x450.jpg 600w, https:\/\/www.liceulprometeuprotalent.md\/wp-content\/uploads\/2025\/11\/viber_image_2025-11-04_08-22-13-912-768x576.jpg 768w, https:\/\/www.liceulprometeuprotalent.md\/wp-content\/uploads\/2025\/11\/viber_image_2025-11-04_08-22-13-912-800x600.jpg 800w, https:\/\/www.liceulprometeuprotalent.md\/wp-content\/uploads\/2025\/11\/viber_image_2025-11-04_08-22-13-912-1024x768.jpg 1024w, https:\/\/www.liceulprometeuprotalent.md\/wp-content\/uploads\/2025\/11\/viber_image_2025-11-04_08-22-13-912-1200x900.jpg 1200w, https:\/\/www.liceulprometeuprotalent.md\/wp-content\/uploads\/2025\/11\/viber_image_2025-11-04_08-22-13-912-1536x1152.jpg 1536w, https:\/\/www.liceulprometeuprotalent.md\/wp-content\/uploads\/2025\/11\/viber_image_2025-11-04_08-22-13-912.jpg 1600w\" sizes=\"(max-width: 400px) 100vw, 400px\" \/> \u00a0<img decoding=\"async\" class=\"alignnone wp-image-9128 size-fusion-400\" src=\"https:\/\/www.liceulprometeuprotalent.md\/wp-content\/uploads\/2025\/11\/viber_image_2025-11-04_08-22-13-997-400x300.jpg\" alt=\"\" width=\"400\" height=\"300\" srcset=\"https:\/\/www.liceulprometeuprotalent.md\/wp-content\/uploads\/2025\/11\/viber_image_2025-11-04_08-22-13-997-200x150.jpg 200w, https:\/\/www.liceulprometeuprotalent.md\/wp-content\/uploads\/2025\/11\/viber_image_2025-11-04_08-22-13-997-300x225.jpg 300w, https:\/\/www.liceulprometeuprotalent.md\/wp-content\/uploads\/2025\/11\/viber_image_2025-11-04_08-22-13-997-400x300.jpg 400w, https:\/\/www.liceulprometeuprotalent.md\/wp-content\/uploads\/2025\/11\/viber_image_2025-11-04_08-22-13-997-600x450.jpg 600w, https:\/\/www.liceulprometeuprotalent.md\/wp-content\/uploads\/2025\/11\/viber_image_2025-11-04_08-22-13-997-768x576.jpg 768w, https:\/\/www.liceulprometeuprotalent.md\/wp-content\/uploads\/2025\/11\/viber_image_2025-11-04_08-22-13-997-800x600.jpg 800w, https:\/\/www.liceulprometeuprotalent.md\/wp-content\/uploads\/2025\/11\/viber_image_2025-11-04_08-22-13-997-1024x768.jpg 1024w, https:\/\/www.liceulprometeuprotalent.md\/wp-content\/uploads\/2025\/11\/viber_image_2025-11-04_08-22-13-997-1200x900.jpg 1200w, https:\/\/www.liceulprometeuprotalent.md\/wp-content\/uploads\/2025\/11\/viber_image_2025-11-04_08-22-13-997-1536x1152.jpg 1536w, https:\/\/www.liceulprometeuprotalent.md\/wp-content\/uploads\/2025\/11\/viber_image_2025-11-04_08-22-13-997.jpg 1600w\" sizes=\"(max-width: 400px) 100vw, 400px\" \/><\/p>\n<p>\u00e2<img decoding=\"async\" class=\"alignnone wp-image-9127 size-fusion-400\" src=\"https:\/\/www.liceulprometeuprotalent.md\/wp-content\/uploads\/2025\/11\/viber_image_2025-11-04_08-22-13-970-400x533.jpg\" alt=\"\" width=\"400\" height=\"533\" srcset=\"https:\/\/www.liceulprometeuprotalent.md\/wp-content\/uploads\/2025\/11\/viber_image_2025-11-04_08-22-13-970-200x267.jpg 200w, https:\/\/www.liceulprometeuprotalent.md\/wp-content\/uploads\/2025\/11\/viber_image_2025-11-04_08-22-13-970-225x300.jpg 225w, https:\/\/www.liceulprometeuprotalent.md\/wp-content\/uploads\/2025\/11\/viber_image_2025-11-04_08-22-13-970-400x533.jpg 400w, https:\/\/www.liceulprometeuprotalent.md\/wp-content\/uploads\/2025\/11\/viber_image_2025-11-04_08-22-13-970-600x800.jpg 600w, https:\/\/www.liceulprometeuprotalent.md\/wp-content\/uploads\/2025\/11\/viber_image_2025-11-04_08-22-13-970-768x1024.jpg 768w, https:\/\/www.liceulprometeuprotalent.md\/wp-content\/uploads\/2025\/11\/viber_image_2025-11-04_08-22-13-970-800x1067.jpg 800w, https:\/\/www.liceulprometeuprotalent.md\/wp-content\/uploads\/2025\/11\/viber_image_2025-11-04_08-22-13-970-1152x1536.jpg 1152w, https:\/\/www.liceulprometeuprotalent.md\/wp-content\/uploads\/2025\/11\/viber_image_2025-11-04_08-22-13-970.jpg 1200w\" sizes=\"(max-width: 400px) 100vw, 400px\" \/><img decoding=\"async\" class=\"alignnone wp-image-9129 size-fusion-400\" src=\"https:\/\/www.liceulprometeuprotalent.md\/wp-content\/uploads\/2025\/11\/viber_image_2025-11-04_08-22-14-032-400x533.jpg\" alt=\"\" width=\"400\" height=\"533\" srcset=\"https:\/\/www.liceulprometeuprotalent.md\/wp-content\/uploads\/2025\/11\/viber_image_2025-11-04_08-22-14-032-200x267.jpg 200w, https:\/\/www.liceulprometeuprotalent.md\/wp-content\/uploads\/2025\/11\/viber_image_2025-11-04_08-22-14-032-225x300.jpg 225w, https:\/\/www.liceulprometeuprotalent.md\/wp-content\/uploads\/2025\/11\/viber_image_2025-11-04_08-22-14-032-400x533.jpg 400w, https:\/\/www.liceulprometeuprotalent.md\/wp-content\/uploads\/2025\/11\/viber_image_2025-11-04_08-22-14-032-600x800.jpg 600w, https:\/\/www.liceulprometeuprotalent.md\/wp-content\/uploads\/2025\/11\/viber_image_2025-11-04_08-22-14-032-768x1024.jpg 768w, https:\/\/www.liceulprometeuprotalent.md\/wp-content\/uploads\/2025\/11\/viber_image_2025-11-04_08-22-14-032-800x1067.jpg 800w, https:\/\/www.liceulprometeuprotalent.md\/wp-content\/uploads\/2025\/11\/viber_image_2025-11-04_08-22-14-032-1152x1536.jpg 1152w, https:\/\/www.liceulprometeuprotalent.md\/wp-content\/uploads\/2025\/11\/viber_image_2025-11-04_08-22-14-032.jpg 1200w\" sizes=\"(max-width: 400px) 100vw, 400px\" \/><\/p>\n<p><img decoding=\"async\" class=\"alignnone wp-image-9125 size-fusion-400\" src=\"https:\/\/www.liceulprometeuprotalent.md\/wp-content\/uploads\/2025\/11\/viber_image_2025-11-04_08-22-13-885-400x487.jpg\" alt=\"\" width=\"400\" height=\"487\" srcset=\"https:\/\/www.liceulprometeuprotalent.md\/wp-content\/uploads\/2025\/11\/viber_image_2025-11-04_08-22-13-885-200x243.jpg 200w, https:\/\/www.liceulprometeuprotalent.md\/wp-content\/uploads\/2025\/11\/viber_image_2025-11-04_08-22-13-885-247x300.jpg 247w, https:\/\/www.liceulprometeuprotalent.md\/wp-content\/uploads\/2025\/11\/viber_image_2025-11-04_08-22-13-885-400x487.jpg 400w, https:\/\/www.liceulprometeuprotalent.md\/wp-content\/uploads\/2025\/11\/viber_image_2025-11-04_08-22-13-885-600x730.jpg 600w, https:\/\/www.liceulprometeuprotalent.md\/wp-content\/uploads\/2025\/11\/viber_image_2025-11-04_08-22-13-885-768x934.jpg 768w, https:\/\/www.liceulprometeuprotalent.md\/wp-content\/uploads\/2025\/11\/viber_image_2025-11-04_08-22-13-885-800x973.jpg 800w, https:\/\/www.liceulprometeuprotalent.md\/wp-content\/uploads\/2025\/11\/viber_image_2025-11-04_08-22-13-885-842x1024.jpg 842w, https:\/\/www.liceulprometeuprotalent.md\/wp-content\/uploads\/2025\/11\/viber_image_2025-11-04_08-22-13-885-1200x1460.jpg 1200w, https:\/\/www.liceulprometeuprotalent.md\/wp-content\/uploads\/2025\/11\/viber_image_2025-11-04_08-22-13-885-1262x1536.jpg 1262w, https:\/\/www.liceulprometeuprotalent.md\/wp-content\/uploads\/2025\/11\/viber_image_2025-11-04_08-22-13-885.jpg 1315w\" sizes=\"(max-width: 400px) 100vw, 400px\" \/><img decoding=\"async\" class=\"alignnone wp-image-9130 size-fusion-400\" src=\"https:\/\/www.liceulprometeuprotalent.md\/wp-content\/uploads\/2025\/11\/viber_image_2025-11-04_08-22-43-706-400x332.jpg\" alt=\"\" width=\"400\" height=\"332\" srcset=\"https:\/\/www.liceulprometeuprotalent.md\/wp-content\/uploads\/2025\/11\/viber_image_2025-11-04_08-22-43-706-200x166.jpg 200w, https:\/\/www.liceulprometeuprotalent.md\/wp-content\/uploads\/2025\/11\/viber_image_2025-11-04_08-22-43-706-300x249.jpg 300w, https:\/\/www.liceulprometeuprotalent.md\/wp-content\/uploads\/2025\/11\/viber_image_2025-11-04_08-22-43-706-400x332.jpg 400w, https:\/\/www.liceulprometeuprotalent.md\/wp-content\/uploads\/2025\/11\/viber_image_2025-11-04_08-22-43-706-600x498.jpg 600w, https:\/\/www.liceulprometeuprotalent.md\/wp-content\/uploads\/2025\/11\/viber_image_2025-11-04_08-22-43-706-768x638.jpg 768w, https:\/\/www.liceulprometeuprotalent.md\/wp-content\/uploads\/2025\/11\/viber_image_2025-11-04_08-22-43-706-800x665.jpg 800w, https:\/\/www.liceulprometeuprotalent.md\/wp-content\/uploads\/2025\/11\/viber_image_2025-11-04_08-22-43-706-1024x851.jpg 1024w, https:\/\/www.liceulprometeuprotalent.md\/wp-content\/uploads\/2025\/11\/viber_image_2025-11-04_08-22-43-706-1200x997.jpg 1200w, https:\/\/www.liceulprometeuprotalent.md\/wp-content\/uploads\/2025\/11\/viber_image_2025-11-04_08-22-43-706-1536x1276.jpg 1536w, https:\/\/www.liceulprometeuprotalent.md\/wp-content\/uploads\/2025\/11\/viber_image_2025-11-04_08-22-43-706.jpg 1600w\" sizes=\"(max-width: 400px) 100vw, 400px\" \/><\/p>\n","protected":false},"excerpt":{"rendered":"<p>Discipolii doamnei Anna Manea, profesoar\u0103 de educa\u021bie tehnologic\u0103, grad didactic II, de la Liceul de Creativitate \u0219i Inventic\u0103 \u201ePrometeu-Protalent\u201d au ob\u021binut premii dintre cele mai frumoase la Concursul municipal de art\u0103 decorativ\u0103 \u201eMagia c\u0103r\u021bii transformate\u201d, care a avut loc pe data de 23 octombrie 2025. Concursul s-a desf\u0103\u0219urat \u00een dou\u0103 etape \u2013 local\u0103 \u0219i municipal\u0103 [&hellip;]<\/p>\n","protected":false},"author":1,"featured_media":9130,"comment_status":"open","ping_status":"open","sticky":false,"template":"","format":"standard","meta":{"_price":"","_stock":"","_tribe_ticket_header":"","_tribe_default_ticket_provider":"","_tribe_ticket_capacity":"0","_ticket_start_date":"","_ticket_end_date":"","_tribe_ticket_show_description":"","_tribe_ticket_show_not_going":false,"_tribe_ticket_use_global_stock":"","_tribe_ticket_global_stock_level":"","_global_stock_mode":"","_global_stock_cap":"","_tribe_rsvp_for_event":"","_tribe_ticket_going_count":"","_tribe_ticket_not_going_count":"","_tribe_tickets_list":"[]","_tribe_ticket_has_attendee_info_fields":false,"footnotes":""},"categories":[89,80,1],"tags":[],"class_list":["post-9124","post","type-post","status-publish","format-standard","has-post-thumbnail","hentry","category-blog","category-toate-categoriile","category-uncategorized"],"_links":{"self":[{"href":"https:\/\/www.liceulprometeuprotalent.md\/index.php?rest_route=\/wp\/v2\/posts\/9124","targetHints":{"allow":["GET"]}}],"collection":[{"href":"https:\/\/www.liceulprometeuprotalent.md\/index.php?rest_route=\/wp\/v2\/posts"}],"about":[{"href":"https:\/\/www.liceulprometeuprotalent.md\/index.php?rest_route=\/wp\/v2\/types\/post"}],"author":[{"embeddable":true,"href":"https:\/\/www.liceulprometeuprotalent.md\/index.php?rest_route=\/wp\/v2\/users\/1"}],"replies":[{"embeddable":true,"href":"https:\/\/www.liceulprometeuprotalent.md\/index.php?rest_route=%2Fwp%2Fv2%2Fcomments&post=9124"}],"version-history":[{"count":1,"href":"https:\/\/www.liceulprometeuprotalent.md\/index.php?rest_route=\/wp\/v2\/posts\/9124\/revisions"}],"predecessor-version":[{"id":9131,"href":"https:\/\/www.liceulprometeuprotalent.md\/index.php?rest_route=\/wp\/v2\/posts\/9124\/revisions\/9131"}],"wp:featuredmedia":[{"embeddable":true,"href":"https:\/\/www.liceulprometeuprotalent.md\/index.php?rest_route=\/wp\/v2\/media\/9130"}],"wp:attachment":[{"href":"https:\/\/www.liceulprometeuprotalent.md\/index.php?rest_route=%2Fwp%2Fv2%2Fmedia&parent=9124"}],"wp:term":[{"taxonomy":"category","embeddable":true,"href":"https:\/\/www.liceulprometeuprotalent.md\/index.php?rest_route=%2Fwp%2Fv2%2Fcategories&post=9124"},{"taxonomy":"post_tag","embeddable":true,"href":"https:\/\/www.liceulprometeuprotalent.md\/index.php?rest_route=%2Fwp%2Fv2%2Ftags&post=9124"}],"curies":[{"name":"wp","href":"https:\/\/api.w.org\/{rel}","templated":true}]}}