{"id":9133,"date":"2025-11-11T12:56:45","date_gmt":"2025-11-11T12:56:45","guid":{"rendered":"https:\/\/www.liceulprometeuprotalent.md\/?p=9133"},"modified":"2025-11-11T12:56:45","modified_gmt":"2025-11-11T12:56:45","slug":"in-pas-cu-dezvoltarea-tehnologica","status":"publish","type":"post","link":"https:\/\/www.liceulprometeuprotalent.md\/?p=9133","title":{"rendered":"\u00cen pas cu dezvoltarea tehnologic\u0103"},"content":{"rendered":"<p>Zece profesori de limba englez\u0103 \u0219i limba francez\u0103 de la Liceul de Creativitate \u0219i Inventic\u0103 \u201ePrometeu-Protalent\u201d au participat la Conferin\u021ba Interna\u021bional\u0103 \u201e\u00cenv\u0103\u021barea interconectat\u0103 \u0219i predarea limbilor str\u0103ine \u00eentr-o lume cu form\u0103 de IA&#8221;, care a avut loc la Ia\u0219i, Rom\u00e2nia, \u00een perioada 5-9 noiembrie 2025.<\/p>\n<p>Conferin\u021ba a fost dedicat\u0103 explor\u0103rii modului \u00een care inteligen\u021ba artificial\u0103 transform\u0103 \u00eenv\u0103\u021barea \u0219i predarea limbilor str\u0103ine, devenind o oportunitate perfect\u0103 de a face schimb de idei, de a descoperi inova\u021bii \u0219i de a modela viitorul educa\u021biei lingvistice \u00een era inteligen\u021bei artificiale.<\/p>\n<p>Evenimentul, ajuns la a II-a edi\u021bie, a reunit peste 200 de exper\u021bi interna\u021bionali de renume, educatori, cercet\u0103tori \u0219i profesioni\u0219ti din industria lingvistic\u0103 pentru un program inspirat de sesiuni \u0219tiin\u021bifice, ateliere interactive \u0219i mese rotunde. \u00cen cadrul activit\u0103\u021bilor s-a luat \u00een dezbatere rolul limbilor str\u0103ine \u00eentr-o lume aflat\u0103 sub influen\u021ba inteligen\u021bei artificiale, fiind abordate teme precum utilizarea tehnologiilor IA \u00een educa\u021bie, adaptarea metodelor de predare \u0219i evaluare, dezvoltarea competen\u021belor interculturale \u0219i promovarea unei \u00eenv\u0103\u021b\u0103ri conectate \u0219i etice.<\/p>\n<p>\u00cen dezbateri s-au implicat cu mult\u0103 pasiune \u0219i inspira\u021bie \u0219i profesorii no\u0219tri, f\u0103c\u00e2ndu-\u0219i publice viziunile proprii asupra tematicii pus\u0103 \u00een discu\u021bie, iar impresiile domniilor lor de la acest minunat eveniment nu au \u00eent\u00e2rziat s\u0103 apar\u0103:<\/p>\n<p>\u201eAteliere, discu\u021bii, schimb de bune practici. Educa\u021bie \u0219i cultur\u0103, un tandem de valoare\u201d \u2013 doamna Silvia Voroniuc, profesoar\u0103 de limba francez\u0103, grad didactic superior.<\/p>\n<p><strong>\u201e<\/strong>\u00cenv\u0103\u021barea interconectat\u0103 \u0219i predarea limbilor str\u0103ine \u00eentr-o lume cu form\u0103 de IA. Echipa noastr\u0103 a fost deosebit de \u00eenc\u00e2ntat\u0103 s\u0103 fac\u0103 parte din aceast\u0103 comunitate!\u201d \u2013 doamna Natalia Dubencu, profesoar\u0103 de limba englez\u0103.<\/p>\n<p>\u201eSuntem m\u00e2ndri c\u0103 am luat parte la aceast\u0103 Conferin\u021b\u0103. \u00cempreun\u0103 cu directoarele noastre doamna Larisa Silvestru, doamna Zinaida V\u00eerlan \u0219i profesorii de limb\u0103 englez\u0103 \u0219i de limb\u0103 francez\u0103, am explorat noi modalit\u0103\u021bi de a preda \u0219i \u00eenv\u0103\u021ba \u00een era IA\u201d \u2013 Nelly-Neonela Portas, profesoar\u0103 de limba englez\u0103.<\/p>\n<p>\u00centreag\u0103 echip\u0103 de profesori \u0219i-au exprimat recuno\u0219tin\u021ba \u0219i au mul\u021bumit domnului Aurelian Silvestru, director-fondator al Liceului \u201ePrometeu-Protalent\u201d pentru frumoasa ocazie de a participa la acest for \u0219tiin\u021bific deosebit de util, inclusiv pentru suportul permanent c\u00e2nd e vorba de formarea continu\u0103 a cadrelor didactice ale institu\u021biei.<\/p>\n<p>Mul\u021bumiri cordiale exprim\u0103m organizatorilor pentru desf\u0103\u0219urarea impecabil\u0103 a evenimentului, inclusiv pentru generoasa invita\u021bie de a ne afla \u00een compania unor prestigio\u0219i exper\u021bi interna\u021bionali, care ne-au \u00eemp\u0103rt\u0103\u0219it din vasta \u0219i valoroasa lor experien\u021b\u0103.<\/p>\n<p><strong>\u00a0<\/strong><\/p>\n<p style=\"text-align: center;\"><strong>Nota bene<\/strong>: Conferin\u021ba interna\u021bional\u0103 \u201e\u00cenv\u0103\u021barea interconectat\u0103 \u0219i predarea limbilor str\u0103ine \u00eentr-o lume cu form\u0103 de IA&#8221;,, edi\u021bia a II-a, 2025, este un proiect comun al celor cinci universit\u0103\u021bi de stat din Ia\u0219i. Evenimentul a fost organizat de Asocia\u021bia ILT de Limbi Str\u0103ine, \u00een parteneriat cu Universitatea \u201eAlexandru Ioan Cuza\u201d, Universitatea de Medicin\u0103 \u0219i Farmacie \u201eGrigore T. Popa\u201d, Universitatea de \u0218tiin\u021bele Vie\u021bii \u201eIon Ionescu de la Brad\u201d, Universitatea Tehnic\u0103 \u201eGheorghe Asachi\u201d \u0219i Universitatea Na\u021bional\u0103 de Arte \u201eGeorge Enescu\u201d.<br \/>\nPrintre partenerii Conferin\u021bei se num\u0103r\u0103 Prim\u0103ria Municipiului Ia\u0219i, Inspectoratul \u0218colar Jude\u021bean Ia\u0219i, British Council, DAAD, Goethe-Institut Bukarest, Centrul Cultural German Ia\u0219i, UniCredit, Conduent, Nuvei, Lektor \u0219i ISS Edu.<\/p>\n<p><img decoding=\"async\" class=\"alignnone wp-image-9134 size-fusion-400\" src=\"https:\/\/www.liceulprometeuprotalent.md\/wp-content\/uploads\/2025\/11\/576670709_1585096549532190_1558573546129015960_n-400x533.jpg\" alt=\"\" width=\"400\" height=\"533\" srcset=\"https:\/\/www.liceulprometeuprotalent.md\/wp-content\/uploads\/2025\/11\/576670709_1585096549532190_1558573546129015960_n-200x267.jpg 200w, https:\/\/www.liceulprometeuprotalent.md\/wp-content\/uploads\/2025\/11\/576670709_1585096549532190_1558573546129015960_n-225x300.jpg 225w, https:\/\/www.liceulprometeuprotalent.md\/wp-content\/uploads\/2025\/11\/576670709_1585096549532190_1558573546129015960_n-400x533.jpg 400w, https:\/\/www.liceulprometeuprotalent.md\/wp-content\/uploads\/2025\/11\/576670709_1585096549532190_1558573546129015960_n-600x800.jpg 600w, https:\/\/www.liceulprometeuprotalent.md\/wp-content\/uploads\/2025\/11\/576670709_1585096549532190_1558573546129015960_n-768x1024.jpg 768w, https:\/\/www.liceulprometeuprotalent.md\/wp-content\/uploads\/2025\/11\/576670709_1585096549532190_1558573546129015960_n-800x1067.jpg 800w, https:\/\/www.liceulprometeuprotalent.md\/wp-content\/uploads\/2025\/11\/576670709_1585096549532190_1558573546129015960_n-1152x1536.jpg 1152w, https:\/\/www.liceulprometeuprotalent.md\/wp-content\/uploads\/2025\/11\/576670709_1585096549532190_1558573546129015960_n-1200x1600.jpg 1200w, https:\/\/www.liceulprometeuprotalent.md\/wp-content\/uploads\/2025\/11\/576670709_1585096549532190_1558573546129015960_n.jpg 1500w\" sizes=\"(max-width: 400px) 100vw, 400px\" \/> \u00a0<img decoding=\"async\" class=\"alignnone wp-image-9136 size-fusion-400\" src=\"https:\/\/www.liceulprometeuprotalent.md\/wp-content\/uploads\/2025\/11\/577776599_1994522391401253_6486803271867845741_n-400x533.jpg\" alt=\"\" width=\"400\" height=\"533\" srcset=\"https:\/\/www.liceulprometeuprotalent.md\/wp-content\/uploads\/2025\/11\/577776599_1994522391401253_6486803271867845741_n-200x267.jpg 200w, https:\/\/www.liceulprometeuprotalent.md\/wp-content\/uploads\/2025\/11\/577776599_1994522391401253_6486803271867845741_n-225x300.jpg 225w, https:\/\/www.liceulprometeuprotalent.md\/wp-content\/uploads\/2025\/11\/577776599_1994522391401253_6486803271867845741_n-400x533.jpg 400w, https:\/\/www.liceulprometeuprotalent.md\/wp-content\/uploads\/2025\/11\/577776599_1994522391401253_6486803271867845741_n-600x800.jpg 600w, https:\/\/www.liceulprometeuprotalent.md\/wp-content\/uploads\/2025\/11\/577776599_1994522391401253_6486803271867845741_n-768x1024.jpg 768w, https:\/\/www.liceulprometeuprotalent.md\/wp-content\/uploads\/2025\/11\/577776599_1994522391401253_6486803271867845741_n-800x1067.jpg 800w, https:\/\/www.liceulprometeuprotalent.md\/wp-content\/uploads\/2025\/11\/577776599_1994522391401253_6486803271867845741_n-1152x1536.jpg 1152w, https:\/\/www.liceulprometeuprotalent.md\/wp-content\/uploads\/2025\/11\/577776599_1994522391401253_6486803271867845741_n.jpg 1200w\" sizes=\"(max-width: 400px) 100vw, 400px\" \/><\/p>\n<p><img decoding=\"async\" class=\"alignnone wp-image-9135 size-fusion-400\" src=\"https:\/\/www.liceulprometeuprotalent.md\/wp-content\/uploads\/2025\/11\/577045918_1994522328067926_5792981141723176278_n-400x300.jpg\" alt=\"\" width=\"400\" height=\"300\" srcset=\"https:\/\/www.liceulprometeuprotalent.md\/wp-content\/uploads\/2025\/11\/577045918_1994522328067926_5792981141723176278_n-200x150.jpg 200w, https:\/\/www.liceulprometeuprotalent.md\/wp-content\/uploads\/2025\/11\/577045918_1994522328067926_5792981141723176278_n-300x225.jpg 300w, https:\/\/www.liceulprometeuprotalent.md\/wp-content\/uploads\/2025\/11\/577045918_1994522328067926_5792981141723176278_n-400x300.jpg 400w, https:\/\/www.liceulprometeuprotalent.md\/wp-content\/uploads\/2025\/11\/577045918_1994522328067926_5792981141723176278_n-600x450.jpg 600w, https:\/\/www.liceulprometeuprotalent.md\/wp-content\/uploads\/2025\/11\/577045918_1994522328067926_5792981141723176278_n-768x576.jpg 768w, https:\/\/www.liceulprometeuprotalent.md\/wp-content\/uploads\/2025\/11\/577045918_1994522328067926_5792981141723176278_n-800x600.jpg 800w, https:\/\/www.liceulprometeuprotalent.md\/wp-content\/uploads\/2025\/11\/577045918_1994522328067926_5792981141723176278_n-1024x768.jpg 1024w, https:\/\/www.liceulprometeuprotalent.md\/wp-content\/uploads\/2025\/11\/577045918_1994522328067926_5792981141723176278_n-1200x900.jpg 1200w, https:\/\/www.liceulprometeuprotalent.md\/wp-content\/uploads\/2025\/11\/577045918_1994522328067926_5792981141723176278_n-1536x1152.jpg 1536w, https:\/\/www.liceulprometeuprotalent.md\/wp-content\/uploads\/2025\/11\/577045918_1994522328067926_5792981141723176278_n.jpg 1600w\" sizes=\"(max-width: 400px) 100vw, 400px\" \/> <img decoding=\"async\" class=\"alignnone wp-image-9137 size-fusion-400\" src=\"https:\/\/www.liceulprometeuprotalent.md\/wp-content\/uploads\/2025\/11\/577851017_1994522364734589_435523824249194076_n-400x300.jpg\" alt=\"\" width=\"400\" height=\"300\" srcset=\"https:\/\/www.liceulprometeuprotalent.md\/wp-content\/uploads\/2025\/11\/577851017_1994522364734589_435523824249194076_n-200x150.jpg 200w, https:\/\/www.liceulprometeuprotalent.md\/wp-content\/uploads\/2025\/11\/577851017_1994522364734589_435523824249194076_n-300x225.jpg 300w, https:\/\/www.liceulprometeuprotalent.md\/wp-content\/uploads\/2025\/11\/577851017_1994522364734589_435523824249194076_n-400x300.jpg 400w, https:\/\/www.liceulprometeuprotalent.md\/wp-content\/uploads\/2025\/11\/577851017_1994522364734589_435523824249194076_n-600x450.jpg 600w, https:\/\/www.liceulprometeuprotalent.md\/wp-content\/uploads\/2025\/11\/577851017_1994522364734589_435523824249194076_n-768x576.jpg 768w, https:\/\/www.liceulprometeuprotalent.md\/wp-content\/uploads\/2025\/11\/577851017_1994522364734589_435523824249194076_n-800x600.jpg 800w, https:\/\/www.liceulprometeuprotalent.md\/wp-content\/uploads\/2025\/11\/577851017_1994522364734589_435523824249194076_n-1024x768.jpg 1024w, https:\/\/www.liceulprometeuprotalent.md\/wp-content\/uploads\/2025\/11\/577851017_1994522364734589_435523824249194076_n-1200x900.jpg 1200w, https:\/\/www.liceulprometeuprotalent.md\/wp-content\/uploads\/2025\/11\/577851017_1994522364734589_435523824249194076_n-1536x1152.jpg 1536w, https:\/\/www.liceulprometeuprotalent.md\/wp-content\/uploads\/2025\/11\/577851017_1994522364734589_435523824249194076_n.jpg 1600w\" sizes=\"(max-width: 400px) 100vw, 400px\" \/><\/p>\n<p><img decoding=\"async\" class=\"alignnone wp-image-9138 size-fusion-400\" src=\"https:\/\/www.liceulprometeuprotalent.md\/wp-content\/uploads\/2025\/11\/577925779_25440857208832242_2434259570280137222_n-400x533.jpg\" alt=\"\" width=\"400\" height=\"533\" srcset=\"https:\/\/www.liceulprometeuprotalent.md\/wp-content\/uploads\/2025\/11\/577925779_25440857208832242_2434259570280137222_n-200x267.jpg 200w, https:\/\/www.liceulprometeuprotalent.md\/wp-content\/uploads\/2025\/11\/577925779_25440857208832242_2434259570280137222_n-225x300.jpg 225w, https:\/\/www.liceulprometeuprotalent.md\/wp-content\/uploads\/2025\/11\/577925779_25440857208832242_2434259570280137222_n-400x533.jpg 400w, https:\/\/www.liceulprometeuprotalent.md\/wp-content\/uploads\/2025\/11\/577925779_25440857208832242_2434259570280137222_n-600x800.jpg 600w, https:\/\/www.liceulprometeuprotalent.md\/wp-content\/uploads\/2025\/11\/577925779_25440857208832242_2434259570280137222_n-768x1024.jpg 768w, https:\/\/www.liceulprometeuprotalent.md\/wp-content\/uploads\/2025\/11\/577925779_25440857208832242_2434259570280137222_n-800x1067.jpg 800w, https:\/\/www.liceulprometeuprotalent.md\/wp-content\/uploads\/2025\/11\/577925779_25440857208832242_2434259570280137222_n-1152x1536.jpg 1152w, https:\/\/www.liceulprometeuprotalent.md\/wp-content\/uploads\/2025\/11\/577925779_25440857208832242_2434259570280137222_n.jpg 1200w\" sizes=\"(max-width: 400px) 100vw, 400px\" \/> <img decoding=\"async\" class=\"alignnone wp-image-9139 size-fusion-400\" src=\"https:\/\/www.liceulprometeuprotalent.md\/wp-content\/uploads\/2025\/11\/578961091_1994522454734580_4997094938054579651_n-400x533.jpg\" alt=\"\" width=\"400\" height=\"533\" srcset=\"https:\/\/www.liceulprometeuprotalent.md\/wp-content\/uploads\/2025\/11\/578961091_1994522454734580_4997094938054579651_n-200x267.jpg 200w, https:\/\/www.liceulprometeuprotalent.md\/wp-content\/uploads\/2025\/11\/578961091_1994522454734580_4997094938054579651_n-225x300.jpg 225w, https:\/\/www.liceulprometeuprotalent.md\/wp-content\/uploads\/2025\/11\/578961091_1994522454734580_4997094938054579651_n-400x533.jpg 400w, https:\/\/www.liceulprometeuprotalent.md\/wp-content\/uploads\/2025\/11\/578961091_1994522454734580_4997094938054579651_n-600x800.jpg 600w, https:\/\/www.liceulprometeuprotalent.md\/wp-content\/uploads\/2025\/11\/578961091_1994522454734580_4997094938054579651_n-768x1024.jpg 768w, https:\/\/www.liceulprometeuprotalent.md\/wp-content\/uploads\/2025\/11\/578961091_1994522454734580_4997094938054579651_n-800x1067.jpg 800w, https:\/\/www.liceulprometeuprotalent.md\/wp-content\/uploads\/2025\/11\/578961091_1994522454734580_4997094938054579651_n-1152x1536.jpg 1152w, https:\/\/www.liceulprometeuprotalent.md\/wp-content\/uploads\/2025\/11\/578961091_1994522454734580_4997094938054579651_n.jpg 1200w\" sizes=\"(max-width: 400px) 100vw, 400px\" \/><\/p>\n","protected":false},"excerpt":{"rendered":"<p>Zece profesori de limba englez\u0103 \u0219i limba francez\u0103 de la Liceul de Creativitate \u0219i Inventic\u0103 \u201ePrometeu-Protalent\u201d au participat la Conferin\u021ba Interna\u021bional\u0103 \u201e\u00cenv\u0103\u021barea interconectat\u0103 \u0219i predarea limbilor str\u0103ine \u00eentr-o lume cu form\u0103 de IA&#8221;, care a avut loc la Ia\u0219i, Rom\u00e2nia, \u00een perioada 5-9 noiembrie 2025. Conferin\u021ba a fost dedicat\u0103 explor\u0103rii modului \u00een care inteligen\u021ba artificial\u0103 [&hellip;]<\/p>\n","protected":false},"author":1,"featured_media":9137,"comment_status":"open","ping_status":"open","sticky":false,"template":"","format":"standard","meta":{"_price":"","_stock":"","_tribe_ticket_header":"","_tribe_default_ticket_provider":"","_tribe_ticket_capacity":"0","_ticket_start_date":"","_ticket_end_date":"","_tribe_ticket_show_description":"","_tribe_ticket_show_not_going":false,"_tribe_ticket_use_global_stock":"","_tribe_ticket_global_stock_level":"","_global_stock_mode":"","_global_stock_cap":"","_tribe_rsvp_for_event":"","_tribe_ticket_going_count":"","_tribe_ticket_not_going_count":"","_tribe_tickets_list":"[]","_tribe_ticket_has_attendee_info_fields":false,"footnotes":""},"categories":[89,80,1],"tags":[],"class_list":["post-9133","post","type-post","status-publish","format-standard","has-post-thumbnail","hentry","category-blog","category-toate-categoriile","category-uncategorized"],"_links":{"self":[{"href":"https:\/\/www.liceulprometeuprotalent.md\/index.php?rest_route=\/wp\/v2\/posts\/9133","targetHints":{"allow":["GET"]}}],"collection":[{"href":"https:\/\/www.liceulprometeuprotalent.md\/index.php?rest_route=\/wp\/v2\/posts"}],"about":[{"href":"https:\/\/www.liceulprometeuprotalent.md\/index.php?rest_route=\/wp\/v2\/types\/post"}],"author":[{"embeddable":true,"href":"https:\/\/www.liceulprometeuprotalent.md\/index.php?rest_route=\/wp\/v2\/users\/1"}],"replies":[{"embeddable":true,"href":"https:\/\/www.liceulprometeuprotalent.md\/index.php?rest_route=%2Fwp%2Fv2%2Fcomments&post=9133"}],"version-history":[{"count":1,"href":"https:\/\/www.liceulprometeuprotalent.md\/index.php?rest_route=\/wp\/v2\/posts\/9133\/revisions"}],"predecessor-version":[{"id":9140,"href":"https:\/\/www.liceulprometeuprotalent.md\/index.php?rest_route=\/wp\/v2\/posts\/9133\/revisions\/9140"}],"wp:featuredmedia":[{"embeddable":true,"href":"https:\/\/www.liceulprometeuprotalent.md\/index.php?rest_route=\/wp\/v2\/media\/9137"}],"wp:attachment":[{"href":"https:\/\/www.liceulprometeuprotalent.md\/index.php?rest_route=%2Fwp%2Fv2%2Fmedia&parent=9133"}],"wp:term":[{"taxonomy":"category","embeddable":true,"href":"https:\/\/www.liceulprometeuprotalent.md\/index.php?rest_route=%2Fwp%2Fv2%2Fcategories&post=9133"},{"taxonomy":"post_tag","embeddable":true,"href":"https:\/\/www.liceulprometeuprotalent.md\/index.php?rest_route=%2Fwp%2Fv2%2Ftags&post=9133"}],"curies":[{"name":"wp","href":"https:\/\/api.w.org\/{rel}","templated":true}]}}