{"id":9141,"date":"2025-11-14T16:53:02","date_gmt":"2025-11-14T16:53:02","guid":{"rendered":"https:\/\/www.liceulprometeuprotalent.md\/?p=9141"},"modified":"2025-11-15T10:55:59","modified_gmt":"2025-11-15T10:55:59","slug":"paola-francesca-bors-candidat-in-maestri-ai-sportului","status":"publish","type":"post","link":"https:\/\/www.liceulprometeuprotalent.md\/?p=9141","title":{"rendered":"Paola-Francesca Bor\u0219 \u2013 Candidat \u00een Mae\u0219tri ai Sportului"},"content":{"rendered":"<p>Paolei-Francesca Bor\u0219, eleva clasei a IX-a \u201eA\u201d (dirigint\u0103 doamna Natalia Rusica, profesoar\u0103 de limba \u0219i literatura rom\u00e2n\u0103, grad didactic superior) a Liceului de Creativitate \u0219i Inventic\u0103 \u201ePrometeu-Protalent\u201d i s-a conferit categoria sportiv\u0103 \u201eCandidat \u00een Mae\u0219tri ai Sportului\u201d pentru proba sportiv\u0103 \u201eGimnastic\u0103 Estetic\u0103 de Grup\u201d.<br \/>\nDistinc\u021bia, \u00een baza Ordinului semnat de domnul Dan Perciun, Ministru al Educa\u021biei \u0219i Cercet\u0103rii al Republicii Moldova, a fost emis\u0103 \u00een conformitate cu prevederile Regulamentului de acordare a titlurilor \u0219i categoriilor sportive \u00een domeniul culturii fizice \u0219i sportului pentru anii 2022-2025.<br \/>\nPrin aceast\u0103 onorabil\u0103 distinc\u021bie, Paolei-Francesca i se recunoa\u0219te \u0219i i se apreciaz\u0103 talentul, pasiunea \u0219i efortul depus la practicarea \u00eendelungat\u0103 a genului de sport \u201eGimnastica Estetic\u0103 de Grup\u201d.<br \/>\nFelicit\u0103ri, Paola-Francesca! \u00ce\u021bi dorim s\u0103 ob\u021bii cele mai \u00eenalte categorii \u0219i titluri care exist\u0103 \u00een lumea sportului.<br \/>\nFelicit\u0103ri, p\u0103rin\u021bilor \u0219i doamnei diriginte Natalia Rusica! Ne bucur\u0103m mult pentru frumoasele succese ale Paolei-Francesca. Mul\u021bumim pentru clipele minunate pe care le tr\u0103im al\u0103turi de Dumneavoastr\u0103 la fiecare victorie a elevei noastre.<\/p>\n<p><img decoding=\"async\" class=\"alignnone size-full wp-image-9142\" src=\"https:\/\/www.liceulprometeuprotalent.md\/wp-content\/uploads\/2025\/11\/viber_image_2025-11-13_19-38-20-871.jpg\" alt=\"\" width=\"640\" height=\"854\" srcset=\"https:\/\/www.liceulprometeuprotalent.md\/wp-content\/uploads\/2025\/11\/viber_image_2025-11-13_19-38-20-871-200x267.jpg 200w, https:\/\/www.liceulprometeuprotalent.md\/wp-content\/uploads\/2025\/11\/viber_image_2025-11-13_19-38-20-871-225x300.jpg 225w, https:\/\/www.liceulprometeuprotalent.md\/wp-content\/uploads\/2025\/11\/viber_image_2025-11-13_19-38-20-871-400x534.jpg 400w, https:\/\/www.liceulprometeuprotalent.md\/wp-content\/uploads\/2025\/11\/viber_image_2025-11-13_19-38-20-871-600x801.jpg 600w, https:\/\/www.liceulprometeuprotalent.md\/wp-content\/uploads\/2025\/11\/viber_image_2025-11-13_19-38-20-871.jpg 640w\" sizes=\"(max-width: 640px) 100vw, 640px\" \/> <img decoding=\"async\" class=\"alignnone size-full wp-image-9143\" src=\"https:\/\/www.liceulprometeuprotalent.md\/wp-content\/uploads\/2025\/11\/viber_image_2025-11-13_19-38-20-124.jpg\" alt=\"\" width=\"640\" height=\"854\" srcset=\"https:\/\/www.liceulprometeuprotalent.md\/wp-content\/uploads\/2025\/11\/viber_image_2025-11-13_19-38-20-124-200x267.jpg 200w, https:\/\/www.liceulprometeuprotalent.md\/wp-content\/uploads\/2025\/11\/viber_image_2025-11-13_19-38-20-124-225x300.jpg 225w, https:\/\/www.liceulprometeuprotalent.md\/wp-content\/uploads\/2025\/11\/viber_image_2025-11-13_19-38-20-124-400x534.jpg 400w, https:\/\/www.liceulprometeuprotalent.md\/wp-content\/uploads\/2025\/11\/viber_image_2025-11-13_19-38-20-124-600x801.jpg 600w, https:\/\/www.liceulprometeuprotalent.md\/wp-content\/uploads\/2025\/11\/viber_image_2025-11-13_19-38-20-124.jpg 640w\" sizes=\"(max-width: 640px) 100vw, 640px\" \/> <img decoding=\"async\" class=\"alignnone size-full wp-image-9144\" src=\"https:\/\/www.liceulprometeuprotalent.md\/wp-content\/uploads\/2025\/11\/viber_image_2025-11-13_19-38-19-701.jpg\" alt=\"\" width=\"480\" height=\"854\" srcset=\"https:\/\/www.liceulprometeuprotalent.md\/wp-content\/uploads\/2025\/11\/viber_image_2025-11-13_19-38-19-701-169x300.jpg 169w, https:\/\/www.liceulprometeuprotalent.md\/wp-content\/uploads\/2025\/11\/viber_image_2025-11-13_19-38-19-701-200x356.jpg 200w, https:\/\/www.liceulprometeuprotalent.md\/wp-content\/uploads\/2025\/11\/viber_image_2025-11-13_19-38-19-701-400x712.jpg 400w, https:\/\/www.liceulprometeuprotalent.md\/wp-content\/uploads\/2025\/11\/viber_image_2025-11-13_19-38-19-701.jpg 480w\" sizes=\"(max-width: 480px) 100vw, 480px\" \/><\/p>\n","protected":false},"excerpt":{"rendered":"<p>Paolei-Francesca Bor\u0219, eleva clasei a IX-a \u201eA\u201d (dirigint\u0103 doamna Natalia Rusica, profesoar\u0103 de limba \u0219i literatura rom\u00e2n\u0103, grad didactic superior) a Liceului de Creativitate \u0219i Inventic\u0103 \u201ePrometeu-Protalent\u201d i s-a conferit categoria sportiv\u0103 \u201eCandidat \u00een Mae\u0219tri ai Sportului\u201d pentru proba sportiv\u0103 \u201eGimnastic\u0103 Estetic\u0103 de Grup\u201d. Distinc\u021bia, \u00een baza Ordinului semnat de domnul Dan Perciun, Ministru al [&hellip;]<\/p>\n","protected":false},"author":1,"featured_media":9143,"comment_status":"open","ping_status":"open","sticky":false,"template":"","format":"standard","meta":{"_price":"","_stock":"","_tribe_ticket_header":"","_tribe_default_ticket_provider":"","_tribe_ticket_capacity":"0","_ticket_start_date":"","_ticket_end_date":"","_tribe_ticket_show_description":"","_tribe_ticket_show_not_going":false,"_tribe_ticket_use_global_stock":"","_tribe_ticket_global_stock_level":"","_global_stock_mode":"","_global_stock_cap":"","_tribe_rsvp_for_event":"","_tribe_ticket_going_count":"","_tribe_ticket_not_going_count":"","_tribe_tickets_list":"[]","_tribe_ticket_has_attendee_info_fields":false,"footnotes":""},"categories":[1],"tags":[],"class_list":["post-9141","post","type-post","status-publish","format-standard","has-post-thumbnail","hentry","category-uncategorized"],"_links":{"self":[{"href":"https:\/\/www.liceulprometeuprotalent.md\/index.php?rest_route=\/wp\/v2\/posts\/9141","targetHints":{"allow":["GET"]}}],"collection":[{"href":"https:\/\/www.liceulprometeuprotalent.md\/index.php?rest_route=\/wp\/v2\/posts"}],"about":[{"href":"https:\/\/www.liceulprometeuprotalent.md\/index.php?rest_route=\/wp\/v2\/types\/post"}],"author":[{"embeddable":true,"href":"https:\/\/www.liceulprometeuprotalent.md\/index.php?rest_route=\/wp\/v2\/users\/1"}],"replies":[{"embeddable":true,"href":"https:\/\/www.liceulprometeuprotalent.md\/index.php?rest_route=%2Fwp%2Fv2%2Fcomments&post=9141"}],"version-history":[{"count":1,"href":"https:\/\/www.liceulprometeuprotalent.md\/index.php?rest_route=\/wp\/v2\/posts\/9141\/revisions"}],"predecessor-version":[{"id":9145,"href":"https:\/\/www.liceulprometeuprotalent.md\/index.php?rest_route=\/wp\/v2\/posts\/9141\/revisions\/9145"}],"wp:featuredmedia":[{"embeddable":true,"href":"https:\/\/www.liceulprometeuprotalent.md\/index.php?rest_route=\/wp\/v2\/media\/9143"}],"wp:attachment":[{"href":"https:\/\/www.liceulprometeuprotalent.md\/index.php?rest_route=%2Fwp%2Fv2%2Fmedia&parent=9141"}],"wp:term":[{"taxonomy":"category","embeddable":true,"href":"https:\/\/www.liceulprometeuprotalent.md\/index.php?rest_route=%2Fwp%2Fv2%2Fcategories&post=9141"},{"taxonomy":"post_tag","embeddable":true,"href":"https:\/\/www.liceulprometeuprotalent.md\/index.php?rest_route=%2Fwp%2Fv2%2Ftags&post=9141"}],"curies":[{"name":"wp","href":"https:\/\/api.w.org\/{rel}","templated":true}]}}